{"id":69398,"date":"2026-03-08T22:56:42","date_gmt":"2026-03-08T22:56:42","guid":{"rendered":"https:\/\/immo.lecourrier.es\/index.php\/2026\/03\/08\/fitur-2023-les-evenements-a-ne-pas-manquer-avant-et-pendant-le-salon-2\/"},"modified":"2026-04-25T06:12:58","modified_gmt":"2026-04-25T06:12:58","slug":"fitur-2023-les-evenements-a-ne-pas-manquer-avant-et-pendant-le-salon-2","status":"publish","type":"post","link":"https:\/\/immo.lecourrier.es\/index.php\/2026\/03\/08\/fitur-2023-les-evenements-a-ne-pas-manquer-avant-et-pendant-le-salon-2\/","title":{"rendered":"Fitur 2023 : les \u00e9v\u00e9nements \u00e0 ne pas manquer, avant et pendant le salon"},"content":{"rendered":"<p><span dir=\"auto\" style=\"vertical-align: inherit\"><span dir=\"auto\" style=\"vertical-align: inherit\"><\/p>\n<p><em>Une semaine de sommets, forums, tables rondes, remises de prix et c\u00e9l\u00e9brations<\/em><\/p>\n<p>Le Salon international du tourisme (Fitur) revient en 2023 pour se tenir cette semaine dans toute sa splendeur. Et bien que le calendrier officiel du salon soit du 18 au 22 janvier, \u00e0 partir d&#8217;aujourd&#8217;hui, lundi 16, il y a des activit\u00e9s ext\u00e9rieures li\u00e9es d&#8217;une mani\u00e8re ou d&#8217;une autre au grand \u00e9v\u00e9nement. Nous pr\u00e9sentons un bref calendrier de ce qu&#8217;il ne faut pas manquer au cours des prochains jours, tant \u00e0 l&#8217;int\u00e9rieur qu&#8217;\u00e0 l&#8217;ext\u00e9rieur des locaux d&#8217;Ifema Madrid.<\/p>\n<p><strong>Lundi 16 janvier<\/strong><\/p>\n<ul class=\"wp-block-list\">\n<li>Hotusa Explora:  IXe Forum de l&#8217;innovation touristique \u00e0 09h30 \u00e0 l&#8217;Eurostars Madrid Tower<\/li>\n<li>Le sommet des investisseurs h\u00f4teliers de l&#8217;oc\u00e9an Atlantique (AOHIS) \u00e0 09h au NH Collection Madrid Eurobuilding (suite mardi 17)<\/li>\n<\/ul>\n<p><strong>Mardi 17 janvier<\/strong><\/p>\n<ul class=\"wp-block-list\">\n<li>III Forum espagnol Host-In Hotel Investment \u00e0 09h30 \u00e0 l&#8217;Eurostars Tour de Madrid<\/li>\n<li>VI Sommet de l&#8217;innovation du voyage: le moment est venu &#8211; \u00e0 16h \u00e0 l&#8217;H\u00f4tel Meli\u00e1 Castilla, salles de tapisseries.<\/li>\n<li>La nuit de l&#8217;agent de voyage \u00e0 19h15 \u00e0 l&#8217;H\u00f4tel Riu Plaza Espa\u00f1a<\/li>\n<\/ul>\n<p><strong>Mercredi 18 janvier<\/strong><\/p>\n<ul class=\"wp-block-list\">\n<li>Inauguration officielle du Fitur avec l&#8217;aide de SS.MM &#8211; Les rois &#8211; \u00e0 10h30 \u00e0 la porte nord du parc des expositions<\/li>\n<li>Fitur Techy &#8211; &#8216;Voyage au centre du tourisme&#8217; au Fitur, pavillon 10B (continue les 19 et 20 janvier)<\/li>\n<li>Rencontrez l&#8217;Ukraine: au Fitur, stand 4A41 (toute la foire)<\/li>\n<li>Table ronde H\u00f4tels: \u00e0 12 heures au Fitur, stand 3C05 (Soltour Travel Partners)<\/li>\n<li>Pourparlers Sercotel: \u00e0 11h au Fitur, stand 10C07. Ils se poursuivent jeudi 19 \u00e0 12h30.<\/li>\n<li>Pr\u00e9sentation manifeste contre RD 933\/2021: \u00e0 13h00 au Fitur, stand 817A (CEAV).<\/li>\n<li>Prix \u200b\u200bHermestur: Mercedes Tejero, responsable CEAV &#8211; \u00e0 17h00 au Fitur, pavillon &#8211;  stand \u00e0 Madrid<\/li>\n<li>Table ronde &#8216;Transition vers un tourisme intelligent&#8217;: \u00e0 17h30 au Fitur, stand 9C02 (Turespa\u00f1a)<\/li>\n<li>I Prix Biosph\u00e8re: \u00e0 18h au Fitur, stand 10B01<\/li>\n<\/ul>\n<p><strong>Jeudi 19 janvier<\/strong><\/p>\n<ul class=\"wp-block-list\">\n<li>Table ronde Agences de voyages: \u00e0 10h au Fitur, stand 3C05 (Soltour Travel Partners)<\/li>\n<li>Pr\u00e9sentation des &#8216;Plus belles villes d&#8217;Espagne 2023&#8217;: \u00e0 10h30 au Fitur, stand 9C02 (Turespa\u00f1a)<\/li>\n<li>Table ronde Turoperation: \u00e0 11h au Fitur, stand 3C05 (Soltour Travel Partners)<\/li>\n<li>Prix \u200b\u200b\u200b\u200bde la personnalit\u00e9 touristique Hosteltur 2022&nbsp;: Javier \u00c1guila Llorens, pr\u00e9sident de Hyatt pour la r\u00e9gion EMEA &#8211; \u00e0 11h30 du matin au Fitur, stand 10F28<\/li>\n<li>Table de discussion &#8216;L&#8217;avenir de la distribution h\u00f4teli\u00e8re&#8217;: \u00e0 12 heures au Fitur, stand 8D26 (Hotelverse)<\/li>\n<li>Table ronde compagnies a\u00e9riennes: \u00e0 12 heures au Fitur, stand 3C05 (Soltour Travel Partners)<\/li>\n<li>S\u00e9minaire &#8216;R\u00e9ouverture du march\u00e9 chinois&#8217;: \u00e0 17h30 au Fitur, stand 9C02 (Turespa\u00f1a)<\/li>\n<\/ul>\n<p><strong>Vendredi 20 janvier<\/strong><\/p>\n<ul class=\"wp-block-list\">\n<li>Fitur Croisi\u00e8res: \u00e0 10h au Fitur, Hall 10. Continue jusqu&#8217;au dimanche 22.<\/li>\n<li>Pr\u00e9sentation &#8216;Projets Minist\u00e8re de l&#8217;Industrie, du Commerce et du Tourisme&#8217;: \u00e0 10h30 au Fitur, stand 9C02 (Turespa\u00f1a)<\/li>\n<li>&#8216;Les d\u00e9fis du tourisme en 2023: entretien avec Encarna Pi\u00f1ero et Gabriel Escarrer&#8217; &#8211; \u00e0 11h au Fitur, stand 3C05 (Soltour Travel Partners)<\/li>\n<li>Pr\u00e9sentation de la s\u00e9rie t\u00e9l\u00e9vis\u00e9e de voyage &#8216;This is Spain&#8217;, produite par Turespa\u00f1a et RTVE: \u00e0 13h00 au Fitur, stand 9C02 (Turespa\u00f1a)<\/li>\n<li>Table ronde r\u00e9seaux sociaux: \u00e0 13h00 au Fitur, stand 3C05 (Soltour Travel Partners)<\/li>\n<\/ul>\n<p><\/span><\/span><\/p>\n","protected":false},"excerpt":{"rendered":"<p>Une semaine de sommets, forums, tables rondes, remises de prix et c\u00e9l\u00e9brations Le Salon international du tourisme (Fitur) revient en 2023 pour se tenir cette semaine dans toute sa splendeur. Et bien que le calendrier officiel du salon soit du 18 au 22 janvier, \u00e0 partir d&#8217;aujourd&#8217;hui, lundi 16, il y a des activit\u00e9s ext\u00e9rieures [&hellip;]<\/p>\n","protected":false},"author":13,"featured_media":25159,"comment_status":"open","ping_status":"closed","sticky":false,"template":"","format":"standard","meta":{"om_disable_all_campaigns":false,"_monsterinsights_skip_tracking":false,"_monsterinsights_sitenote_active":false,"_monsterinsights_sitenote_note":"","_monsterinsights_sitenote_category":0,"_uf_show_specific_survey":0,"_uf_disable_surveys":false,"footnotes":""},"categories":[212,4440],"tags":[],"class_list":["post-69398","post","type-post","status-publish","format-standard","has-post-thumbnail","hentry","category-breaking-news","category-networking"],"acf":[],"_links":{"self":[{"href":"https:\/\/immo.lecourrier.es\/index.php\/wp-json\/wp\/v2\/posts\/69398","targetHints":{"allow":["GET"]}}],"collection":[{"href":"https:\/\/immo.lecourrier.es\/index.php\/wp-json\/wp\/v2\/posts"}],"about":[{"href":"https:\/\/immo.lecourrier.es\/index.php\/wp-json\/wp\/v2\/types\/post"}],"author":[{"embeddable":true,"href":"https:\/\/immo.lecourrier.es\/index.php\/wp-json\/wp\/v2\/users\/13"}],"replies":[{"embeddable":true,"href":"https:\/\/immo.lecourrier.es\/index.php\/wp-json\/wp\/v2\/comments?post=69398"}],"version-history":[{"count":0,"href":"https:\/\/immo.lecourrier.es\/index.php\/wp-json\/wp\/v2\/posts\/69398\/revisions"}],"wp:featuredmedia":[{"embeddable":true,"href":"https:\/\/immo.lecourrier.es\/index.php\/wp-json\/wp\/v2\/media\/25159"}],"wp:attachment":[{"href":"https:\/\/immo.lecourrier.es\/index.php\/wp-json\/wp\/v2\/media?parent=69398"}],"wp:term":[{"taxonomy":"category","embeddable":true,"href":"https:\/\/immo.lecourrier.es\/index.php\/wp-json\/wp\/v2\/categories?post=69398"},{"taxonomy":"post_tag","embeddable":true,"href":"https:\/\/immo.lecourrier.es\/index.php\/wp-json\/wp\/v2\/tags?post=69398"}],"curies":[{"name":"wp","href":"https:\/\/api.w.org\/{rel}","templated":true}]}}