{"id":69380,"date":"2026-03-08T22:42:12","date_gmt":"2026-03-08T22:42:12","guid":{"rendered":"https:\/\/immo.lecourrier.es\/index.php\/2026\/03\/08\/gandia-aura-un-eco-camping-de-20-millions-deuros-en-2024-2\/"},"modified":"2026-04-25T05:58:26","modified_gmt":"2026-04-25T05:58:26","slug":"gandia-aura-un-eco-camping-de-20-millions-deuros-en-2024-2","status":"publish","type":"post","link":"https:\/\/immo.lecourrier.es\/index.php\/2026\/03\/08\/gandia-aura-un-eco-camping-de-20-millions-deuros-en-2024-2\/","title":{"rendered":"Gandia aura un \u00e9co-camping de 20 millions d&#8217;euros en 2024"},"content":{"rendered":"<p><span dir=\"auto\" style=\"vertical-align: inherit\"><span dir=\"auto\" style=\"vertical-align: inherit\"><\/p>\n<p><em>Le projet aura une capacit\u00e9 de 3.000 visiteurs<\/em><\/p>\n<p><strong>Ohai Gandia <\/strong>est le nom de l&#8217;\u00e9co-camping dont l&#8217;ouverture est pr\u00e9vue pour 2024. La Generalitat Valenciana a approuv\u00e9 la D\u00e9claration d&#8217;Int\u00e9r\u00eat Communautaire (DIC) pour le projet, mais les autorisations municipales sont toujours en vigueur. Dans le cadre de Fitur 2023, le promoteur du projet, <strong>Sunny Resorts<\/strong>, a annonc\u00e9 qu&#8217;il investirait plus de 20 millions d&#8217;euros pour l&#8217;ex\u00e9cution des travaux.<\/p>\n<p>Les promoteurs du projet l&#8217;ont d\u00e9fini comme durable et respectueux de l&#8217;environnement et ont fait remarquer qu&#8217;il &#8220;\u00e9vite le concept de &#8216;tout compris&#8217; en favorisant l&#8217;\u00e9conomie locale&#8221;.<\/p>\n<p>\u00ab Gandia est un endroit avec beaucoup de potentiel, et depuis que la possibilit\u00e9 de projeter un Eco-Resort dans la municipalit\u00e9 s&#8217;est pr\u00e9sent\u00e9e, nous avons vu une belle opportunit\u00e9 de faire partie de cette destination. De plus, l&#8217;engagement fort que prend Ohai pour en faire une r\u00e9alit\u00e9 tr\u00e8s prochainement en fera l&#8217;un des \u00ab fleurons \u00bb du groupe \u00bb, a d\u00e9clar\u00e9 <strong>Sonia Prieto<\/strong>, directrice g\u00e9n\u00e9rale d&#8217;Ohai.<\/p>\n<p>La Generalitat Valenciana, par l&#8217;interm\u00e9diaire du minist\u00e8re de la Politique territoriale, des Travaux publics et de la Mobilit\u00e9, a donn\u00e9 son feu vert au projet apr\u00e8s l&#8217;approbation de la D\u00e9claration d&#8217;int\u00e9r\u00eat communautaire (DIC), une proc\u00e9dure n\u00e9cessaire car il s&#8217;agit d&#8217;une activit\u00e9 sur un terrain non am\u00e9nag\u00e9. <strong>L&#8217;\u00e9co-resort Ohai Gandia sera situ\u00e9 sur un terrain de plus de 21 hectares, dans la r\u00e9gion de Mol\u00ed de Santa Mar\u00eda.<\/strong><\/p>\n<p>Au cours de l&#8217;ex\u00e9cution du projet, il est pr\u00e9vu que <strong>400 emplois directs <\/strong>et 1.500 emplois indirects seront g\u00e9n\u00e9r\u00e9s et, <strong>une fois termin\u00e9, entre 50 et 150 emplois directs seront cr\u00e9\u00e9s<\/strong>. Une fois en op\u00e9ration, ils estiment que la capitale de la r\u00e9gion de La Safor b\u00e9n\u00e9ficiera de l&#8217;arriv\u00e9e de plus de 100.000 touristes, en d\u00e9saisonnalisant le tourisme au-del\u00e0 de l&#8217;\u00e9t\u00e9.<\/p>\n<p>Le projet sera respectueux de l&#8217;environnement et certaines zones<strong> actuellement abandonn\u00e9es ou utilis\u00e9es comme d\u00e9charges seront r\u00e9g\u00e9n\u00e9r\u00e9es<\/strong>. Comme il l&#8217;a expliqu\u00e9, la durabilit\u00e9 est l&#8217;une des principales valeurs du groupe Ohai, c&#8217;est pourquoi &#8220;l&#8217;entreprise a modifi\u00e9 le projet initial \u00e0 plusieurs reprises, <strong>abandonnant pr\u00e8s de 10% du terrain <\/strong>avec l&#8217;impact \u00e9conomique que cela implique, en afin d&#8217;avoir toutes les garanties que &#8216;Ohai Gandia&#8217; respecte la flore et la faune de l&#8217;environnement \u00bb.<\/p>\n<p>L&#8217;entreprise se r\u00e9f\u00e8re \u00e0 l&#8217;une des parcelles de l&#8217;Eco-resort la plus proche de l&#8217;Alquer\u00eda del Duc qui ne sera pas intervenue et sera laiss\u00e9e dans son \u00e9tat naturel. Des fruits, des l\u00e9gumes et des plantes aromatiques y seront cultiv\u00e9s pour auto-alimenter les services de restauration mis en place dans le complexe. \u00c0 son tour, ladite parcelle servira \u00e0 cr\u00e9er un meilleur \u00e9cran v\u00e9g\u00e9tal qui agit comme une zone tampon vers la zone prot\u00e9g\u00e9e.<\/p>\n<p><strong>Parmi les principales mesures de durabilit\u00e9 <\/strong>du projet, il ressort que l&#8217;\u00e9nergie, pour la plupart, proviendra de sources renouvelables; l&#8217;\u00e9clairage sera faible, pour \u00e9viter la pollution lumineuse; il y aura des bornes de recharge pour les v\u00e9hicules \u00e9lectriques et le recyclage sera encourag\u00e9. En termes de mobilit\u00e9, l&#8217;un des objectifs est de promouvoir et de faciliter les d\u00e9placements au moyen de voies pi\u00e9tonnes, de pistes cyclables, de v\u00e9hicules \u00e9lectriques, de transports publics et d&#8217;autres options qui n&#8217;ont pas un impact environnemental excessif, \u00e9tant donn\u00e9 que les v\u00e9hicules ne pourront pas circuler \u00e0 l&#8217;int\u00e9rieur de l&#8217;Ohai Gandia.<\/p>\n<p><\/span><\/span><\/p>\n","protected":false},"excerpt":{"rendered":"<p>Le projet aura une capacit\u00e9 de 3.000 visiteurs Ohai Gandia est le nom de l&#8217;\u00e9co-camping dont l&#8217;ouverture est pr\u00e9vue pour 2024. La Generalitat Valenciana a approuv\u00e9 la D\u00e9claration d&#8217;Int\u00e9r\u00eat Communautaire (DIC) pour le projet, mais les autorisations municipales sont toujours en vigueur. Dans le cadre de Fitur 2023, le promoteur du projet, Sunny Resorts, a [&hellip;]<\/p>\n","protected":false},"author":13,"featured_media":25078,"comment_status":"open","ping_status":"closed","sticky":false,"template":"","format":"standard","meta":{"om_disable_all_campaigns":false,"_monsterinsights_skip_tracking":false,"_monsterinsights_sitenote_active":false,"_monsterinsights_sitenote_note":"","_monsterinsights_sitenote_category":0,"_uf_show_specific_survey":0,"_uf_disable_surveys":false,"footnotes":""},"categories":[212],"tags":[],"class_list":["post-69380","post","type-post","status-publish","format-standard","has-post-thumbnail","hentry","category-breaking-news"],"acf":[],"_links":{"self":[{"href":"https:\/\/immo.lecourrier.es\/index.php\/wp-json\/wp\/v2\/posts\/69380","targetHints":{"allow":["GET"]}}],"collection":[{"href":"https:\/\/immo.lecourrier.es\/index.php\/wp-json\/wp\/v2\/posts"}],"about":[{"href":"https:\/\/immo.lecourrier.es\/index.php\/wp-json\/wp\/v2\/types\/post"}],"author":[{"embeddable":true,"href":"https:\/\/immo.lecourrier.es\/index.php\/wp-json\/wp\/v2\/users\/13"}],"replies":[{"embeddable":true,"href":"https:\/\/immo.lecourrier.es\/index.php\/wp-json\/wp\/v2\/comments?post=69380"}],"version-history":[{"count":0,"href":"https:\/\/immo.lecourrier.es\/index.php\/wp-json\/wp\/v2\/posts\/69380\/revisions"}],"wp:featuredmedia":[{"embeddable":true,"href":"https:\/\/immo.lecourrier.es\/index.php\/wp-json\/wp\/v2\/media\/25078"}],"wp:attachment":[{"href":"https:\/\/immo.lecourrier.es\/index.php\/wp-json\/wp\/v2\/media?parent=69380"}],"wp:term":[{"taxonomy":"category","embeddable":true,"href":"https:\/\/immo.lecourrier.es\/index.php\/wp-json\/wp\/v2\/categories?post=69380"},{"taxonomy":"post_tag","embeddable":true,"href":"https:\/\/immo.lecourrier.es\/index.php\/wp-json\/wp\/v2\/tags?post=69380"}],"curies":[{"name":"wp","href":"https:\/\/api.w.org\/{rel}","templated":true}]}}