{"id":69378,"date":"2026-03-08T22:36:24","date_gmt":"2026-03-08T22:36:24","guid":{"rendered":"https:\/\/immo.lecourrier.es\/index.php\/2026\/03\/08\/colonial-vend-trois-immeubles-de-bureaux-a-madrid-a-prallariz-pour-300-millions-2\/"},"modified":"2026-04-25T05:53:53","modified_gmt":"2026-04-25T05:53:53","slug":"colonial-vend-trois-immeubles-de-bureaux-a-madrid-a-prallariz-pour-300-millions-2","status":"publish","type":"post","link":"https:\/\/immo.lecourrier.es\/index.php\/2026\/03\/08\/colonial-vend-trois-immeubles-de-bureaux-a-madrid-a-prallariz-pour-300-millions-2\/","title":{"rendered":"Colonial vend trois immeubles de bureaux \u00e0 Madrid \u00e0 Prallariz pour 300 millions"},"content":{"rendered":"<p><span dir=\"auto\" style=\"vertical-align: inherit\"><span dir=\"auto\" style=\"vertical-align: inherit\"><\/p>\n<p><em>Les immeubles vendus par Colonial totalisent 35.000 m2 de surface locative brute et sont situ\u00e9s dans le centre financier de Madrid.<\/em><\/p>\n<p>La socimi <strong>Colonial <\/strong>a vendu trois immeubles de bureaux \u00e0 <strong>Madrid<\/strong> \u00e0 <strong>Prallariz<\/strong>, la soci\u00e9t\u00e9 de l&#8217;homme d&#8217;affaires <strong>Rafael Gonz\u00e1lez-Vallinas<\/strong>, pour un total de 300 millions d&#8217;euros, selon <em>El Confidencial.<\/em><\/p>\n<p>Les propri\u00e9t\u00e9s sont situ\u00e9es dans le centre financier de la capitale <strong>espagnole<\/strong>, plus pr\u00e9cis\u00e9ment au num\u00e9ro 9 de la <strong>rue Almagro<\/strong>, au num\u00e9ro 56 de la <strong>rue Jos\u00e9 Abascal<\/strong> et au num\u00e9ro 11 de la <strong>rue Miguel \u00c1ngel.<\/strong><\/p>\n<p>Les actifs c\u00e9d\u00e9s par <strong>Colonial <\/strong>totalisent 35.000 m\u00e8tres carr\u00e9s de surface locative brute. Parmi les trois, celui de la <strong>rue Almagro <\/strong>se d\u00e9marque, qui compte plus de 15.000 m\u00e8tres carr\u00e9s, huit \u00e9tages et 201 places de parking.<\/p>\n<p>La vente de ces immeubles s&#8217;inscrit dans le cadre du plan de cessions que la soci\u00e9t\u00e9 entend r\u00e9aliser au cours des premiers mois de 2023.<\/p>\n<p><strong>Colonial <\/strong>a d\u00e9j\u00e0 r\u00e9alis\u00e9 quelques d\u00e9sinvestissements fin 2022. Mi-novembre, Pers\u00e9polis Investments a rachet\u00e9 l&#8217;immeuble situ\u00e9 au num\u00e9ro 27 Calle Sagasta \u00e0 Madrid \u00e0 la soci\u00e9t\u00e9 pr\u00e9sid\u00e9e par Juan Jos\u00e9 Brugera pour en faire des appartements de luxe. Concr\u00e8tement, le g\u00e9rant a d\u00e9bours\u00e9 25 millions d&#8217;euros pour une propri\u00e9t\u00e9 de plus de 5.000 m\u00e8tres carr\u00e9s.<\/p>\n<p><strong>Colonial<\/strong> a cl\u00f4tur\u00e9 le troisi\u00e8me trimestre de l&#8217;ann\u00e9e derni\u00e8re avec un r\u00e9sultat net de 398 millions d&#8217;euros, 116% de plus qu&#8217;\u00e0 la m\u00eame p\u00e9riode de 2021.<\/p>\n<p><strong>Derni\u00e8res actualit\u00e9s du cabinet<\/strong><\/p>\n<p>Il y a quelques jours, un \u00e9tablissement d&#8217;enseignement a lou\u00e9 13.000 m\u00e8tres carr\u00e9s dans le complexe de bureaux Kudos Innovation Campus Inneo, situ\u00e9 \u00e0 <strong>Sant Joan Desp\u00ed (Barcelone).<\/strong> Il s&#8217;agit de la transaction avec la plus grande superficie du march\u00e9 catalan des bureaux enregistr\u00e9e au cours de l&#8217;ann\u00e9e derni\u00e8re.<\/p>\n<p>En 2022, IWG a ouvert sept espaces de coworking en Espagne. Pour cette ann\u00e9e, le fournisseur d&#8217;espaces flexibles et de bureaux, qui compte actuellement 3.500 centres dans 120 pays, pr\u00e9voit de continuer \u00e0 \u00e9tendre son r\u00e9seau dans notre pays.<\/p>\n<p><\/span><\/span><\/p>\n","protected":false},"excerpt":{"rendered":"<p>Les immeubles vendus par Colonial totalisent 35.000 m2 de surface locative brute et sont situ\u00e9s dans le centre financier de Madrid. La socimi Colonial a vendu trois immeubles de bureaux \u00e0 Madrid \u00e0 Prallariz, la soci\u00e9t\u00e9 de l&#8217;homme d&#8217;affaires Rafael Gonz\u00e1lez-Vallinas, pour un total de 300 millions d&#8217;euros, selon El Confidencial. Les propri\u00e9t\u00e9s sont situ\u00e9es [&hellip;]<\/p>\n","protected":false},"author":13,"featured_media":25068,"comment_status":"open","ping_status":"closed","sticky":false,"template":"","format":"standard","meta":{"om_disable_all_campaigns":false,"_monsterinsights_skip_tracking":false,"_monsterinsights_sitenote_active":false,"_monsterinsights_sitenote_note":"","_monsterinsights_sitenote_category":0,"_uf_show_specific_survey":0,"_uf_disable_surveys":false,"footnotes":""},"categories":[212],"tags":[],"class_list":["post-69378","post","type-post","status-publish","format-standard","has-post-thumbnail","hentry","category-breaking-news"],"acf":[],"_links":{"self":[{"href":"https:\/\/immo.lecourrier.es\/index.php\/wp-json\/wp\/v2\/posts\/69378","targetHints":{"allow":["GET"]}}],"collection":[{"href":"https:\/\/immo.lecourrier.es\/index.php\/wp-json\/wp\/v2\/posts"}],"about":[{"href":"https:\/\/immo.lecourrier.es\/index.php\/wp-json\/wp\/v2\/types\/post"}],"author":[{"embeddable":true,"href":"https:\/\/immo.lecourrier.es\/index.php\/wp-json\/wp\/v2\/users\/13"}],"replies":[{"embeddable":true,"href":"https:\/\/immo.lecourrier.es\/index.php\/wp-json\/wp\/v2\/comments?post=69378"}],"version-history":[{"count":0,"href":"https:\/\/immo.lecourrier.es\/index.php\/wp-json\/wp\/v2\/posts\/69378\/revisions"}],"wp:featuredmedia":[{"embeddable":true,"href":"https:\/\/immo.lecourrier.es\/index.php\/wp-json\/wp\/v2\/media\/25068"}],"wp:attachment":[{"href":"https:\/\/immo.lecourrier.es\/index.php\/wp-json\/wp\/v2\/media?parent=69378"}],"wp:term":[{"taxonomy":"category","embeddable":true,"href":"https:\/\/immo.lecourrier.es\/index.php\/wp-json\/wp\/v2\/categories?post=69378"},{"taxonomy":"post_tag","embeddable":true,"href":"https:\/\/immo.lecourrier.es\/index.php\/wp-json\/wp\/v2\/tags?post=69378"}],"curies":[{"name":"wp","href":"https:\/\/api.w.org\/{rel}","templated":true}]}}