{"id":69369,"date":"2026-03-08T22:32:15","date_gmt":"2026-03-08T22:32:15","guid":{"rendered":"https:\/\/immo.lecourrier.es\/index.php\/2026\/03\/08\/lidl-cloture-lannee-2022-avec-41-nouveaux-magasins-avec-un-investissement-de-260-millions-et-atteint-670-magasins-dans-toute-lespagne-2\/"},"modified":"2026-04-25T05:49:27","modified_gmt":"2026-04-25T05:49:27","slug":"lidl-cloture-lannee-2022-avec-41-nouveaux-magasins-avec-un-investissement-de-260-millions-et-atteint-670-magasins-dans-toute-lespagne-2","status":"publish","type":"post","link":"https:\/\/immo.lecourrier.es\/index.php\/2026\/03\/08\/lidl-cloture-lannee-2022-avec-41-nouveaux-magasins-avec-un-investissement-de-260-millions-et-atteint-670-magasins-dans-toute-lespagne-2\/","title":{"rendered":"Lidl cl\u00f4ture l&#8217;ann\u00e9e 2022 avec 41 nouveaux magasins, avec un investissement de 260 millions, et atteint 670 magasins dans toute l&#8217;Espagne."},"content":{"rendered":"<p><span dir=\"auto\" style=\"vertical-align: inherit\"><span dir=\"auto\" style=\"vertical-align: inherit\"><\/p>\n<p>Les 41 nouveaux magasins Lidl sont r\u00e9partis dans 13 r\u00e9gions diff\u00e9rentes. Dans le m\u00eame temps, la marque continue d&#8217;investir pour adapter son organisation et ses moyens logistiques \u00e0 son activit\u00e9 actuelle.<br \/>Brainsre.news<\/p>\n<p>Lidl continue de franchir des \u00e9tapes dans son expansion nationale, en se concentrant uniquement sur ses espaces de vente. La firme de supermarch\u00e9s a cl\u00f4tur\u00e9 l&#8217;ann\u00e9e 2022 avec 41 nouveaux magasins et une douzaine de modernisations, avec un investissement de 260 millions et 30 millions, respectivement. Ce processus se traduit par la cr\u00e9ation de 810 nouveaux emplois.<\/p>\n<p>Les nouveaux magasins Lidl sont r\u00e9partis dans 13 communaut\u00e9s autonomes diff\u00e9rentes dans le but d&#8217;augmenter la capillarit\u00e9 de la marque sur le territoire et de dynamiser son activit\u00e9 de mani\u00e8re soutenue et durable. L&#8217;entreprise a investi 260 millions d&#8217;euros dans ces 41 nouveaux points de vente, cr\u00e9ant ainsi 760 emplois.<\/p>\n<p>Nouveaux magasins Lidl en Espagne<\/p>\n<p>Parmi ces ouvertures figurent certains des plus grands magasins du supermarch\u00e9 dans des r\u00e9gions telles que Castille-La Manche (dans le centre commercial Luz del Tajo de Tol\u00e8de, en octobre) et les \u00eeles Bal\u00e9ares (dans la ville majorquine d&#8217;Inca, en f\u00e9vrier), toute la province de Cadix (dans la ville de Rota, en juillet) et m\u00eame la ville de Cordoue (au km 4 de l&#8217;autoroute Palma del R\u00edo -Parque Log\u00edstico de C\u00f3rdoba-, en novembre).<\/p>\n<p>En outre, rien qu&#8217;\u00e0 Madrid, quatre nouveaux magasins urbains ont d\u00e9j\u00e0 commenc\u00e9 \u00e0 fonctionner en 2022. Il s&#8217;agit de la Plaza Quintana (Calle Alcal\u00e1 339, en juin), des anciens march\u00e9s de La Elipa et de San Vicente de Pa\u00fal (Calle Mar\u00eda Teresa S\u00e1enz de Heredia 10B et Calle del Pel\u00edcano 3, en septembre) et de l&#8217;ancien centre commercial Illescas (Calle Illescas 1, en octobre).<\/p>\n<p>En ajoutant ces ouvertures \u00e0 celles pr\u00e9vues pour la fin de l&#8217;exercice 2022 &#8211; le 28\/02\/2023, pour \u00eatre pr\u00e9cis &#8211; Lidl comptera d\u00e9sormais environ 670 magasins en Espagne.<\/p>\n<p>Dans le m\u00eame ordre d&#8217;id\u00e9es, la strat\u00e9gie de Lidl a opt\u00e9 pour la modernisation d&#8217;une douzaine de ses points de vente, r\u00e9partis sur sept communaut\u00e9s autonomes. Dans ce cas, l&#8217;investissement s&#8217;\u00e9l\u00e8ve \u00e0 30 millions et plus de cinquante emplois ont \u00e9t\u00e9 cr\u00e9\u00e9s.<\/p>\n<p>La derni\u00e8re ouverture de Lidl : un nouveau magasin \u00e0 Alcal\u00e1 de Henares<\/p>\n<p>Pour r\u00e9affirmer sa pr\u00e9sence dans la r\u00e9gion de Madrid, Lidl ouvre un nouveau magasin au num\u00e9ro 109 de la V\u00eda Complutense \u00e0 Alcal\u00e1 de Henares, un \u00e9tablissement dans lequel il a d\u00e9pens\u00e9 plus de quatre millions d&#8217;euros pour sa construction et son \u00e9quipement. Son d\u00e9marrage, quant \u00e0 lui, a permis de cr\u00e9er 30 nouveaux emplois directs.<\/p>\n<p>Le nouvel espace commercial dispose de plus de 1.400 m\u00e8tres carr\u00e9s de salles de vente, de plus de 100 places de parking et d&#8217;une grande vari\u00e9t\u00e9 de produits. En outre, il a \u00e9t\u00e9 construit selon des normes strictes de durabilit\u00e9 et met en \u0153uvre diverses mesures d&#8217;efficacit\u00e9 \u00e9nerg\u00e9tique : plus de 900 m\u00e8tres carr\u00e9s de panneaux solaires, des points de recharge pour les v\u00e9hicules \u00e9lectriques, des syst\u00e8mes de r\u00e9frig\u00e9ration \u00e0 faible consommation et un \u00e9clairage LED.<\/p>\n<p>Dans la seule Communaut\u00e9 de Madrid, l&#8217;entreprise a investi environ 35 millions en 2022 et a cr\u00e9\u00e9 plus de 120 nouveaux emplois lors de l&#8217;ouverture de six de ses magasins, dont quatre dans la ville de Madrid.<\/p>\n<p>Les nouveaux magasins sont situ\u00e9s \u00e0 M\u00f3stoles (Calle Camino del Obispo 6, en f\u00e9vrier), les quatre d\u00e9j\u00e0 mentionn\u00e9s dans la capitale madril\u00e8ne et un autre \u00e0 Galapagar (Calle Vicente Guill\u00e9n Zamorano 8-14, en novembre) rien que l&#8217;ann\u00e9e derni\u00e8re.<\/p>\n<p>\u00c0 Madrid, Lidl compte plus de 70 points de vente et deux magasins : l&#8217;un \u00e0 Alcal\u00e1 de Henares et l&#8217;autre \u00e0 Pinto. Toutes deux ont une superficie de plus de 90 000 m\u00e8tres carr\u00e9s, et il est pr\u00e9vu d&#8217;en cr\u00e9er une autre \u00e0 Parla sur un terrain d&#8217;environ 150 000 m\u00e8tres carr\u00e9s et un investissement d&#8217;environ 85 millions d&#8217;euros.<\/p>\n<p>Si\u00e8ges sociaux et entrep\u00f4ts : un coup de pouce pour de nouveaux projets en 2022<\/p>\n<p>Pour garantir son plan d&#8217;expansion nationale, Lidl a investi en parall\u00e8le dans l&#8217;adaptation de son organisation et de ses moyens logistiques. L&#8217;entreprise a continu\u00e9 \u00e0 avancer sur deux projets : l&#8217;agrandissement de son si\u00e8ge social, situ\u00e9 \u00e0 Montcada i Reixac (Barcelone), qui doublera sa surface pour atteindre plus de 12 000 m\u00e8tres carr\u00e9s d&#8217;installations.<\/p>\n<p>Dans le domaine de la logistique, Lidl a commenc\u00e9 les travaux de construction de sa future plateforme logistique \u00e0 Esc\u00fazar (Grenade), qui sera op\u00e9rationnelle cette ann\u00e9e, comme pr\u00e9vu. L&#8217;entreprise a acquis des terrains pour de futurs entrep\u00f4ts dans deux autres localit\u00e9s : Constant\u00ed (Tarragone) et Villadangos del P\u00e1ramo (Le\u00f3n). En plus de ces trois projets, il y a deux autres projets futurs \u00e0 Martorell (Barcelone) et Parla (Madrid).<\/p>\n<\/p>\n<figure class=\"wp-block-image size-large\"><a href=\"https:\/\/www.opea.io\"><img decoding=\"async\" src=\"https:\/\/immo.lecourrier.es\/wp-content\/uploads\/2024\/04\/Capture-decran-2023-03-14-a-15.35.44-12-1024x108.jpg\"><\/a><\/figure>\n<\/p>\n<p><\/span><\/span><\/p>\n","protected":false},"excerpt":{"rendered":"<p>Les 41 nouveaux magasins Lidl sont r\u00e9partis dans 13 r\u00e9gions diff\u00e9rentes. Dans le m\u00eame temps, la marque continue d&#8217;investir pour adapter son organisation et ses moyens logistiques \u00e0 son activit\u00e9 actuelle.Brainsre.news Lidl continue de franchir des \u00e9tapes dans son expansion nationale, en se concentrant uniquement sur ses espaces de vente. La firme de supermarch\u00e9s a [&hellip;]<\/p>\n","protected":false},"author":13,"featured_media":25038,"comment_status":"open","ping_status":"closed","sticky":false,"template":"","format":"standard","meta":{"om_disable_all_campaigns":false,"_monsterinsights_skip_tracking":false,"_monsterinsights_sitenote_active":false,"_monsterinsights_sitenote_note":"","_monsterinsights_sitenote_category":0,"_uf_show_specific_survey":0,"_uf_disable_surveys":false,"footnotes":""},"categories":[212,234],"tags":[],"class_list":["post-69369","post","type-post","status-publish","format-standard","has-post-thumbnail","hentry","category-breaking-news","category-logistique-retail"],"acf":[],"_links":{"self":[{"href":"https:\/\/immo.lecourrier.es\/index.php\/wp-json\/wp\/v2\/posts\/69369","targetHints":{"allow":["GET"]}}],"collection":[{"href":"https:\/\/immo.lecourrier.es\/index.php\/wp-json\/wp\/v2\/posts"}],"about":[{"href":"https:\/\/immo.lecourrier.es\/index.php\/wp-json\/wp\/v2\/types\/post"}],"author":[{"embeddable":true,"href":"https:\/\/immo.lecourrier.es\/index.php\/wp-json\/wp\/v2\/users\/13"}],"replies":[{"embeddable":true,"href":"https:\/\/immo.lecourrier.es\/index.php\/wp-json\/wp\/v2\/comments?post=69369"}],"version-history":[{"count":0,"href":"https:\/\/immo.lecourrier.es\/index.php\/wp-json\/wp\/v2\/posts\/69369\/revisions"}],"wp:featuredmedia":[{"embeddable":true,"href":"https:\/\/immo.lecourrier.es\/index.php\/wp-json\/wp\/v2\/media\/25038"}],"wp:attachment":[{"href":"https:\/\/immo.lecourrier.es\/index.php\/wp-json\/wp\/v2\/media?parent=69369"}],"wp:term":[{"taxonomy":"category","embeddable":true,"href":"https:\/\/immo.lecourrier.es\/index.php\/wp-json\/wp\/v2\/categories?post=69369"},{"taxonomy":"post_tag","embeddable":true,"href":"https:\/\/immo.lecourrier.es\/index.php\/wp-json\/wp\/v2\/tags?post=69369"}],"curies":[{"name":"wp","href":"https:\/\/api.w.org\/{rel}","templated":true}]}}