{"id":69368,"date":"2026-03-08T22:32:10","date_gmt":"2026-03-08T22:32:10","guid":{"rendered":"https:\/\/immo.lecourrier.es\/index.php\/2026\/03\/08\/powerco-espagne-etablit-ses-bureaux-en-espagne-dans-le-batiment-rex-a-valence-2\/"},"modified":"2026-04-25T05:49:26","modified_gmt":"2026-04-25T05:49:26","slug":"powerco-espagne-etablit-ses-bureaux-en-espagne-dans-le-batiment-rex-a-valence-2","status":"publish","type":"post","link":"https:\/\/immo.lecourrier.es\/index.php\/2026\/03\/08\/powerco-espagne-etablit-ses-bureaux-en-espagne-dans-le-batiment-rex-a-valence-2\/","title":{"rendered":"PowerCo Espagne \u00e9tablit ses bureaux en Espagne dans le b\u00e2timent Rex \u00e0 Valence"},"content":{"rendered":"<p><span dir=\"auto\" style=\"vertical-align: inherit\"><span dir=\"auto\" style=\"vertical-align: inherit\"><\/p>\n<p>Le cabinet a lou\u00e9 765 m\u00e8tres carr\u00e9s dans le b\u00e2timent Rex, situ\u00e9 au num\u00e9ro 6 de l&#8217;Avenida Marqu\u00e9s de Sotelo.<br \/>Brainsre.news<\/p>\n<p>La soci\u00e9t\u00e9 de batteries PowerCo, d\u00e9tenue par le groupe Volkswagen, s&#8217;installe dans le centre de Valence o\u00f9 elle a d\u00e9cid\u00e9 d&#8217;\u00e9tablir son si\u00e8ge. Concr\u00e8tement, l&#8217;entreprise a lou\u00e9 765 m\u00e8tres carr\u00e9s dans le b\u00e2timent Rex, situ\u00e9 au num\u00e9ro 6 de l&#8217;Avenida Marqu\u00e9s de Sotelo, d&#8217;o\u00f9 est partie l&#8217;usine g\u00e9ante du groupe Volkswagen en Espagne.<\/p>\n<p>L&#8217;op\u00e9ration a \u00e9t\u00e9 conseill\u00e9e par CBRE, tant pour la location des bureaux que pour les travaux de conception et de r\u00e9alisation.<\/p>\n<p>Le Rex Building b\u00e9n\u00e9ficie d&#8217;un bon emplacement, est bien desservi et est entour\u00e9 de services. Le b\u00e2timent a \u00e9t\u00e9 construit en 2000 et enti\u00e8rement r\u00e9nov\u00e9 en 2014. Il se compose d&#8217;un rez-de-chauss\u00e9e, de huit \u00e9tages et de deux sous-sols pour le stationnement.<\/p>\n<p>Le centre de Valence continue d&#8217;\u00eatre un p\u00f4le d&#8217;attraction pour les entreprises qui viennent s&#8217;installer dans la ville. PowerCo Spain a lou\u00e9 un \u00e9tage entier du b\u00e2timent Rex.<\/p>\n<p>Katrina Molina, de l&#8217;\u00e9quipe bureaux de CBRE Valencia, affirme que &#8220;le centre ville consolide sa position de zone la plus recherch\u00e9e, bien que le recrutement soit encore limit\u00e9 en raison de l&#8217;insuffisance de l&#8217;offre. L&#8217;ann\u00e9e derni\u00e8re, la zone centrale a absorb\u00e9 23% du recrutement total, alors qu&#8217;elle repr\u00e9sente 80% de la demande&#8221;.<\/p>\n<p>Prix des bureaux dans le quartier de Ciutat Vella \u00e0 Valence<\/p>\n<p>Actuellement, les prix de location des bureaux dans le quartier de Ciutat Vella \u00e0 Valence n&#8217;ont jamais \u00e9t\u00e9 aussi \u00e9lev\u00e9s, atteignant une moyenne de 11 euros par m\u00e8tre carr\u00e9 et par mois, selon les donn\u00e9es de la plateforme de big data immobili\u00e8re Brainsre.<\/p>\n<p>Ce quartier est le deuxi\u00e8me plus cher pour louer des bureaux dans la ville de Turia, derri\u00e8re seulement Poblados del Oeste, dont le prix est de 13,3 \u20ac\/m2\/mois.<\/p>\n<p>Quant au d\u00e9lai moyen de publication, il s&#8217;\u00e9tablit \u00e0 5,7 mois, une valeur qui a consid\u00e9rablement augment\u00e9 depuis le d\u00e9clenchement de la pand\u00e9mie en mars 2020.<\/p>\n<figure class=\"wp-block-image size-large is-resized\"><img decoding=\"async\" src=\"https:\/\/immo.lecourrier.es\/wp-content\/uploads\/2024\/04\/evolucin-del-precio-de-p-53-1024x683.jpeg\"><\/figure>\n<p><\/span><\/span><\/p>\n","protected":false},"excerpt":{"rendered":"<p>Le cabinet a lou\u00e9 765 m\u00e8tres carr\u00e9s dans le b\u00e2timent Rex, situ\u00e9 au num\u00e9ro 6 de l&#8217;Avenida Marqu\u00e9s de Sotelo.Brainsre.news La soci\u00e9t\u00e9 de batteries PowerCo, d\u00e9tenue par le groupe Volkswagen, s&#8217;installe dans le centre de Valence o\u00f9 elle a d\u00e9cid\u00e9 d&#8217;\u00e9tablir son si\u00e8ge. Concr\u00e8tement, l&#8217;entreprise a lou\u00e9 765 m\u00e8tres carr\u00e9s dans le b\u00e2timent Rex, situ\u00e9 [&hellip;]<\/p>\n","protected":false},"author":13,"featured_media":25034,"comment_status":"open","ping_status":"closed","sticky":false,"template":"","format":"standard","meta":{"om_disable_all_campaigns":false,"_monsterinsights_skip_tracking":false,"_monsterinsights_sitenote_active":false,"_monsterinsights_sitenote_note":"","_monsterinsights_sitenote_category":0,"_uf_show_specific_survey":0,"_uf_disable_surveys":false,"footnotes":""},"categories":[212],"tags":[],"class_list":["post-69368","post","type-post","status-publish","format-standard","has-post-thumbnail","hentry","category-breaking-news"],"acf":[],"_links":{"self":[{"href":"https:\/\/immo.lecourrier.es\/index.php\/wp-json\/wp\/v2\/posts\/69368","targetHints":{"allow":["GET"]}}],"collection":[{"href":"https:\/\/immo.lecourrier.es\/index.php\/wp-json\/wp\/v2\/posts"}],"about":[{"href":"https:\/\/immo.lecourrier.es\/index.php\/wp-json\/wp\/v2\/types\/post"}],"author":[{"embeddable":true,"href":"https:\/\/immo.lecourrier.es\/index.php\/wp-json\/wp\/v2\/users\/13"}],"replies":[{"embeddable":true,"href":"https:\/\/immo.lecourrier.es\/index.php\/wp-json\/wp\/v2\/comments?post=69368"}],"version-history":[{"count":0,"href":"https:\/\/immo.lecourrier.es\/index.php\/wp-json\/wp\/v2\/posts\/69368\/revisions"}],"wp:featuredmedia":[{"embeddable":true,"href":"https:\/\/immo.lecourrier.es\/index.php\/wp-json\/wp\/v2\/media\/25034"}],"wp:attachment":[{"href":"https:\/\/immo.lecourrier.es\/index.php\/wp-json\/wp\/v2\/media?parent=69368"}],"wp:term":[{"taxonomy":"category","embeddable":true,"href":"https:\/\/immo.lecourrier.es\/index.php\/wp-json\/wp\/v2\/categories?post=69368"},{"taxonomy":"post_tag","embeddable":true,"href":"https:\/\/immo.lecourrier.es\/index.php\/wp-json\/wp\/v2\/tags?post=69368"}],"curies":[{"name":"wp","href":"https:\/\/api.w.org\/{rel}","templated":true}]}}