{"id":69363,"date":"2026-03-08T22:26:57","date_gmt":"2026-03-08T22:26:57","guid":{"rendered":"https:\/\/immo.lecourrier.es\/index.php\/2026\/03\/08\/hampton-by-hilton-va-ouvrir-un-hotel-a-laeroport-dalicante-2\/"},"modified":"2026-04-25T05:42:43","modified_gmt":"2026-04-25T05:42:43","slug":"hampton-by-hilton-va-ouvrir-un-hotel-a-laeroport-dalicante-2","status":"publish","type":"post","link":"https:\/\/immo.lecourrier.es\/index.php\/2026\/03\/08\/hampton-by-hilton-va-ouvrir-un-hotel-a-laeroport-dalicante-2\/","title":{"rendered":"Hampton by Hilton va ouvrir un h\u00f4tel \u00e0 l&#8217;a\u00e9roport d&#8217;Alicante"},"content":{"rendered":"<p><span dir=\"auto\" style=\"vertical-align: inherit\"><span dir=\"auto\" style=\"vertical-align: inherit\"><\/p>\n<p><em>L&#8217;\u00e9tablissement, qui comptera 72 chambres, sera d\u00e9velopp\u00e9 par Grupo Bar\u00f3 et devrait \u00eatre op\u00e9rationnel au d\u00e9but de 2025.<\/em><\/p>\n<p>Nouveau Hilton sur le march\u00e9 espagnol. La cha\u00eene h\u00f4teli\u00e8re am\u00e9ricaine utilisera sa marque Hampton by Hilton pour le futur h\u00f4tel que le groupe Bar\u00f3 est en train de d\u00e9velopper dans la municipalit\u00e9 d&#8217;Altet (Alicante), tout pr\u00e8s de l&#8217;a\u00e9roport.<\/p>\n<p>Le futur Hampton by Hilton Alicante Airport, un nouveau b\u00e2timent de 2.600 m\u00e8tres carr\u00e9s, est situ\u00e9 \u00e0 c\u00f4t\u00e9 de la station-service Altet et comptera 72 chambres, ainsi que des services communs.<\/p>\n<p><strong>Panoram Hotel Management exploitera l&#8217;actif dans le cadre d&#8217;un contrat de gestion avec Grupo Lo Bar\u00f3, le propri\u00e9taire de l&#8217;immeuble.<\/strong> Panoram a conclu un accord commercial avec Hilton pour l&#8217;int\u00e9grer dans son r\u00e9seau d&#8217;h\u00f4tels.<\/p>\n<p>L&#8217;ouverture de la nouvelle propri\u00e9t\u00e9 est pr\u00e9vue pour le d\u00e9but de 2025 et elle rejoindra les deux h\u00f4tels Hampton by Hilton actuellement en activit\u00e9 en Espagne. La transaction a \u00e9t\u00e9 conseill\u00e9e par Savills.<\/p>\n<p><strong>L&#8217;a\u00e9roport d&#8217;Alicante-Elche a accueilli plus de quinze millions de passagers en 2019, ce qui en fait le cinqui\u00e8me a\u00e9roport d&#8217;Espagne<\/strong><\/p>\n<p>L&#8217;a\u00e9roport d&#8217;Alicante-Elche a accueilli plus de 15 millions de passagers en 2019 (derni\u00e8re ann\u00e9e avant l&#8217;apparition de la pand\u00e9mie), ce qui en fait le cinqui\u00e8me plus grand du pays et un point d&#8217;acc\u00e8s essentiel aux principales zones touristiques du Levante espagnol, comme Benidorm ou Denia, ainsi qu&#8217;\u00e0 d&#8217;autres destinations comme La Manga et Almeria. Le projet repr\u00e9sente un ajout strat\u00e9gique au portefeuille d&#8217;Hilton dans les principales destinations de vacances en Espagne.<\/p>\n<p><strong>Les nuit\u00e9es dans les \u00e9tablissements h\u00f4teliers en Espagne ont atteint 320,7 millions<\/strong> sur l&#8217;ensemble de l&#8217;ann\u00e9e 2022, soit une augmentation de 85,6% par rapport \u00e0 2021, selon les donn\u00e9es de l&#8217;Institut national de la statistique (INE).<\/p>\n<p>Les nuit\u00e9es des r\u00e9sidents en Espagne dans les h\u00f4tels l&#8217;ann\u00e9e derni\u00e8re ont augment\u00e9 de 32,1%, tandis que celles des non-r\u00e9sidents ont augment\u00e9 de 144,7%. Si l&#8217;on compare ces donn\u00e9es avec celles de 2019, avant la pand\u00e9mie, les nuit\u00e9es de 2022 sont encore inf\u00e9rieures de 6,5% \u00e0 celles de cette ann\u00e9e-l\u00e0.<\/p>\n<p><\/span><\/span><\/p>\n","protected":false},"excerpt":{"rendered":"<p>L&#8217;\u00e9tablissement, qui comptera 72 chambres, sera d\u00e9velopp\u00e9 par Grupo Bar\u00f3 et devrait \u00eatre op\u00e9rationnel au d\u00e9but de 2025. Nouveau Hilton sur le march\u00e9 espagnol. La cha\u00eene h\u00f4teli\u00e8re am\u00e9ricaine utilisera sa marque Hampton by Hilton pour le futur h\u00f4tel que le groupe Bar\u00f3 est en train de d\u00e9velopper dans la municipalit\u00e9 d&#8217;Altet (Alicante), tout pr\u00e8s de [&hellip;]<\/p>\n","protected":false},"author":13,"featured_media":69364,"comment_status":"open","ping_status":"closed","sticky":false,"template":"","format":"standard","meta":{"om_disable_all_campaigns":false,"_monsterinsights_skip_tracking":false,"_monsterinsights_sitenote_active":false,"_monsterinsights_sitenote_note":"","_monsterinsights_sitenote_category":0,"_uf_show_specific_survey":0,"_uf_disable_surveys":false,"footnotes":""},"categories":[212,4506],"tags":[],"class_list":["post-69363","post","type-post","status-publish","format-standard","has-post-thumbnail","hentry","category-breaking-news","category-projets-immo"],"acf":[],"_links":{"self":[{"href":"https:\/\/immo.lecourrier.es\/index.php\/wp-json\/wp\/v2\/posts\/69363","targetHints":{"allow":["GET"]}}],"collection":[{"href":"https:\/\/immo.lecourrier.es\/index.php\/wp-json\/wp\/v2\/posts"}],"about":[{"href":"https:\/\/immo.lecourrier.es\/index.php\/wp-json\/wp\/v2\/types\/post"}],"author":[{"embeddable":true,"href":"https:\/\/immo.lecourrier.es\/index.php\/wp-json\/wp\/v2\/users\/13"}],"replies":[{"embeddable":true,"href":"https:\/\/immo.lecourrier.es\/index.php\/wp-json\/wp\/v2\/comments?post=69363"}],"version-history":[{"count":0,"href":"https:\/\/immo.lecourrier.es\/index.php\/wp-json\/wp\/v2\/posts\/69363\/revisions"}],"wp:featuredmedia":[{"embeddable":true,"href":"https:\/\/immo.lecourrier.es\/index.php\/wp-json\/wp\/v2\/media\/69364"}],"wp:attachment":[{"href":"https:\/\/immo.lecourrier.es\/index.php\/wp-json\/wp\/v2\/media?parent=69363"}],"wp:term":[{"taxonomy":"category","embeddable":true,"href":"https:\/\/immo.lecourrier.es\/index.php\/wp-json\/wp\/v2\/categories?post=69363"},{"taxonomy":"post_tag","embeddable":true,"href":"https:\/\/immo.lecourrier.es\/index.php\/wp-json\/wp\/v2\/tags?post=69363"}],"curies":[{"name":"wp","href":"https:\/\/api.w.org\/{rel}","templated":true}]}}