{"id":69360,"date":"2026-03-08T22:21:46","date_gmt":"2026-03-08T22:21:46","guid":{"rendered":"https:\/\/immo.lecourrier.es\/index.php\/2026\/03\/08\/i-particuliers-une-nouvelle-opportunite-daffaires-pour-les-espagnols-2\/"},"modified":"2026-04-25T05:38:05","modified_gmt":"2026-04-25T05:38:05","slug":"i-particuliers-une-nouvelle-opportunite-daffaires-pour-les-espagnols-2","status":"publish","type":"post","link":"https:\/\/immo.lecourrier.es\/index.php\/2026\/03\/08\/i-particuliers-une-nouvelle-opportunite-daffaires-pour-les-espagnols-2\/","title":{"rendered":"<strong>i-Particuliers : Une nouvelle opportunit\u00e9 d\u2019affaires pour les Espagnols !<\/strong>"},"content":{"rendered":"<p><span dir=\"auto\" style=\"vertical-align: inherit\"><span dir=\"auto\" style=\"vertical-align: inherit\"><\/p>\n<p><em>D\u00e9j\u00e0 pr\u00e9sent sur l\u2019ensemble du territoire fran\u00e7ais, ainsi qu\u2019en Suisse, i-Particuliers a franchit les fronti\u00e8re fin 2022 pour s\u2019implanter sur le territoire espagnol.&nbsp;<\/em><\/p>\n<p>Depuis plus de dix ans, ce r\u00e9seau immobilier \u00e0 su devenir l\u2019un des leaders du march\u00e9 gr\u00e2ce notamment, \u00e0 son opportunit\u00e9 d\u2019affaires novatrice, bas\u00e9e sur le marketing de r\u00e9seau, le partage et l\u2019entraide.&nbsp;<\/p>\n<p>Cette opportunit\u00e9 offre ainsi \u00e0 chacun, la possibilit\u00e9 de cr\u00e9er sa propre affaire en devenant agent immobilier ind\u00e9pendant.&nbsp;<\/p>\n<p><strong>Vous souhaitez avoir la libert\u00e9 d\u2019entreprendre tout en \u00e9tant bien accompagn\u00e9 ?<br \/><\/strong><strong>Vous avez le go\u00fbt du challenge et l\u2019envie de relever de nouveaux d\u00e9fis ?<br \/><\/strong><strong>Rejoignez i-Particuliers !<\/strong><\/p>\n<p>B\u00e9n\u00e9ficiez d\u2019un parcours de formation complet et d\u2019un soutien, administratif, technique et juridique pour faire de votre carri\u00e8re un v\u00e9ritable succ\u00e8s !&nbsp;<\/p>\n<figure class=\"wp-block-embed is-type-video is-provider-youtube wp-block-embed-youtube wp-embed-aspect-16-9 wp-has-aspect-ratio\">\n<div class=\"wp-block-embed__wrapper\">\n<\/div>\n<\/figure>\n<p><strong>i-Particuliers, le r\u00e9seau \u00e0 la croissance foudroyante !<\/strong><\/p>\n<p>Avec une croissance de plus de 50% cette ann\u00e9e derni\u00e8re, i-Particuliers est l\u2019un des acteurs principaux de la transformation de l\u2019immobilier.&nbsp;<\/p>\n<p>Rassemblant plus de 400 agents, ce r\u00e9seau propose des solutions innovantes pour r\u00e9pondre \u00e0 l\u2019ensemble des besoins de sa client\u00e8le, mais \u00e9galement \u00e0 celle de ses conseillers.&nbsp;<\/p>\n<p>Intervenant sur tous les aspects de l\u2019immobilier (transaction, location, gestion locative, particuliers et professionnels, prestige\u2026) i-Particuliers fait aujourd\u2019hui partie des 500 entreprises fran\u00e7aises et des 1000 entreprises europ\u00e9ennes \u00e0 la plus forte croissance*.&nbsp;<\/p>\n<p>En savoir +&nbsp;<\/p>\n<p><a href=\"mailto:contact@i-particuliers.es\" target=\"_blank\" rel=\"noreferrer noopener\">contact@i-particuliers.es<\/a><\/p>\n<p><strong>+34 613 691 614<\/strong><\/p>\n<p><em>*Selon l\u2019\u00e9tude des Echos en collaboration avec Statista<\/em><\/p>\n<p><\/span><\/span><\/p>\n","protected":false},"excerpt":{"rendered":"<p>D\u00e9j\u00e0 pr\u00e9sent sur l\u2019ensemble du territoire fran\u00e7ais, ainsi qu\u2019en Suisse, i-Particuliers a franchit les fronti\u00e8re fin 2022 pour s\u2019implanter sur le territoire espagnol.&nbsp; Depuis plus de dix ans, ce r\u00e9seau immobilier \u00e0 su devenir l\u2019un des leaders du march\u00e9 gr\u00e2ce notamment, \u00e0 son opportunit\u00e9 d\u2019affaires novatrice, bas\u00e9e sur le marketing de r\u00e9seau, le partage et [&hellip;]<\/p>\n","protected":false},"author":13,"featured_media":69361,"comment_status":"open","ping_status":"closed","sticky":false,"template":"","format":"standard","meta":{"om_disable_all_campaigns":false,"_monsterinsights_skip_tracking":false,"_monsterinsights_sitenote_active":false,"_monsterinsights_sitenote_note":"","_monsterinsights_sitenote_category":0,"_uf_show_specific_survey":0,"_uf_disable_surveys":false,"footnotes":""},"categories":[273,4454],"tags":[],"class_list":["post-69360","post","type-post","status-publish","format-standard","has-post-thumbnail","hentry","category-jobs-stages","category-prestataires"],"acf":[],"_links":{"self":[{"href":"https:\/\/immo.lecourrier.es\/index.php\/wp-json\/wp\/v2\/posts\/69360","targetHints":{"allow":["GET"]}}],"collection":[{"href":"https:\/\/immo.lecourrier.es\/index.php\/wp-json\/wp\/v2\/posts"}],"about":[{"href":"https:\/\/immo.lecourrier.es\/index.php\/wp-json\/wp\/v2\/types\/post"}],"author":[{"embeddable":true,"href":"https:\/\/immo.lecourrier.es\/index.php\/wp-json\/wp\/v2\/users\/13"}],"replies":[{"embeddable":true,"href":"https:\/\/immo.lecourrier.es\/index.php\/wp-json\/wp\/v2\/comments?post=69360"}],"version-history":[{"count":0,"href":"https:\/\/immo.lecourrier.es\/index.php\/wp-json\/wp\/v2\/posts\/69360\/revisions"}],"wp:featuredmedia":[{"embeddable":true,"href":"https:\/\/immo.lecourrier.es\/index.php\/wp-json\/wp\/v2\/media\/69361"}],"wp:attachment":[{"href":"https:\/\/immo.lecourrier.es\/index.php\/wp-json\/wp\/v2\/media?parent=69360"}],"wp:term":[{"taxonomy":"category","embeddable":true,"href":"https:\/\/immo.lecourrier.es\/index.php\/wp-json\/wp\/v2\/categories?post=69360"},{"taxonomy":"post_tag","embeddable":true,"href":"https:\/\/immo.lecourrier.es\/index.php\/wp-json\/wp\/v2\/tags?post=69360"}],"curies":[{"name":"wp","href":"https:\/\/api.w.org\/{rel}","templated":true}]}}