{"id":69312,"date":"2026-03-08T22:04:57","date_gmt":"2026-03-08T22:04:57","guid":{"rendered":"https:\/\/immo.lecourrier.es\/index.php\/2026\/03\/08\/podemos-propose-de-limiter-lachat-de-logements-par-des-etrangers-a-madrid-2\/"},"modified":"2026-04-25T05:28:54","modified_gmt":"2026-04-25T05:28:54","slug":"podemos-propose-de-limiter-lachat-de-logements-par-des-etrangers-a-madrid-2","status":"publish","type":"post","link":"https:\/\/immo.lecourrier.es\/index.php\/2026\/03\/08\/podemos-propose-de-limiter-lachat-de-logements-par-des-etrangers-a-madrid-2\/","title":{"rendered":"Podemos propose de limiter l&#8217;achat de logements par des \u00e9trangers \u00e0 Madrid"},"content":{"rendered":"<p><span dir=\"auto\" style=\"vertical-align: inherit\"><span dir=\"auto\" style=\"vertical-align: inherit\"><\/p>\n<p>Le parti politique \u00e9tudie la possibilit\u00e9 d&#8217;interdire aux \u00e9trangers d&#8217;acheter des logements tant qu&#8217;ils ne sont pas utilis\u00e9s comme r\u00e9sidence principale.<\/p>\n<p>Limites sur l&#8217;achat et la vente de maisons. La candidate de Podemos dans la Communaut\u00e9 de Madrid, Alejandra Jacinto, a annonc\u00e9 ce mardi que son groupe parlementaire \u00e9tudie une initiative visant \u00e0 interdire l&#8217;achat de logements dans la Communaut\u00e9 de Madrid par des \u00e9trangers non r\u00e9sidents, tant qu&#8217;ils ne sont pas utilis\u00e9s comme r\u00e9sidence principale.<\/p>\n<p>Elle l&#8217;a expliqu\u00e9 lors de la conf\u00e9rence de presse qui a suivi le Conseil des porte-parole \u00e0 l&#8217;Assembl\u00e9e de Madrid et des sources du parti ont pr\u00e9cis\u00e9 qu&#8217;<strong>il s&#8217;agira d&#8217;une initiative l\u00e9gislative dont les d\u00e9tails sont encore en cours d&#8217;\u00e9laboration.<\/strong><\/p>\n<p>&#8220;Notre proposition, contrairement \u00e0 celle d&#8217;Ayuso, est d&#8217;interdire, est de limiter l&#8217;achat de logements par des \u00e9trangers non-r\u00e9sidents tant qu&#8217;il ne s&#8217;agit pas du premier logement dans la Communaut\u00e9 de Madrid. Le logement dans la Communaut\u00e9 de Madrid doit cesser d&#8217;\u00eatre un bien sp\u00e9culatif, les maisons sont pour les gens&#8221;, a d\u00e9clar\u00e9 Jacinto. &#8220;Cette mesure est d\u00e9j\u00e0 appliqu\u00e9e avec succ\u00e8s dans des pays de l&#8217;UE comme le Danemark, Malte et l&#8217;Autriche, et il y a moins d&#8217;un mois, elle est entr\u00e9e en vigueur au Canada&#8221;, a-t-il d\u00e9clar\u00e9.<\/p>\n<p><strong>Ayuso propose des incitations fiscales dans la tranche d&#8217;imposition r\u00e9gionale pour les investisseurs qui ach\u00e8tent un logement \u00e0 Madrid<\/strong><\/p>\n<p>L&#8217;initiative contraste avec celle annonc\u00e9e par la pr\u00e9sidente Isabel D\u00edaz Ayuso, qui promeut une incitation fiscale pour les nouveaux investisseurs dans la Communaut\u00e9 de Madrid qui b\u00e9n\u00e9ficiera \u00e0 ceux qui ach\u00e8tent un logement, une entreprise ou des produits financiers, en recevant <strong>une r\u00e9duction dans la section r\u00e9gionale de l&#8217;Irpf de 20% de l&#8217;investissement<\/strong>. Selon Podemos, si la proposition d&#8217;Ayuso est r\u00e9alis\u00e9e, elle augmentera la &#8220;demande sp\u00e9culative&#8221; \u00e0 Madrid et augmentera &#8220;le prix des logements&#8221;.<\/p>\n<p>Le prix moyen des logements neufs et d&#8217;occasion a augment\u00e9 de 0,3% entre janvier et d\u00e9cembre, ce qui porte la variation des douze derniers mois de l&#8217;ann\u00e9e \u00e0 6,9%, le taux le plus bas depuis mars 2022, selon les donn\u00e9es de Tinsa.<\/p>\n<p>Le groupe des zones m\u00e9tropolitaines continue de maintenir une tendance positive, enregistrant une hausse mensuelle de 0,9%, par rapport \u00e0 la stagnation du segment des capitales et grandes villes, qui n&#8217;a enregistr\u00e9 aucun changement par rapport \u00e0 d\u00e9cembre. De l&#8217;autre c\u00f4t\u00e9 de l&#8217;\u00e9chelle, les territoires insulaires ont enregistr\u00e9 une baisse des prix r\u00e9sidentiels d&#8217;un point au cours du premier mois de l&#8217;ann\u00e9e, poursuivant la tendance \u00e0 la baisse amorc\u00e9e les mois pr\u00e9c\u00e9dents.<\/p>\n<p><\/span><\/span><\/p>\n","protected":false},"excerpt":{"rendered":"<p>Le parti politique \u00e9tudie la possibilit\u00e9 d&#8217;interdire aux \u00e9trangers d&#8217;acheter des logements tant qu&#8217;ils ne sont pas utilis\u00e9s comme r\u00e9sidence principale. Limites sur l&#8217;achat et la vente de maisons. La candidate de Podemos dans la Communaut\u00e9 de Madrid, Alejandra Jacinto, a annonc\u00e9 ce mardi que son groupe parlementaire \u00e9tudie une initiative visant \u00e0 interdire l&#8217;achat [&hellip;]<\/p>\n","protected":false},"author":13,"featured_media":24934,"comment_status":"open","ping_status":"closed","sticky":false,"template":"","format":"standard","meta":{"om_disable_all_campaigns":false,"_monsterinsights_skip_tracking":false,"_monsterinsights_sitenote_active":false,"_monsterinsights_sitenote_note":"","_monsterinsights_sitenote_category":0,"_uf_show_specific_survey":0,"_uf_disable_surveys":false,"footnotes":""},"categories":[212],"tags":[],"class_list":["post-69312","post","type-post","status-publish","format-standard","has-post-thumbnail","hentry","category-breaking-news"],"acf":[],"_links":{"self":[{"href":"https:\/\/immo.lecourrier.es\/index.php\/wp-json\/wp\/v2\/posts\/69312","targetHints":{"allow":["GET"]}}],"collection":[{"href":"https:\/\/immo.lecourrier.es\/index.php\/wp-json\/wp\/v2\/posts"}],"about":[{"href":"https:\/\/immo.lecourrier.es\/index.php\/wp-json\/wp\/v2\/types\/post"}],"author":[{"embeddable":true,"href":"https:\/\/immo.lecourrier.es\/index.php\/wp-json\/wp\/v2\/users\/13"}],"replies":[{"embeddable":true,"href":"https:\/\/immo.lecourrier.es\/index.php\/wp-json\/wp\/v2\/comments?post=69312"}],"version-history":[{"count":0,"href":"https:\/\/immo.lecourrier.es\/index.php\/wp-json\/wp\/v2\/posts\/69312\/revisions"}],"wp:featuredmedia":[{"embeddable":true,"href":"https:\/\/immo.lecourrier.es\/index.php\/wp-json\/wp\/v2\/media\/24934"}],"wp:attachment":[{"href":"https:\/\/immo.lecourrier.es\/index.php\/wp-json\/wp\/v2\/media?parent=69312"}],"wp:term":[{"taxonomy":"category","embeddable":true,"href":"https:\/\/immo.lecourrier.es\/index.php\/wp-json\/wp\/v2\/categories?post=69312"},{"taxonomy":"post_tag","embeddable":true,"href":"https:\/\/immo.lecourrier.es\/index.php\/wp-json\/wp\/v2\/tags?post=69312"}],"curies":[{"name":"wp","href":"https:\/\/api.w.org\/{rel}","templated":true}]}}