{"id":69311,"date":"2026-03-08T22:04:52","date_gmt":"2026-03-08T22:04:52","guid":{"rendered":"https:\/\/immo.lecourrier.es\/index.php\/2026\/03\/08\/fin-du-masque-obligatoire-dans-les-transports-publics-2\/"},"modified":"2026-04-25T05:28:53","modified_gmt":"2026-04-25T05:28:53","slug":"fin-du-masque-obligatoire-dans-les-transports-publics-2","status":"publish","type":"post","link":"https:\/\/immo.lecourrier.es\/index.php\/2026\/03\/08\/fin-du-masque-obligatoire-dans-les-transports-publics-2\/","title":{"rendered":"Fin du masque obligatoire dans les transports publics"},"content":{"rendered":"<p><span dir=\"auto\" style=\"vertical-align: inherit\"><span dir=\"auto\" style=\"vertical-align: inherit\"><\/p>\n<p>Le gouvernement espagnol via son Conseil des ministres vient de modifier la r\u00e9glementation concernant le port obligatoire du masque.&nbsp;Presque trois ans apr\u00e8s le d\u00e9but de la pand\u00e9mie et alors que le nombre de personnes hospitalis\u00e9es pour cause de Covid devient symbolique, le port du masque dans les transports en public cesse d\u2019\u00eatre obligatoire.<\/p>\n<p>Bien qu&#8217;il soit retir\u00e9 dans les transports publics, les magasins d&#8217;optique, les centres d&#8217;audition et d&#8217;orthop\u00e9die, il reste n\u00e9cessaire dans les lieux ferm\u00e9s fr\u00e9quent\u00e9s par des personnes \u00e0 risque \u00e0 savoir, dans les hopitaux et centres de sant\u00e9, cliniques dentaires, pharmacies et maisons de retraite.&nbsp;<\/p>\n<p>Les autorit\u00e9s sanitaires rappellent que des mesures simples, comme ventiler les espaces ferm\u00e9s et se laver r\u00e9guli\u00e8rement les mains, continuent d\u2019\u00eatre des m\u00e9thodes efficaces pour se prot\u00e9ger du Covid, mais \u00e9galement d\u2019autres virus.<\/p>\n<p>Malgr\u00e9 cette nouvelle mesure qui concerne l\u2019ensemble de l\u2019Espagne, dans la r\u00e9gion de Valencia, l\u2019interdiction de fumer en terrasse reste maintenue.&nbsp;Cette interdiction, prise au moment du Covid reste en place, mais cette fois au nom de la lutte contre le tabagisme.&nbsp;Contre toute attente et surtout contre la volont\u00e9 des professionnels de la restauration,&nbsp;Ximo&nbsp;Puig, le pr\u00e9sident de la&nbsp;Comunidad&nbsp;Valenciana, a r\u00e9it\u00e9r\u00e9 son souhait de&nbsp;\u00a8lutter&nbsp;de cette mani\u00e8re contre le&nbsp;tabagisme&#8217;.<\/p>\n<p>Les fumeurs&nbsp;(les plus ob\u00e9issants du moins)&nbsp;continueront donc de fumer debout \u00e0 quelques pas de leur table\u2026<\/p>\n<p class=\"has-text-align-right\">Laurence Lemoine<\/p>\n<p class=\"has-text-align-right\"><a href=\"https:\/\/www.valencia-expat-services.com\/\">Valencia Expat services<\/a><br \/><a href=\"http:\/\/www.madrid-expat-services.com\/\">Madrid<\/a>&nbsp;<a href=\"https:\/\/barcelona-expat-services.es\/fr\/\">Barcelone<\/a>&nbsp;<a href=\"http:\/\/www.javea-denia-expat-services.com\/\">Javea-Denia<\/a><\/p>\n<p><\/span><\/span><\/p>\n","protected":false},"excerpt":{"rendered":"<p>Le gouvernement espagnol via son Conseil des ministres vient de modifier la r\u00e9glementation concernant le port obligatoire du masque.&nbsp;Presque trois ans apr\u00e8s le d\u00e9but de la pand\u00e9mie et alors que le nombre de personnes hospitalis\u00e9es pour cause de Covid devient symbolique, le port du masque dans les transports en public cesse d\u2019\u00eatre obligatoire. Bien qu&#8217;il [&hellip;]<\/p>\n","protected":false},"author":13,"featured_media":24931,"comment_status":"open","ping_status":"closed","sticky":false,"template":"","format":"standard","meta":{"om_disable_all_campaigns":false,"_monsterinsights_skip_tracking":false,"_monsterinsights_sitenote_active":false,"_monsterinsights_sitenote_note":"","_monsterinsights_sitenote_category":0,"_uf_show_specific_survey":0,"_uf_disable_surveys":false,"footnotes":""},"categories":[212,4503],"tags":[],"class_list":["post-69311","post","type-post","status-publish","format-standard","has-post-thumbnail","hentry","category-breaking-news","category-transport"],"acf":[],"_links":{"self":[{"href":"https:\/\/immo.lecourrier.es\/index.php\/wp-json\/wp\/v2\/posts\/69311","targetHints":{"allow":["GET"]}}],"collection":[{"href":"https:\/\/immo.lecourrier.es\/index.php\/wp-json\/wp\/v2\/posts"}],"about":[{"href":"https:\/\/immo.lecourrier.es\/index.php\/wp-json\/wp\/v2\/types\/post"}],"author":[{"embeddable":true,"href":"https:\/\/immo.lecourrier.es\/index.php\/wp-json\/wp\/v2\/users\/13"}],"replies":[{"embeddable":true,"href":"https:\/\/immo.lecourrier.es\/index.php\/wp-json\/wp\/v2\/comments?post=69311"}],"version-history":[{"count":0,"href":"https:\/\/immo.lecourrier.es\/index.php\/wp-json\/wp\/v2\/posts\/69311\/revisions"}],"wp:featuredmedia":[{"embeddable":true,"href":"https:\/\/immo.lecourrier.es\/index.php\/wp-json\/wp\/v2\/media\/24931"}],"wp:attachment":[{"href":"https:\/\/immo.lecourrier.es\/index.php\/wp-json\/wp\/v2\/media?parent=69311"}],"wp:term":[{"taxonomy":"category","embeddable":true,"href":"https:\/\/immo.lecourrier.es\/index.php\/wp-json\/wp\/v2\/categories?post=69311"},{"taxonomy":"post_tag","embeddable":true,"href":"https:\/\/immo.lecourrier.es\/index.php\/wp-json\/wp\/v2\/tags?post=69311"}],"curies":[{"name":"wp","href":"https:\/\/api.w.org\/{rel}","templated":true}]}}