{"id":69303,"date":"2026-03-08T21:56:30","date_gmt":"2026-03-08T21:56:30","guid":{"rendered":"https:\/\/immo.lecourrier.es\/index.php\/2026\/03\/08\/limpot-sur-le-patrimoine-de-quoi-sagit-il-et-comment-fonctionne-t-il-en-espagne-2\/"},"modified":"2026-04-25T05:24:30","modified_gmt":"2026-04-25T05:24:30","slug":"limpot-sur-le-patrimoine-de-quoi-sagit-il-et-comment-fonctionne-t-il-en-espagne-2","status":"publish","type":"post","link":"https:\/\/immo.lecourrier.es\/index.php\/2026\/03\/08\/limpot-sur-le-patrimoine-de-quoi-sagit-il-et-comment-fonctionne-t-il-en-espagne-2\/","title":{"rendered":"L&#8217;imp\u00f4t sur le patrimoine: de quoi s&#8217;agit-il et comment fonctionne-t-il en Espagne ?"},"content":{"rendered":"<p><span dir=\"auto\" style=\"vertical-align: inherit\"><span dir=\"auto\" style=\"vertical-align: inherit\"><\/p>\n<p><em>L&#8217;imp\u00f4t sur le patrimoine est un imp\u00f4t sur le patrimoine personnel qui est g\u00e9r\u00e9 par les r\u00e9gions autonomes: d\u00e9couvrez son fonctionnement.<\/em><\/p>\n<p>L&#8217;un des imp\u00f4ts dont on a le plus parl\u00e9 ces derniers mois est l&#8217;imp\u00f4t sur le patrimoine. Cet imp\u00f4t est pr\u00e9lev\u00e9 sur le patrimoine personnel des particuliers et est calcul\u00e9 en tenant compte de la valeur de tous leurs actifs. Cependant, il ne fonctionne pas de la m\u00eame mani\u00e8re dans toutes les communaut\u00e9s autonomes, car c&#8217;est un imp\u00f4t qui tend \u00e0 dispara\u00eetre dans les pays qui nous entourent. Nous vous expliquons <strong>ce qu&#8217;est<\/strong> <strong>l&#8217;imp\u00f4t sur le patrimoine et comment il fonctionne en 2023.<\/strong><\/p>\n<p><strong>L&#8217;imp\u00f4t sur le patrimoine et l&#8217;imp\u00f4t sur le revenu des personnes physiques<\/strong><\/p>\n<ul class=\"wp-block-list\">\n<li>Comment est calcul\u00e9 l&#8217;imp\u00f4t sur le patrimoine ?<\/li>\n<\/ul>\n<p><strong>L&#8217;imp\u00f4t sur le patrimoine est r\u00e9glement\u00e9 par les Communaut\u00e9s autonomes<br \/>L&#8217;imp\u00f4t sur l<strong>e patrimoine<\/strong><\/strong> <strong>des communaut\u00e9s autonomes<\/strong><\/p>\n<ul class=\"wp-block-list\">\n<li>Andalousie<\/li>\n<li>Aragon<\/li>\n<li>Asturies<\/li>\n<li>\u00celes Bal\u00e9ares<\/li>\n<li>\u00celes Canaries<\/li>\n<li>Cantabrie<\/li>\n<li>Castille et L\u00e9on<\/li>\n<li>Castille-La Mancha<\/li>\n<li>Catalogne<\/li>\n<li>Estr\u00e9madure<\/li>\n<li>Galice<\/li>\n<li>Madrid<\/li>\n<li>Murcie<\/li>\n<li>La Rioja<\/li>\n<li>Communaut\u00e9 valencienne<\/li>\n<li>Pays basque<\/li>\n<li>Navarre<\/li>\n<\/ul>\n<p><strong>Quel est le montant de l&#8217;imp\u00f4t sur l<strong>e patrimoine<\/strong> per\u00e7u en Espagne?<br \/>Qui doit payer l&#8217;imp\u00f4t sur l<strong>e patrimoine<\/strong>?<\/strong><\/p>\n<figure class=\"wp-block-image size-large is-resized\"><img decoding=\"async\" src=\"https:\/\/immo.lecourrier.es\/wp-content\/uploads\/2024\/04\/close-up-detail-of-professional-serious-accountant-sitting-in-light-office-checking-company-finance-profits-on-calculator-1024x683.jpg\"><\/figure>\n<\/p>\n<p><strong>Qu&#8217;est-ce que l&#8217;imp\u00f4t sur l<strong>e patrimoine<\/strong>?<\/strong><\/p>\n<p><strong>L&#8217;imp\u00f4t sur l<strong>e patrimoine<\/strong> est un imp\u00f4t direct <\/strong>associ\u00e9 aux personnes physiques et \u00e0 leur patrimoine. Il est pr\u00e9lev\u00e9 sur l&#8217;ensemble des biens et droits \u00e0 contenu \u00e9conomique dont le contribuable est propri\u00e9taire, sous d\u00e9duction des charges et hypoth\u00e8ques qui en diminuent la valeur, ainsi que sur les dettes et obligations personnelles dont le contribuable est redevable.<\/p>\n<p>Par ailleurs, la loi sur l&#8217;imp\u00f4t sur le patrimoine est r\u00e9gie par la loi 19\/1991 du 6 juin 1991 et sa gestion est autonome, ce qui entra\u00eene, comme nous le verrons, des diff\u00e9rences importantes dans son application.<\/p>\n<p><strong>L&#8217;imp\u00f4t sur l<strong>e patrimoine<\/strong> par opposition \u00e0 l&#8217;imp\u00f4t sur le revenu des personnes physiques<\/strong><\/p>\n<p>Il est important de diff\u00e9rencier l&#8217;imp\u00f4t sur le patrimoine de l&#8217;imp\u00f4t sur le revenu des personnes physiques (IRPF): alors que l&#8217;imp\u00f4t sur le revenu des personnes physiques est pr\u00e9lev\u00e9 sur le revenu annuel, l&#8217;imp\u00f4t sur le patrimoine se concentre sur le patrimoine personnel de chaque personne et est calcul\u00e9 en tenant compte de la valeur de tous ses actifs, \u00e0 quelques exceptions pr\u00e8s. Les deux taxes sont donc compl\u00e9mentaires.<\/p>\n<p><strong>Comment est calcul\u00e9 l&#8217;imp\u00f4t sur l<strong>e patrimoine<\/strong> ?<\/strong><\/p>\n<p>L&#8217;imp\u00f4t sur la fortune <strong>est d\u00fb le 31 d\u00e9cembre <\/strong>de chaque ann\u00e9e. Cela signifie que le patrimoine pris en compte est celui que le contribuable poss\u00e8de \u00e0 cette date pr\u00e9cise.<\/p>\n<p>Pour s&#8217;acquitter de cette obligation fiscale, il est n\u00e9cessaire de remplir le formulaire 714, en suivant le m\u00eame calendrier fiscal applicable \u00e0 la d\u00e9claration de l&#8217;imp\u00f4t sur le revenu.<\/p>\n<p>Lors de la comptabilisation de votre patrimoine, certains actifs sont faciles \u00e0 \u00e9valuer: comptes bancaires, actions, fonds de placement\u2026 Dans le cas des biens immobiliers, la situation se complique et vous devrez prendre la valeur maximale entre les deux :<\/p>\n<ul class=\"wp-block-list\">\n<li><strong>La valeur cadastrale <\/strong>indiqu\u00e9e dans la facture de la taxe fonci\u00e8re 2021<\/li>\n<li><strong>La valeur d\u00e9termin\u00e9e ou v\u00e9rifi\u00e9e<\/strong> par l&#8217;administration aux fins d&#8217;autres imp\u00f4ts, tels que, par exemple, les droits de mutation et les droits de timbre ou les droits de succession et de donation. N&#8217;oubliez pas que la nouvelle valeur de r\u00e9f\u00e9rence cadastrale vous concerne si vous avez achet\u00e9 un bien apr\u00e8s le 1er janvier 2022.<\/li>\n<li><strong>Le prix<\/strong>, la contrepartie ou la valeur de l&#8217;acquisition<\/li>\n<\/ul>\n<p>Quant aux dettes, elles sont \u00e9valu\u00e9es \u00e0 leur valeur nominale \u00e0 la date de la naissance de l&#8217;imp\u00f4t et ne peuvent \u00eatre d\u00e9duites que lorsqu&#8217;elles sont d\u00fbment justifi\u00e9es.<\/p>\n<p>Enfin, si vous vous demandez quels sont <strong>les biens qui font partie de votre patrimoine<\/strong> et qui doivent donc \u00eatre inclus dans la valeur imposable, en g\u00e9n\u00e9ral (il y a d&#8217;importantes exceptions), vous devez inclure vos biens immobiliers, vos d\u00e9p\u00f4ts bancaires, vos actions ou participations, vos assurances-vie et rentes temporaires ou viag\u00e8res, vos bijoux, fourrures, objets d&#8217;art et antiquit\u00e9s, vos v\u00e9hicules de plus de 125 cm3, vos avions et bateaux, ou encore vos droits r\u00e9els et concessions administratives.<\/p>\n<p><strong>L&#8217;imp\u00f4t sur le patrimoine est r\u00e9glement\u00e9 par les communaut\u00e9s autonomes<\/strong><\/p>\n<p>Pour beaucoup de personnes, il s&#8217;agit d&#8217;un imp\u00f4t inconnu car, dans la pratique, il n&#8217;est pas appliqu\u00e9 dans toutes les communaut\u00e9s autonomes ni \u00e0 la majorit\u00e9 des Espagnols, puisque sa gestion est c\u00e9d\u00e9e \u00e0 chaque communaut\u00e9 et qu&#8217;il est destin\u00e9 \u00e0 taxer les grandes fortunes.<\/p>\n<p>Ce n&#8217;est qu&#8217;\u00e0 partir de certains montants, normalement \u00e9lev\u00e9s, qu&#8217;il faut pr\u00e9senter le formulaire correspondant et payer, le cas \u00e9ch\u00e9ant, le montant pr\u00e9vu par la r\u00e9glementation de la r\u00e9gion autonome o\u00f9 le contribuable paie ses imp\u00f4ts.<\/p>\n<p>C&#8217;est la raison pour laquelle il peut y avoir des exemptions minimales diff\u00e9rentes dans chaque r\u00e9gion autonome. Il est \u00e9galement possible d&#8217;appliquer des d\u00e9ductions et des abattements diff\u00e9rents, de d\u00e9finir des taux d&#8217;imposition diff\u00e9rents et, en pratique, d&#8217;\u00e9liminer compl\u00e8tement l&#8217;application, comme c&#8217;est le cas pour <strong>l&#8217;imp\u00f4t sur le patrimoine dans la Communaut\u00e9 de Madrid<\/strong>, o\u00f9 l&#8217;abattement est de 100%.<\/p>\n<p>Ce sont pr\u00e9cis\u00e9ment les grandes diff\u00e9rences r\u00e9gionales qui ont conduit le gouvernement \u00e0 proposer une unification de cet imp\u00f4t et, finalement, \u00e0 concevoir le nouvel imp\u00f4t sur les grandes fortunes, qui sera pr\u00e9lev\u00e9 sur les patrimoines sup\u00e9rieurs \u00e0 trois millions d&#8217;euros afin qu&#8217;ils ne puissent pas \u00eatre exon\u00e9r\u00e9s par les abattements des gouvernements r\u00e9gionaux.<\/p>\n<p><strong>Imp\u00f4t sur l<strong>e patrimoine<\/strong> par communaut\u00e9 autonome<\/strong><\/p>\n<p>Ce sont quelques-unes des principales donn\u00e9es sur l&#8217;imp\u00f4t sur la fortune par communaut\u00e9 autonome, incluses dans le rapport &#8220;Panorama de la Fiscalidad Auton\u00f3mica y Foral 2022&#8221; du Conseil g\u00e9n\u00e9ral des \u00e9conomistes. En ce qui concerne les taux, chaque tableau approuv\u00e9 dans chaque r\u00e9gion autonome sera appliqu\u00e9, ce qui ne co\u00efncide pas toujours avec le tableau national :<\/p>\n<p><strong>Andalousie<\/strong><\/p>\n<ul class=\"wp-block-list\">\n<li>Minimum exon\u00e9r\u00e9: 700.000 euros en g\u00e9n\u00e9ral<\/li>\n<\/ul>\n<p>Nouveau: Lorsque le contribuable est consid\u00e9r\u00e9 comme une personne handicap\u00e9e, l&#8217;exemption minimale est fix\u00e9e \u00e0:<\/p>\n<ul class=\"wp-block-list\">\n<li>1.25 millions d&#8217;euros si le taux d&#8217;invalidit\u00e9 est \u00e9gal ou sup\u00e9rieur \u00e0 33 % et inf\u00e9rieur \u00e0 65 %<\/li>\n<li>1.5 millions d&#8217;euros si le taux d&#8217;invalidit\u00e9 est \u00e9gal ou sup\u00e9rieur \u00e0 65%<\/li>\n<\/ul>\n<p><strong>Aragon<\/strong><\/p>\n<ul class=\"wp-block-list\">\n<li>Minimum exon\u00e9r\u00e9: 400.000 euros.<\/li>\n<li>Remise de 99% pour les personnes handicap\u00e9es propri\u00e9taires d&#8217;un bien prot\u00e9g\u00e9 r\u00e9glement\u00e9 par la loi 41\/2013, sur l&#8217;imp\u00f4t \u00e0 payer qui correspond proportionnellement aux biens ou aux droits inclus dans ledit bien, avec une limite de 300.000 euros. Pour le reste des actifs, il n&#8217;y aura aucune allocation.<\/li>\n<\/ul>\n<p><strong>Asturies<\/strong><\/p>\n<ul class=\"wp-block-list\">\n<li>Minimum exon\u00e9r\u00e9: le minimum d&#8217;\u00c9tat de 700.000 euros.<\/li>\n<li>Remise de 99% sur la partie de l&#8217;imp\u00f4t \u00e0 payer qui correspond aux biens et droits faisant partie du patrimoine sp\u00e9cialement prot\u00e9g\u00e9 du contribuable.<\/li>\n<\/ul>\n<p><strong>\u00celes Bal\u00e9ares<\/strong><\/p>\n<ul class=\"wp-block-list\">\n<li>Minimum exon\u00e9r\u00e9: le minimum d&#8217;\u00c9tat de 700.000 euros.<\/li>\n<li>Remise de 90% sur la partie proportionnelle de l&#8217;imp\u00f4t correspondant \u00e0 la pleine propri\u00e9t\u00e9 des biens de consommation culturelle vis\u00e9s \u00e0 l&#8217;article 5 de la loi 3\/2015, qui r\u00e9glemente la consommation culturelle et le m\u00e9c\u00e9nat de d\u00e9veloppement culturel, scientifique et technologique, et \u00e9tablit les mesures fiscales.<\/li>\n<\/ul>\n<p><strong>\u00celes Canaries<\/strong><\/p>\n<ul class=\"wp-block-list\">\n<li>Minimum exon\u00e9r\u00e9: le minimum d&#8217;\u00c9tat de 700.000 euros.<\/li>\n<li>Les biens et droits \u00e0 contenu \u00e9conomique qui font partie du patrimoine sp\u00e9cialement prot\u00e9g\u00e9 du contribuable sont d\u00e9clar\u00e9s exon\u00e9r\u00e9s lorsqu&#8217;ils sont calcul\u00e9s pour la d\u00e9termination de la base imposable du contribuable.<\/li>\n<\/ul>\n<p><strong>Cantabrie<\/strong><\/p>\n<ul class=\"wp-block-list\">\n<li>Minimum exon\u00e9r\u00e9: le minimum d&#8217;\u00c9tat de 700.000 euros.<\/li>\n<\/ul>\n<p><strong>Catalogne<\/strong><\/p>\n<ul class=\"wp-block-list\">\n<li>Minimum exon\u00e9r\u00e9: 500.000 euros.<\/li>\n<li>Remise de 95% sur le quota proportionnellement correspondant pour les propri\u00e9t\u00e9s foresti\u00e8res, \u00e0 condition qu&#8217;elles disposent d&#8217;un instrument de gestion d\u00fbment approuv\u00e9 par l&#8217;administration foresti\u00e8re comp\u00e9tente de Catalogne.<\/li>\n<li>Remise de 99% sur la partie de l&#8217;imp\u00f4t qui correspond proportionnellement aux biens ou droits \u00e0 contenu \u00e9conomique qui font partie du patrimoine prot\u00e9g\u00e9 constitu\u00e9 en vertu de la loi 25\/2010, du deuxi\u00e8me livre du Code civil de Catalogne, relatif \u00e0 la personne et \u00e0 la famille.<\/li>\n<\/ul>\n<p><strong>Estr\u00e9madure<\/strong><\/p>\n<ul class=\"wp-block-list\">\n<li>Minimum exon\u00e9r\u00e9: 500.000 euros.<\/li>\n<\/ul>\n<p>Des exemptions minimales sont r\u00e9glement\u00e9es pour les personnes handicap\u00e9es :<\/p>\n<ul class=\"wp-block-list\">\n<li>600.000 euros si le degr\u00e9 d&#8217;invalidit\u00e9 est compris entre 33% et 50%.<\/li>\n<li>700.000 euros si le degr\u00e9 d&#8217;invalidit\u00e9 est compris entre 50% et 65%.<\/li>\n<li>800.000 euros si l&#8217;invalidit\u00e9 d\u00e9passe 65%.<\/li>\n<\/ul>\n<p><strong>Galice <\/strong><\/p>\n<ul class=\"wp-block-list\">\n<li>Minimum exon\u00e9r\u00e9: le minimum d&#8217;\u00c9tat de 700.000 euros.<\/li>\n<li>Il existe diff\u00e9rentes d\u00e9ductions pour la cr\u00e9ation de nouvelles entreprises ou l&#8217;expansion de l&#8217;activit\u00e9 d&#8217;entreprises existantes. De m\u00eame pour les parts du capital social, les pr\u00eats consentis en faveur de certaines soci\u00e9t\u00e9s ou les garanties que le contribuable fournit personnellement en faveur de ces entit\u00e9s, entre autres points.<\/li>\n<\/ul>\n<p><strong>Madrid<\/strong><\/p>\n<ul class=\"wp-block-list\">\n<li>Minimum exon\u00e9r\u00e9: le minimum d&#8217;\u00c9tat de 700.000 euros.<\/li>\n<li>Une r\u00e9duction de 100%, de sorte que les r\u00e9sidents de cette communaut\u00e9 n&#8217;auront pas \u00e0 payer cette taxe. Toutefois, les contribuables dont la valeur des biens et droits est sup\u00e9rieure \u00e0 2 millions d&#8217;euros devront d\u00e9poser une d\u00e9claration de revenus.<\/li>\n<\/ul>\n<p><strong>Murcie<\/strong><\/p>\n<ul class=\"wp-block-list\">\n<li>Minimum exon\u00e9r\u00e9: le minimum d&#8217;\u00c9tat de 700.000 euros.<\/li>\n<li>Nouveau: D\u00e9duction de 100% du montant des sommes allou\u00e9es au cours de l&#8217;ann\u00e9e suivant la date de r\u00e9gularisation \u00e0 des projets d&#8217;int\u00e9r\u00eat public r\u00e9gional exceptionnel. Pour l&#8217;application de cette d\u00e9duction, l&#8217;accr\u00e9ditation des contributions d\u00e9ductibles sera requise, ce qui sera justifi\u00e9 au moyen d&#8217;un certificat \u00e9mis par l&#8217;entit\u00e9 b\u00e9n\u00e9ficiaire. Cette d\u00e9duction est appliqu\u00e9e aux r\u00e9gularisations d&#8217;imp\u00f4ts intervenant au 31 d\u00e9cembre 2021.<\/li>\n<\/ul>\n<p><strong>La Rioja<\/strong><\/p>\n<ul class=\"wp-block-list\">\n<li>Minimum exon\u00e9r\u00e9: le minimum d&#8217;\u00c9tat de 700.000 euros.<\/li>\n<li>D\u00e9duction de 25% si, parmi les biens ou les droits du contribuable, il y en a qui ont \u00e9t\u00e9 ou seront utilis\u00e9s au cours de l&#8217;ann\u00e9e suivant la date d&#8217;exigibilit\u00e9 de l&#8217;imp\u00f4t pour cr\u00e9er une fondation ou augmenter la dotation fondatrice d&#8217;une fondation existante, \u00e0 condition qu&#8217;elle soit domicili\u00e9e \u00e0 La Rioja et inscrite au recensement des entit\u00e9s et des activit\u00e9s dans le domaine du m\u00e9c\u00e9nat et qu&#8217;elle poursuive des objectifs inclus dans la strat\u00e9gie r\u00e9gionale de m\u00e9c\u00e9nat.<\/li>\n<\/ul>\n<p><strong>La Communaut\u00e9 valencienne<\/strong><\/p>\n<p>Minimum exon\u00e9r\u00e9: 500.000 euros ou 1 million d&#8217;euros pour les contribuables atteints d&#8217;un handicap mental dont le degr\u00e9 d&#8217;invalidit\u00e9 est \u00e9gal ou sup\u00e9rieur \u00e0 33% et pour les contribuables atteints d&#8217;un handicap physique ou sensoriel dont le degr\u00e9 d&#8217;invalidit\u00e9 est \u00e9gal ou sup\u00e9rieur \u00e0 65%.<\/p>\n<p><strong>Pays basque<\/strong><\/p>\n<p>Avec l&#8217;approbation en 2018 de l&#8217;imp\u00f4t sur la fortune au Gipuzkoa, les trois territoires ont align\u00e9 le seul pr\u00e9l\u00e8vement qu&#8217;ils avaient gard\u00e9 d\u00e9sharmonis\u00e9.<br \/>En Alava et Bizkaia, la base imposable sera r\u00e9duite de 800.000 euros en tant qu&#8217;exemption minimale, tandis qu&#8217;au Gipuzkoa, elle est fix\u00e9e \u00e0 700.000 euros.<br \/>Il existe toute une s\u00e9rie d&#8217;exemptions dans chaque territoire.<\/p>\n<p><strong>Navarre<\/strong><\/p>\n<p>L&#8217;exon\u00e9ration minimale est fix\u00e9e \u00e0 550.000 euros.<br \/>Exemptions:<\/p>\n<ul class=\"wp-block-list\">\n<li>Exon\u00e9ration pour la r\u00e9sidence principale : 250.000 euros.<\/li>\n<li>Exemptions similaires \u00e0 celles de la r\u00e9glementation nationale pour les entreprises familiales.<\/li>\n<\/ul>\n<p>Les contribuables dont l&#8217;imp\u00f4t est exigible ou lorsque, en l&#8217;absence de cette circonstance, la valeur de leurs biens ou droits d\u00e9termin\u00e9e conform\u00e9ment aux r\u00e8gles r\u00e9gissant l&#8217;imp\u00f4t est sup\u00e9rieure \u00e0 1.000 000 d&#8217;euros sont tenus de d\u00e9poser une d\u00e9claration d&#8217;imp\u00f4t.<\/p>\n<p><strong>Quel est le montant de l&#8217;imp\u00f4t sur l<strong>e patrimoine<\/strong> per\u00e7u en Espagne ?<\/strong><\/p>\n<p>Si l&#8217;on prend les donn\u00e9es de 2019 (la derni\u00e8re ann\u00e9e pour laquelle il existe des chiffres officiels publi\u00e9s par l&#8217;Agence fiscale), cette ann\u00e9e-l\u00e0, seules 212 284 d\u00e9clarations ont \u00e9t\u00e9 d\u00e9pos\u00e9es pour un patrimoine net moyen de pr\u00e8s de 3.5 millions d&#8217;euros. <strong>Le montant per\u00e7u a \u00e9t\u00e9 de pr\u00e8s de 1.2 millions d&#8217;euros<\/strong>, un montant tr\u00e8s faible compar\u00e9 aux 86.892 millions d&#8217;euros correspondant \u00e0 l&#8217;imp\u00f4t sur le revenu des personnes physiques ou aux 71.538 millions d&#8217;euros correspondant \u00e0 la TVA la m\u00eame ann\u00e9e.<\/p>\n<p><strong>Qui doit payer l&#8217;imp\u00f4t sur l<strong>e patrimoine<\/strong> ?<\/strong><\/p>\n<p>En g\u00e9n\u00e9ral, vous devez pr\u00eater attention \u00e0 la r\u00e9glementation de votre communaut\u00e9 autonome avant de remplir le formulaire d&#8217;imp\u00f4t et, bien qu&#8217;il existe certaines directives au niveau de l&#8217;\u00c9tat qui peuvent vous guider, faites attention car elles peuvent ne pas fonctionner comme cela dans votre communaut\u00e9 autonome: il est pr\u00e9f\u00e9rable de consulter un conseiller fiscal afin d&#8217;\u00e9viter les erreurs et d&#8217;envisager toutes les particularit\u00e9s qui peuvent vous \u00eatre b\u00e9n\u00e9fiques. Par exemple, l&#8217;exemption de certains actifs, des exemptions minimales diff\u00e9rentes pour les personnes handicap\u00e9es, etc.<\/p>\n<p>Au niveau de l&#8217;\u00c9tat :<\/p>\n<ul class=\"wp-block-list\">\n<li>Il existe <strong>une exemption d&#8217;\u00c9tat de 300.000 euros<\/strong> <strong>qui s&#8217;applique \u00e0 la r\u00e9sidence principale.<\/strong> Par cons\u00e9quent, seule la valeur qui d\u00e9passe ce montant, ainsi que les biens que vous poss\u00e9dez et qui ne sont pas votre r\u00e9sidence principale, seront comptabilis\u00e9s comme des actifs.<\/li>\n<li>Une fois que ces 300.000 euros ont \u00e9t\u00e9 d\u00e9duits (si votre maison vaut moins, vous ne devez tout simplement pas la compter dans votre patrimoine), il existe un <strong>minimum g\u00e9n\u00e9ral exon\u00e9r\u00e9 de 700.000 euros <\/strong>qui s&#8217;applique ind\u00e9pendamment de l&#8217;exon\u00e9ration ci-dessus. N&#8217;oubliez pas que dans certaines r\u00e9gions autonomes, ce minimum exon\u00e9r\u00e9 varie et peut \u00eatre inf\u00e9rieur. Par exemple, en Catalogne, il est de 500.000 euros et en Aragon, de 400.000 euros.<\/li>\n<\/ul>\n<p>En principe, \u00e0 moins que votre r\u00e9glementation r\u00e9gionale n&#8217;en dispose autrement, ce n&#8217;est que si vous d\u00e9passez ces deux seuils que vous serez soumis \u00e0 cet imp\u00f4t et devrez remplir le formulaire correspondant, mais il existe une exception: vous serez oblig\u00e9 de d\u00e9clarer l&#8217;ISF lorsque votre patrimoine brut (c&#8217;est-\u00e0-dire sans d\u00e9duire vos dettes ni les exon\u00e9rations ant\u00e9rieures) d\u00e9passe deux millions d&#8217;euros.<\/p>\n<p>N&#8217;oubliez pas non plus que les entreprises familiales, qu&#8217;elles soient commerciales ou professionnelles, ainsi que les participations dans des entit\u00e9s class\u00e9es comme entreprises familiales, ne sont pas comptabilis\u00e9es dans le patrimoine.<\/p>\n<p><strong>Pour savoir si vous \u00eates soumis \u00e0 l&#8217;ISF<\/strong>, vous devez additionner la valeur de tous vos biens et droits, en d\u00e9duisant les exon\u00e9rations minimales, ainsi que vos dettes. Vous obtiendrez alors la base nette imposable et \u00e0 cette somme vous devrez appliquer les diff\u00e9rents taux d&#8217;imposition applicables \u00e0 chaque tranche. Vous pourrez \u00e9galement appliquer les abattements ou r\u00e9ductions correspondants.<\/p>\n<p>N&#8217;oubliez pas non plus que, dans le cas des mariages en r\u00e9gime de communaut\u00e9 de biens, les biens du mariage appartiennent \u00e0 chacune des parties pour moiti\u00e9. Une fois le patrimoine divis\u00e9 par deux, chacun des membres du couple peut calculer s\u00e9par\u00e9ment s&#8217;il est imposable ou non: les exon\u00e9rations ne sont pas divis\u00e9es, mais appliqu\u00e9es int\u00e9gralement \u00e0 chaque personne.<\/p>\n<p>Par exemple, s&#8217;il existe un bien d&#8217;une valeur de 400.000 euros appartenant \u00e0 la communaut\u00e9 de biens, vous serez tous deux exon\u00e9r\u00e9s, puisque les 200.000 euros qui correspondent \u00e0 chaque partie du couple ne d\u00e9passent pas l&#8217;exon\u00e9ration minimale de 300.000 euros qui s&#8217;applique \u00e0 chacun d&#8217;entre vous.<\/p>\n<p><em>(traduction r\u00e9actualis\u00e9e le 15\/02)<\/em><\/p>\n<p><\/span><\/span><\/p>\n","protected":false},"excerpt":{"rendered":"<p>L&#8217;imp\u00f4t sur le patrimoine est un imp\u00f4t sur le patrimoine personnel qui est g\u00e9r\u00e9 par les r\u00e9gions autonomes: d\u00e9couvrez son fonctionnement. L&#8217;un des imp\u00f4ts dont on a le plus parl\u00e9 ces derniers mois est l&#8217;imp\u00f4t sur le patrimoine. Cet imp\u00f4t est pr\u00e9lev\u00e9 sur le patrimoine personnel des particuliers et est calcul\u00e9 en tenant compte de [&hellip;]<\/p>\n","protected":false},"author":13,"featured_media":24909,"comment_status":"open","ping_status":"closed","sticky":false,"template":"","format":"standard","meta":{"om_disable_all_campaigns":false,"_monsterinsights_skip_tracking":false,"_monsterinsights_sitenote_active":false,"_monsterinsights_sitenote_note":"","_monsterinsights_sitenote_category":0,"_uf_show_specific_survey":0,"_uf_disable_surveys":false,"footnotes":""},"categories":[212,4392],"tags":[],"class_list":["post-69303","post","type-post","status-publish","format-standard","has-post-thumbnail","hentry","category-breaking-news","category-patrimoine"],"acf":[],"_links":{"self":[{"href":"https:\/\/immo.lecourrier.es\/index.php\/wp-json\/wp\/v2\/posts\/69303","targetHints":{"allow":["GET"]}}],"collection":[{"href":"https:\/\/immo.lecourrier.es\/index.php\/wp-json\/wp\/v2\/posts"}],"about":[{"href":"https:\/\/immo.lecourrier.es\/index.php\/wp-json\/wp\/v2\/types\/post"}],"author":[{"embeddable":true,"href":"https:\/\/immo.lecourrier.es\/index.php\/wp-json\/wp\/v2\/users\/13"}],"replies":[{"embeddable":true,"href":"https:\/\/immo.lecourrier.es\/index.php\/wp-json\/wp\/v2\/comments?post=69303"}],"version-history":[{"count":0,"href":"https:\/\/immo.lecourrier.es\/index.php\/wp-json\/wp\/v2\/posts\/69303\/revisions"}],"wp:featuredmedia":[{"embeddable":true,"href":"https:\/\/immo.lecourrier.es\/index.php\/wp-json\/wp\/v2\/media\/24909"}],"wp:attachment":[{"href":"https:\/\/immo.lecourrier.es\/index.php\/wp-json\/wp\/v2\/media?parent=69303"}],"wp:term":[{"taxonomy":"category","embeddable":true,"href":"https:\/\/immo.lecourrier.es\/index.php\/wp-json\/wp\/v2\/categories?post=69303"},{"taxonomy":"post_tag","embeddable":true,"href":"https:\/\/immo.lecourrier.es\/index.php\/wp-json\/wp\/v2\/tags?post=69303"}],"curies":[{"name":"wp","href":"https:\/\/api.w.org\/{rel}","templated":true}]}}