{"id":69302,"date":"2026-03-08T21:56:21","date_gmt":"2026-03-08T21:56:21","guid":{"rendered":"https:\/\/immo.lecourrier.es\/index.php\/2026\/03\/08\/iwg-ouvre-un-nouvel-espace-de-coworking-de-plus-de-1-200-m%c2%b2-a-rivas-madrid-2\/"},"modified":"2026-04-25T05:24:28","modified_gmt":"2026-04-25T05:24:28","slug":"iwg-ouvre-un-nouvel-espace-de-coworking-de-plus-de-1-200-m%c2%b2-a-rivas-madrid-2","status":"publish","type":"post","link":"https:\/\/immo.lecourrier.es\/index.php\/2026\/03\/08\/iwg-ouvre-un-nouvel-espace-de-coworking-de-plus-de-1-200-m%c2%b2-a-rivas-madrid-2\/","title":{"rendered":"IWG ouvre un nouvel espace de coworking de plus de 1.200 m\u00b2 \u00e0 Rivas (Madrid)"},"content":{"rendered":"<p><span dir=\"auto\" style=\"vertical-align: inherit\"><span dir=\"auto\" style=\"vertical-align: inherit\"><\/p>\n<p><em>Le nouveau centre de coworking IWG dispose de 1203 m\u00e8tres carr\u00e9s et fonctionnera sous la marque Regus.<\/em><\/p>\n<p>Le<strong> coworking<\/strong> ne cesse de se d\u00e9velopper en Espagne et \u00e0 l&#8217;\u00e9tranger. Les entreprises privil\u00e9giant la flexibilit\u00e9 et le bien-\u00eatre des employ\u00e9s, la demande d&#8217;espaces de travail hybrides est en plein essor. Dans ce contexte, <strong>IWG<\/strong>, une entreprise sp\u00e9cialis\u00e9e dans les espaces de travail flexibles, a annonc\u00e9 la signature d&#8217;un nouveau centre dans la Communaut\u00e9 de Madrid, consolidant ainsi son mod\u00e8le d&#8217;entreprise en concluant des contrats de gestion d&#8217;espaces de coworking avec des propri\u00e9taires et des investisseurs.<\/p>\n<p>Ce mod\u00e8le, qui existe d\u00e9j\u00e0 dans des villes telles que Logro\u00f1o, Bilbao, Saragosse et Valence, pr\u00e9voit l&#8217;ouverture et la gestion d&#8217;un<strong> centre de 1.203 m\u00e8tres carr\u00e9s<\/strong>, qui fait partie d&#8217;un complexe commercial de 45.000 m\u00e8tres carr\u00e9s \u00e0 <strong>Rivas<\/strong>. Le groupe a entam\u00e9 l&#8217;ann\u00e9e 2023 en lan\u00e7ant un plan d&#8217;expansion visant \u00e0 ajouter 1.000 nouveaux centres \u00e0 son r\u00e9seau mondial, en r\u00e9ponse \u00e0 la demande croissante de ces espaces. Cette strat\u00e9gie sera men\u00e9e en grande partie en partenariat avec les propri\u00e9taires et les investisseurs.<\/p>\n<p>Le nouvel espace fonctionnera sous la marque <strong>Regus <\/strong>et rejoindra les 60 lieux de travail que le conglom\u00e9rat poss\u00e8de d\u00e9j\u00e0 dans le pays avec ses autres marques telles que Spaces, Signature et HQ. Rien qu&#8217;\u00e0 Madrid, la fr\u00e9quentation des espaces IWG a augment\u00e9 de <strong>plus de 300% en 2022<\/strong>, selon les donn\u00e9es de la m\u00eame soci\u00e9t\u00e9, ce qui montre l&#8217;augmentation de la demande d&#8217;espaces de coworking.<\/p>\n<p>Le mod\u00e8le de travail hybride permet aux entreprises d&#8217;\u00e9conomiser jusqu&#8217;\u00e0 10.000 euros par travailleur dans ce format, selon une \u00e9tude men\u00e9e par le cabinet de conseil Global Workplace Analytics en collaboration avec IWG. En outre, l&#8217;utilisation de bureaux flexibles peut r\u00e9duire consid\u00e9rablement les co\u00fbts fixes d&#8217;une entreprise, tels que le loyer, le chauffage et le personnel de soutien.<\/p>\n<p><strong>Une franchise de travail hybride pour atteindre plus de villes<\/strong><\/p>\n<p>L&#8217;ann\u00e9e derni\u00e8re, le groupe IWG a ouvert les portes de son <strong>premier centre franchis\u00e9 dans le pays, Regus Mendiz\u00e1bal 1, \u00e0 Oviedo<\/strong>, avec un entrepreneur asturien comme partenaire.<\/p>\n<p>Selon <strong>Philippe Jimenez<\/strong>, Country Manager d&#8217;IWG en Espagne: &#8220;Dans les ann\u00e9es \u00e0 venir, nous esp\u00e9rons atteindre toutes les villes de province en Espagne, avec des partenaires franchis\u00e9s, des propri\u00e9taires et avec notre propre investissement&#8221;. &#8220;Avec cet accord \u00e0 Madrid, nous souhaitons continuer \u00e0 ajouter de nouveaux espaces, pour r\u00e9pondre directement \u00e0 la demande croissante d&#8217;espaces de travail hybrides et aux besoins des travailleurs&#8221;, a conclu M. Jimenez.<\/p>\n<p><\/span><\/span><\/p>\n","protected":false},"excerpt":{"rendered":"<p>Le nouveau centre de coworking IWG dispose de 1203 m\u00e8tres carr\u00e9s et fonctionnera sous la marque Regus. Le coworking ne cesse de se d\u00e9velopper en Espagne et \u00e0 l&#8217;\u00e9tranger. Les entreprises privil\u00e9giant la flexibilit\u00e9 et le bien-\u00eatre des employ\u00e9s, la demande d&#8217;espaces de travail hybrides est en plein essor. Dans ce contexte, IWG, une entreprise [&hellip;]<\/p>\n","protected":false},"author":13,"featured_media":24905,"comment_status":"open","ping_status":"closed","sticky":false,"template":"","format":"standard","meta":{"om_disable_all_campaigns":false,"_monsterinsights_skip_tracking":false,"_monsterinsights_sitenote_active":false,"_monsterinsights_sitenote_note":"","_monsterinsights_sitenote_category":0,"_uf_show_specific_survey":0,"_uf_disable_surveys":false,"footnotes":""},"categories":[212],"tags":[],"class_list":["post-69302","post","type-post","status-publish","format-standard","has-post-thumbnail","hentry","category-breaking-news"],"acf":[],"_links":{"self":[{"href":"https:\/\/immo.lecourrier.es\/index.php\/wp-json\/wp\/v2\/posts\/69302","targetHints":{"allow":["GET"]}}],"collection":[{"href":"https:\/\/immo.lecourrier.es\/index.php\/wp-json\/wp\/v2\/posts"}],"about":[{"href":"https:\/\/immo.lecourrier.es\/index.php\/wp-json\/wp\/v2\/types\/post"}],"author":[{"embeddable":true,"href":"https:\/\/immo.lecourrier.es\/index.php\/wp-json\/wp\/v2\/users\/13"}],"replies":[{"embeddable":true,"href":"https:\/\/immo.lecourrier.es\/index.php\/wp-json\/wp\/v2\/comments?post=69302"}],"version-history":[{"count":0,"href":"https:\/\/immo.lecourrier.es\/index.php\/wp-json\/wp\/v2\/posts\/69302\/revisions"}],"wp:featuredmedia":[{"embeddable":true,"href":"https:\/\/immo.lecourrier.es\/index.php\/wp-json\/wp\/v2\/media\/24905"}],"wp:attachment":[{"href":"https:\/\/immo.lecourrier.es\/index.php\/wp-json\/wp\/v2\/media?parent=69302"}],"wp:term":[{"taxonomy":"category","embeddable":true,"href":"https:\/\/immo.lecourrier.es\/index.php\/wp-json\/wp\/v2\/categories?post=69302"},{"taxonomy":"post_tag","embeddable":true,"href":"https:\/\/immo.lecourrier.es\/index.php\/wp-json\/wp\/v2\/tags?post=69302"}],"curies":[{"name":"wp","href":"https:\/\/api.w.org\/{rel}","templated":true}]}}