{"id":69297,"date":"2026-03-08T21:51:30","date_gmt":"2026-03-08T21:51:30","guid":{"rendered":"https:\/\/immo.lecourrier.es\/index.php\/2026\/03\/08\/janvier-record-pour-laeroport-de-valencia-2\/"},"modified":"2026-04-25T05:17:41","modified_gmt":"2026-04-25T05:17:41","slug":"janvier-record-pour-laeroport-de-valencia-2","status":"publish","type":"post","link":"https:\/\/immo.lecourrier.es\/index.php\/2026\/03\/08\/janvier-record-pour-laeroport-de-valencia-2\/","title":{"rendered":"Janvier record pour l\u2019a\u00e9roport de Valencia\u00a0"},"content":{"rendered":"<p><span dir=\"auto\" style=\"vertical-align: inherit\"><span dir=\"auto\" style=\"vertical-align: inherit\"><\/p>\n<p>Avec exactement 586 671 passagers, l&#8217;a\u00e9roport de Valence a enregistr\u00e9 le meilleur mois de janvier de son histoire, avec 7,9 % de passagers en plus par rapport au m\u00eame mois de 2019, ann\u00e9e pr\u00e9-pand\u00e9mique.&nbsp;C\u2019est une augmentation de 73,4 % par rapport \u00e0 janvier 2022.<\/p>\n<p>Sur le nombre total de passagers enregistr\u00e9s en janvier dernier, 585 771 \u00e9taient des passagers commerciaux, dont 411 339 ont voyag\u00e9 sur des vols internationaux, soit une augmentation de 2,5 % par rapport \u00e0 janvier 2019 et de 81 % par rapport \u00e0 2022, et 174 432 ont voyag\u00e9 sur des vols int\u00e9rieurs, soit 23,9 % de plus qu&#8217;avant la pand\u00e9mie et 59,6 % de plus que l&#8217;ann\u00e9e derni\u00e8re, a indiqu\u00e9 Aena dans un communiqu\u00e9.<\/p>\n<p>En ce qui concerne les origines et les destinations des passagers internationaux enregistr\u00e9s en janvier 2023, les plus nombreux \u00e9taient en provenance ou \u00e0 destination de l&#8217;Italie, avec 94 177 passagers,&nbsp;suivis du Royaume-Uni, avec 48 348 passagers,&nbsp;de la France, 43 947,&nbsp;de l&#8217;Allemagne, 43 047 ;&nbsp;des Pays-Bas, 39 376, et du Portugal, 23 825.<\/p>\n<p>En termes d&#8217;op\u00e9rations, l&#8217;a\u00e9roport de Valence a g\u00e9r\u00e9 un total de 5 328 vols, ce qui signifie r\u00e9cup\u00e9rer 93,1 % des mouvements de janvier 2019 et d\u00e9passer de 27,2 % ceux enregistr\u00e9s au cours du m\u00eame mois de 2022.<\/p>\n<p>Sur le plan national, les a\u00e9roports du r\u00e9seau&nbsp;Aena&nbsp;ont cl\u00f4tur\u00e9 le mois de janvier 2023 avec 16,93 millions de passagers, soit&nbsp;2,1 %&nbsp;de plus qu&#8217;au m\u00eame mois de 2019.<\/p>\n<p class=\"has-text-align-right\">Laurence Lemoine<\/p>\n<p class=\"has-text-align-right\"><a href=\"https:\/\/www.valencia-expat-services.com\/\">Valencia Expat services<\/a><br \/><a href=\"http:\/\/www.madrid-expat-services.com\/\">Madrid<\/a>&nbsp;<a href=\"https:\/\/barcelona-expat-services.es\/fr\/\">Barcelone<\/a>&nbsp;<a href=\"http:\/\/www.javea-denia-expat-services.com\/\">Javea-Denia<\/a><\/p>\n<p><\/span><\/span><\/p>\n","protected":false},"excerpt":{"rendered":"<p>Avec exactement 586 671 passagers, l&#8217;a\u00e9roport de Valence a enregistr\u00e9 le meilleur mois de janvier de son histoire, avec 7,9 % de passagers en plus par rapport au m\u00eame mois de 2019, ann\u00e9e pr\u00e9-pand\u00e9mique.&nbsp;C\u2019est une augmentation de 73,4 % par rapport \u00e0 janvier 2022. Sur le nombre total de passagers enregistr\u00e9s en janvier dernier, 585 [&hellip;]<\/p>\n","protected":false},"author":13,"featured_media":69298,"comment_status":"open","ping_status":"closed","sticky":false,"template":"","format":"standard","meta":{"om_disable_all_campaigns":false,"_monsterinsights_skip_tracking":false,"_monsterinsights_sitenote_active":false,"_monsterinsights_sitenote_note":"","_monsterinsights_sitenote_category":0,"_uf_show_specific_survey":0,"_uf_disable_surveys":false,"footnotes":""},"categories":[212],"tags":[],"class_list":["post-69297","post","type-post","status-publish","format-standard","has-post-thumbnail","hentry","category-breaking-news"],"acf":[],"_links":{"self":[{"href":"https:\/\/immo.lecourrier.es\/index.php\/wp-json\/wp\/v2\/posts\/69297","targetHints":{"allow":["GET"]}}],"collection":[{"href":"https:\/\/immo.lecourrier.es\/index.php\/wp-json\/wp\/v2\/posts"}],"about":[{"href":"https:\/\/immo.lecourrier.es\/index.php\/wp-json\/wp\/v2\/types\/post"}],"author":[{"embeddable":true,"href":"https:\/\/immo.lecourrier.es\/index.php\/wp-json\/wp\/v2\/users\/13"}],"replies":[{"embeddable":true,"href":"https:\/\/immo.lecourrier.es\/index.php\/wp-json\/wp\/v2\/comments?post=69297"}],"version-history":[{"count":0,"href":"https:\/\/immo.lecourrier.es\/index.php\/wp-json\/wp\/v2\/posts\/69297\/revisions"}],"wp:featuredmedia":[{"embeddable":true,"href":"https:\/\/immo.lecourrier.es\/index.php\/wp-json\/wp\/v2\/media\/69298"}],"wp:attachment":[{"href":"https:\/\/immo.lecourrier.es\/index.php\/wp-json\/wp\/v2\/media?parent=69297"}],"wp:term":[{"taxonomy":"category","embeddable":true,"href":"https:\/\/immo.lecourrier.es\/index.php\/wp-json\/wp\/v2\/categories?post=69297"},{"taxonomy":"post_tag","embeddable":true,"href":"https:\/\/immo.lecourrier.es\/index.php\/wp-json\/wp\/v2\/tags?post=69297"}],"curies":[{"name":"wp","href":"https:\/\/api.w.org\/{rel}","templated":true}]}}