{"id":69296,"date":"2026-03-08T21:51:25","date_gmt":"2026-03-08T21:51:25","guid":{"rendered":"https:\/\/immo.lecourrier.es\/index.php\/2026\/03\/08\/en-espagne-98-000-logements-sont-deja-prevus-dans-le-cadre-du-modele-build-to-rent-2\/"},"modified":"2026-04-25T05:17:40","modified_gmt":"2026-04-25T05:17:40","slug":"en-espagne-98-000-logements-sont-deja-prevus-dans-le-cadre-du-modele-build-to-rent-2","status":"publish","type":"post","link":"https:\/\/immo.lecourrier.es\/index.php\/2026\/03\/08\/en-espagne-98-000-logements-sont-deja-prevus-dans-le-cadre-du-modele-build-to-rent-2\/","title":{"rendered":"En Espagne, 98.000 logements sont d\u00e9j\u00e0 pr\u00e9vus dans le cadre du mod\u00e8le &#8220;build to rent&#8221;"},"content":{"rendered":"<p><span dir=\"auto\" style=\"vertical-align: inherit\"><span dir=\"auto\" style=\"vertical-align: inherit\"><\/p>\n<p><em>Les unit\u00e9s pr\u00e9vues augmentent de 15% cette ann\u00e9e, y compris les initiatives publiques et priv\u00e9es, m\u00eame si seulement 3.000 logements ont \u00e9t\u00e9 livr\u00e9s en 2022.<\/em><\/p>\n<p><strong>Le mod\u00e8le &#8220;build to rent&#8221; continue de se d\u00e9velopper en Espagne<\/strong>, malgr\u00e9 l&#8217;instabilit\u00e9 et la baisse de rentabilit\u00e9 dont souffrent de nombreux projets.<\/p>\n<p>Ce programme, fond\u00e9 sur la promotion de logements \u00e0 louer plut\u00f4t qu&#8217;\u00e0 vendre,<strong> a permis d&#8217;ajouter 14,5% de logements suppl\u00e9mentaires pr\u00e9vus l&#8217;ann\u00e9e derni\u00e8re, pour en atteindre pr\u00e8s de 98.000<\/strong>, selon une \u00e9tude du cabinet de conseil Atlas, qui comprend des initiatives publiques et priv\u00e9es.<\/p>\n<p>Concr\u00e8tement, les projets publics totalisent plus de 58.700 unit\u00e9s, tandis que le reste est priv\u00e9, d&#8217;o\u00f9 la d\u00e9claration de la soci\u00e9t\u00e9 selon laquelle <strong>&#8220;le principal moteur du pipeline a \u00e9t\u00e9 le secteur public<\/strong>, en particulier le Plan national de logement abordable, qui a des d\u00e9veloppements de grand poids comme l&#8217;op\u00e9ration Camp \u00e0 Madrid&#8221;. Outre cette initiative, on peut \u00e9galement citer le Plan Vive de la Communaut\u00e9 de Madrid, le Plan de Habit\u00e0tge Metr\u00f2polis de la r\u00e9gion m\u00e9tropolitaine de Barcelone, le Plan de logement abordable de Murcie et le Plan du Conseil municipal de Madrid.<\/p>\n<p>En fait, le document insiste sur le fait que <strong>2022 a \u00e9t\u00e9 l&#8217;ann\u00e9e o\u00f9 les projets priv\u00e9s ont le moins progress\u00e9 depuis la pand\u00e9mie<\/strong>, tir\u00e9s vers le bas par la d\u00e9gradation de la situation \u00e9conomique, la hausse des taux d&#8217;int\u00e9r\u00eat (qui a entra\u00een\u00e9 un resserrement des conditions de financement) et une augmentation du taux de mortalit\u00e9 des projets dans la derni\u00e8re ligne droite de l&#8217;ann\u00e9e. En cons\u00e9quence, les initiatives priv\u00e9es repr\u00e9sentent 40% du total attendu cette ann\u00e9e, contre 42% il y a tout juste un an.<\/p>\n<p>Une autre donn\u00e9e r\u00e9v\u00e9l\u00e9e par l&#8217;\u00e9tude est qu&#8217;au cours de l&#8217;ann\u00e9e 2022, 3.020 logements ont \u00e9t\u00e9 achev\u00e9s et livr\u00e9s selon ce mod\u00e8le, et souligne que &#8220;le fait que les unit\u00e9s projet\u00e9es d\u00e9passent le nombre de celles livr\u00e9es est un indicateur que le &#8220;build to rent&#8221; est un segment encore dans une phase saine de croissance&#8221;. Il ajoute \u00e9galement que, dans le courant de cette ann\u00e9e, &#8220;une grande partie du pipeline engag\u00e9 entre 2020 et 2021 devrait arriver \u00e0 maturit\u00e9&#8221;.<\/p>\n<p><strong>Principales transactions en 2022<\/strong><\/p>\n<p>En ce qui concerne les transactions les plus importantes de ces derniers mois, l&#8217;\u00e9tude souligne celle r\u00e9alis\u00e9e par Patrizia, qui a achet\u00e9 \u00e0 BeCorp des projets de 1.500 logements dans la zone m\u00e9tropolitaine de Barcelone pour 600 millions d&#8217;euros, ou l&#8217;achat par AXA d&#8217;un portefeuille de Blackstone de 750 propri\u00e9t\u00e9s \u00e0 Madrid pour 285 millions d&#8217;euros, comme le rapporte idealista\/news.<\/p>\n<p>Les transactions les plus notables de l&#8217;ann\u00e9e derni\u00e8re ont \u00e9t\u00e9 men\u00e9es par Azora et Aedas Homes, qui vont d\u00e9velopper pr\u00e8s de 200 logements locatifs abordables \u00e0 Alcal\u00e1 de Henares (Madrid), et par KGAL, qui a acquis un projet de plus de 100 logements aupr\u00e8s de Neinor Homes \u00e0 Malaga.<\/p>\n<p><strong>Une demande de 1,8 million de logements<\/strong><\/p>\n<p>Sans tenir compte de l&#8217;offre attendue de logements \u00e0 louer, le cabinet de conseil Atlas affirme \u00e9galement que l&#8217;Espagne a besoin de pr\u00e8s de deux millions de logements locatifs abordables.<\/p>\n<p>&#8220;<strong>L&#8217;une des r\u00e9alit\u00e9s du march\u00e9 locatif en Espagne est qu&#8217;il progresse \u00e0 un rythme plus lent que d&#8217;autres pays comparables de l&#8217;Union europ\u00e9enne<\/strong>, o\u00f9 le pourcentage de m\u00e9nages locataires est nettement plus \u00e9lev\u00e9. Cet \u00e9cart permet de calculer le nombre de logements n\u00e9cessaires pour atteindre le chiffre des principales \u00e9conomies de l&#8217;UE. Bien s\u00fbr, ce chiffre n&#8217;implique pas que tous ces logements doivent \u00eatre BTR, mais il nous permet d&#8217;analyser le taux de croissance du march\u00e9 locatif global dans le pays&#8221;, indique le document, qui chiffre la demande actuelle de locations abordables \u00e0 <strong>1,83 million d&#8217;appartements.<\/strong><\/p>\n<p><strong>Selon le CCAA, les besoins les plus importants se situent en Andalousie (447.139), \u00e0 Valence (252.683), en Galice (180.566), en Castille-et-Le\u00f3n (147.077) et au Pays basque (142.927)<\/strong>, tandis que des r\u00e9gions comme Madrid (97.745) et la Catalogne (94.952) occupent des positions interm\u00e9diaires dans le classement national, avec Castille-La Manche (109.968), l&#8217;Estr\u00e9madure (77.993) et Murcie (70.236). En dessous de 35.000 unit\u00e9s se trouvent des r\u00e9gions telles que les \u00eeles Canaries, la Navarre, la Cantabrie et La Rioja.<\/p>\n<p><\/span><\/span><\/p>\n","protected":false},"excerpt":{"rendered":"<p>Les unit\u00e9s pr\u00e9vues augmentent de 15% cette ann\u00e9e, y compris les initiatives publiques et priv\u00e9es, m\u00eame si seulement 3.000 logements ont \u00e9t\u00e9 livr\u00e9s en 2022. Le mod\u00e8le &#8220;build to rent&#8221; continue de se d\u00e9velopper en Espagne, malgr\u00e9 l&#8217;instabilit\u00e9 et la baisse de rentabilit\u00e9 dont souffrent de nombreux projets. Ce programme, fond\u00e9 sur la promotion de [&hellip;]<\/p>\n","protected":false},"author":13,"featured_media":24886,"comment_status":"open","ping_status":"closed","sticky":false,"template":"","format":"standard","meta":{"om_disable_all_campaigns":false,"_monsterinsights_skip_tracking":false,"_monsterinsights_sitenote_active":false,"_monsterinsights_sitenote_note":"","_monsterinsights_sitenote_category":0,"_uf_show_specific_survey":0,"_uf_disable_surveys":false,"footnotes":""},"categories":[212,4506],"tags":[],"class_list":["post-69296","post","type-post","status-publish","format-standard","has-post-thumbnail","hentry","category-breaking-news","category-projets-immo"],"acf":[],"_links":{"self":[{"href":"https:\/\/immo.lecourrier.es\/index.php\/wp-json\/wp\/v2\/posts\/69296","targetHints":{"allow":["GET"]}}],"collection":[{"href":"https:\/\/immo.lecourrier.es\/index.php\/wp-json\/wp\/v2\/posts"}],"about":[{"href":"https:\/\/immo.lecourrier.es\/index.php\/wp-json\/wp\/v2\/types\/post"}],"author":[{"embeddable":true,"href":"https:\/\/immo.lecourrier.es\/index.php\/wp-json\/wp\/v2\/users\/13"}],"replies":[{"embeddable":true,"href":"https:\/\/immo.lecourrier.es\/index.php\/wp-json\/wp\/v2\/comments?post=69296"}],"version-history":[{"count":0,"href":"https:\/\/immo.lecourrier.es\/index.php\/wp-json\/wp\/v2\/posts\/69296\/revisions"}],"wp:featuredmedia":[{"embeddable":true,"href":"https:\/\/immo.lecourrier.es\/index.php\/wp-json\/wp\/v2\/media\/24886"}],"wp:attachment":[{"href":"https:\/\/immo.lecourrier.es\/index.php\/wp-json\/wp\/v2\/media?parent=69296"}],"wp:term":[{"taxonomy":"category","embeddable":true,"href":"https:\/\/immo.lecourrier.es\/index.php\/wp-json\/wp\/v2\/categories?post=69296"},{"taxonomy":"post_tag","embeddable":true,"href":"https:\/\/immo.lecourrier.es\/index.php\/wp-json\/wp\/v2\/tags?post=69296"}],"curies":[{"name":"wp","href":"https:\/\/api.w.org\/{rel}","templated":true}]}}