{"id":69295,"date":"2026-03-08T21:48:57","date_gmt":"2026-03-08T21:48:57","guid":{"rendered":"https:\/\/immo.lecourrier.es\/index.php\/2026\/03\/08\/la-diminution-du-parc-de-logements-locatifs-a-barcelone-et-a-madrid-accelere-la-hausse-des-prix-2\/"},"modified":"2026-04-25T05:13:06","modified_gmt":"2026-04-25T05:13:06","slug":"la-diminution-du-parc-de-logements-locatifs-a-barcelone-et-a-madrid-accelere-la-hausse-des-prix-2","status":"publish","type":"post","link":"https:\/\/immo.lecourrier.es\/index.php\/2026\/03\/08\/la-diminution-du-parc-de-logements-locatifs-a-barcelone-et-a-madrid-accelere-la-hausse-des-prix-2\/","title":{"rendered":"La diminution du parc de logements locatifs \u00e0 Barcelone et \u00e0 Madrid acc\u00e9l\u00e8re la hausse des prix"},"content":{"rendered":"<p><span dir=\"auto\" style=\"vertical-align: inherit\"><span dir=\"auto\" style=\"vertical-align: inherit\"><\/p>\n<p><em>Analyse par idealista\/data des deux provinces o\u00f9 le march\u00e9 du logement locatif est le plus important<\/em><\/p>\n<p><strong>L&#8217;indicateur du parc locatif<\/strong>, c&#8217;est-\u00e0-dire le nombre de biens propos\u00e9s par rapport au nombre total de logements existants, avait \u00e9t\u00e9 inf\u00e9rieur \u00e0 1% en moyenne en Espagne en <strong>d\u00e9cembre 2022<\/strong>, exactement 0,85%, <strong>son plus bas niveau depuis mai 2020 <\/strong>(0,77%), selon l&#8217;\u00e9tude idealista\/data, en pleine p\u00e9riode de confinement des Espagnols chez eux et de paralysie de l&#8217;\u00e9conomie en raison de la pand\u00e9mie.<\/p>\n<p>Mais apr\u00e8s \u00eatre <strong>sortie du choc de la crise du covid-19<\/strong>, on a assist\u00e9 \u00e0 une <strong>reprise de l&#8217;offre d&#8217;appartements sur le march\u00e9<\/strong>, qui a d\u00e9pass\u00e9 1,3% du parc immobilier pendant presque un an, entre ao\u00fbt 2020 et ao\u00fbt 2021, et qui a r\u00e9ussi \u00e0 faire baisser le prix moyen des loyers en Espagne de 11,5 euros\/m2 par mois en septembre 2020 \u00e0 10,5 euros\/m2 en septembre 2021, soit une baisse de 9,5% en 12 mois.<\/p>\n<figure class=\"wp-block-image size-large is-resized\"><img decoding=\"async\" src=\"https:\/\/immo.lecourrier.es\/wp-content\/uploads\/2024\/04\/spain-stock-precios_alquiler-1024x392.jpg\"><\/figure>\n<\/p>\n<p>Au cours des mois suivants, on peut voir sur le graphique comment la baisse continue de l&#8217;offre de location s&#8217;est accompagn\u00e9e d&#8217;une augmentation des prix. Au dernier trimestre de 2021, on aurait pu penser qu&#8217;il s&#8217;agissait d&#8217;un ajustement du march\u00e9, pour revenir \u00e0 des chiffres similaires \u00e0 ceux d&#8217;avant la pand\u00e9mie, en baissant de plus de 1,3% \u00e0 un peu moins de 1%.<\/p>\n<p>Mais depuis janvier de l&#8217;ann\u00e9e derni\u00e8re, <strong>l&#8217;offre d&#8217;appartements lou\u00e9s est tomb\u00e9e en dessous de 1% tout au long de 2022<\/strong>, et les prix n&#8217;ont pas cess\u00e9 d&#8217;augmenter. De 10,6 euros\/m2 en janvier \u00e0 11,4 euros\/m2 en d\u00e9cembre 2022, et <strong>confirmant un nouveau sommet dans la s\u00e9rie historique <\/strong>avec le chiffre de la fin janvier (11,6 euros\/m2\/mois), ce qui repr\u00e9sente une augmentation de 9,1% au cours de la derni\u00e8re ann\u00e9e.<\/p>\n<figure class=\"wp-block-image size-large\"><img decoding=\"async\" src=\"https:\/\/immo.lecourrier.es\/wp-content\/uploads\/2024\/04\/Capture-decran-2023-02-15-a-10.39.14-1-1024x455.jpg\"><\/figure>\n<\/p>\n<p><strong>La baisse de l&#8217;offre de biens locatifs fait grimper les prix dans la province de Barcelone<\/strong><\/p>\n<p>Dans la province de Barcelone, <strong>la perte du parc de logements locatifs commence \u00e0 \u00eatre une source de pr\u00e9occupation<\/strong>, men\u00e9e par la capitale, et au cours de 2022 n&#8217;a pas d\u00e9pass\u00e9 1,2% des logements en moyenne dans toute la province, atteignant ses plus hauts sommets en janvier (1,24%) et ao\u00fbt (1,27%) et des creux en mai (1,07%) et juin (1,08%), pour cl\u00f4turer l&#8217;ann\u00e9e derni\u00e8re \u00e0 1,15% en d\u00e9cembre, en dessous des 1,39% du m\u00eame mois en 2021, et loin du pic atteint en \u00e9t\u00e9 2020 (3,15%), en pleine post-pand\u00e9mie, dans l&#8217;analyse d&#8217;idealista\/data.<\/p>\n<p>Avant le d\u00e9clenchement de la pand\u00e9mie, le parc locatif moyen de la province catalane s&#8217;\u00e9levait \u00e0 1,93% en 2019, d\u00e9j\u00e0 inf\u00e9rieur aux besoins de la demande dans toute la province en raison de <strong>l&#8217;imposition du plafonnement des loyers en Catalogne<\/strong>. Cette ann\u00e9e-l\u00e0, le prix des loyers a cl\u00f4tur\u00e9 l&#8217;ann\u00e9e \u00e0 14,9 euros\/m2 par mois, apr\u00e8s avoir atteint un pic de 15,3 euros\/m2 en septembre de la m\u00eame ann\u00e9e, selon les donn\u00e9es d&#8217;idealista.<\/p>\n<p>Puis vint la crise des covid\u00e9s, et au plus fort de la pand\u00e9mie, l&#8217;action a atteint un plancher de 1,39 % (mai 2020), qui est maintenant consid\u00e9r\u00e9 comme encore plus \u00e9lev\u00e9 qu&#8217;il ne l&#8217;a \u00e9t\u00e9 pour toute l&#8217;ann\u00e9e 2022. Juste \u00e0 cette \u00e9poque, <strong>le prix des logements \u00e0 louer sur idealista dans la province de Barcelone a atteint 15,9 euros\/m2 par mois, son nouveau sommet dans la s\u00e9rie historique<\/strong>, soit une hausse de 6,7% en seulement cinq mois.<\/p>\n<p>Au cours du second semestre 2020, sortant du pire de la crise pand\u00e9mique, le stock d&#8217;appartements \u00e0 louer \u00e0 Barcelone a rebondi de plus d&#8217;un point et demi, atteignant un pic en septembre (3,15%) et se maintenant au-dessus de 2,8% jusqu&#8217;\u00e0 la fin de cette ann\u00e9e.<\/p>\n<p>En moyenne, le parc locatif en 2020 \u00e9tait de 2,24%. Et tandis que l&#8217;offre augmentait, les prix des loyers \u00e0 Barcelone ont commenc\u00e9 \u00e0 se mod\u00e9rer entre la fin de cette ann\u00e9e-l\u00e0 et le milieu de 2021. Entre mai 2020 et mai 2021, <strong>on observe une baisse de 13,2 % des prix pour atteindre 13,8 euros\/m2.<\/strong><\/p>\n<p>Pour le reste de l&#8217;ann\u00e9e 2021, cette inertie du parc locatif s&#8217;est poursuivie et s&#8217;est maintenue au-dessus de 2% jusqu&#8217;en ao\u00fbt, puis a chut\u00e9 pour cl\u00f4turer l&#8217;ann\u00e9e \u00e0 1,39%, \u00e9galant le stock au pire de la pand\u00e9mie, alors que la pression de la demande est rest\u00e9e intense.<\/p>\n<p>Le prix moyen des loyers dans la province de Barcelone a cl\u00f4tur\u00e9 l&#8217;ann\u00e9e 2021 \u00e0 14,2 euros\/m2.<\/p>\n<p>Cette situation de diminution du parc locatif a entra\u00een\u00e9 une nouvelle augmentation des prix des logements lou\u00e9s. En octobre de l&#8217;ann\u00e9e derni\u00e8re, ils ont \u00e9gal\u00e9 le prix maximum atteint \u00e0 Barcelone (15,9 euros\/m2), et depuis lors, ils ont continu\u00e9 \u00e0 battre des records, <strong>cl\u00f4turant l&#8217;ann\u00e9e 2022 \u00e0 16,5 euros\/m2 par mois, soit une augmentation de 16,2% en glissement annuel.<\/strong><\/p>\n<p>Apr\u00e8s les derni\u00e8res donn\u00e9es publi\u00e9es pour janvier 2023, le prix moyen des logements lou\u00e9s dans la province de Barcelone a atteint 16,9 euros\/m2, en hausse de 17,4% sur un an.<\/p>\n<figure class=\"wp-block-image size-large\"><img decoding=\"async\" src=\"https:\/\/immo.lecourrier.es\/wp-content\/uploads\/2024\/04\/Capture-decran-2023-02-15-a-10.38.58-1024x454.jpg\"><\/figure>\n<\/p>\n<p><strong>Madrid a un niveau de location record avec son stock le plus bas depuis la pand\u00e9mie<\/strong><\/p>\n<p>La baisse de l&#8217;offre de logements dans la province de Madrid a \u00e9t\u00e9 plus mod\u00e9r\u00e9e qu&#8217;\u00e0 Barcelone. Le stock d&#8217;appartements \u00e0 louer par rapport au parc total de logements dans la province de Madrid a atteint ses niveaux les plus bas au cours des derniers mois de 2022, avec seulement 1,51% des propri\u00e9t\u00e9s existantes sur le march\u00e9 en d\u00e9cembre, contre 1,64% en novembre et 1,78% en octobre. Ces chiffres de vacance locative n&#8217;ont \u00e9t\u00e9 d\u00e9pass\u00e9s que par l&#8217;immobilisme provoqu\u00e9 par la pand\u00e9mie (1,49% en mai 2020).<\/p>\n<p>La baisse du parc locatif signifie que les prix des loyers dans la r\u00e9gion sont \u00e0 nouveau sup\u00e9rieurs \u00e0 15 euros\/m2, des chiffres qui n&#8217;avaient pas \u00e9t\u00e9 observ\u00e9s au pire de la pand\u00e9mie, lorsque le parc d&#8217;appartements \u00e9tait moins important sur le march\u00e9.<\/p>\n<p>Et le fait est qu&#8217;\u00e0 Madrid, il a \u00e9t\u00e9 prouv\u00e9 une fois de plus que lorsque l&#8217;offre de biens locatifs sur le march\u00e9 est au plus haut, les loyers ont baiss\u00e9. L&#8217;analyse d&#8217;idealista\/data montre qu&#8217;entre ao\u00fbt 2020 et ao\u00fbt 2021, le stock de logements locatifs a d\u00e9pass\u00e9 3% au cours de ces 12 mois, ce qui a entra\u00een\u00e9 une baisse des prix de location, qui sont pass\u00e9s des sommets de mai 2020 (15,4 euros\/m2\/mois), encore un record dans la province, \u00e0 13,6 euros\/m2 en novembre et d\u00e9cembre 2021, ce qui repr\u00e9sente une baisse de 11,7% entre les deux p\u00e9riodes.<\/p>\n<p>Cependant, depuis la baisse de l&#8217;offre d&#8217;appartements locatifs sur le march\u00e9 que subit la province de Madrid, d\u00e9j\u00e0 inf\u00e9rieure \u00e0 2% en janvier 2022, les prix ont rebondi de 8%, pour atteindre 14,9 euros\/m2 en d\u00e9cembre 2021, avec des pics en septembre (15,2 euros\/m2) et octobre (15,1 euros\/m2).<\/p>\n<p>Les derni\u00e8res donn\u00e9es publi\u00e9es pour janvier 2022 font remonter les prix \u00e0 15,1 euros\/m2, soit 10,6% de plus qu&#8217;il y a un an, et seulement 1,4% de moins que le pic atteint dans la r\u00e9gion.<\/p>\n<p><\/span><\/span><\/p>\n","protected":false},"excerpt":{"rendered":"<p>Analyse par idealista\/data des deux provinces o\u00f9 le march\u00e9 du logement locatif est le plus important L&#8217;indicateur du parc locatif, c&#8217;est-\u00e0-dire le nombre de biens propos\u00e9s par rapport au nombre total de logements existants, avait \u00e9t\u00e9 inf\u00e9rieur \u00e0 1% en moyenne en Espagne en d\u00e9cembre 2022, exactement 0,85%, son plus bas niveau depuis mai 2020 [&hellip;]<\/p>\n","protected":false},"author":13,"featured_media":24883,"comment_status":"open","ping_status":"closed","sticky":false,"template":"","format":"standard","meta":{"om_disable_all_campaigns":false,"_monsterinsights_skip_tracking":false,"_monsterinsights_sitenote_active":false,"_monsterinsights_sitenote_note":"","_monsterinsights_sitenote_category":0,"_uf_show_specific_survey":0,"_uf_disable_surveys":false,"footnotes":""},"categories":[212],"tags":[],"class_list":["post-69295","post","type-post","status-publish","format-standard","has-post-thumbnail","hentry","category-breaking-news"],"acf":[],"_links":{"self":[{"href":"https:\/\/immo.lecourrier.es\/index.php\/wp-json\/wp\/v2\/posts\/69295","targetHints":{"allow":["GET"]}}],"collection":[{"href":"https:\/\/immo.lecourrier.es\/index.php\/wp-json\/wp\/v2\/posts"}],"about":[{"href":"https:\/\/immo.lecourrier.es\/index.php\/wp-json\/wp\/v2\/types\/post"}],"author":[{"embeddable":true,"href":"https:\/\/immo.lecourrier.es\/index.php\/wp-json\/wp\/v2\/users\/13"}],"replies":[{"embeddable":true,"href":"https:\/\/immo.lecourrier.es\/index.php\/wp-json\/wp\/v2\/comments?post=69295"}],"version-history":[{"count":0,"href":"https:\/\/immo.lecourrier.es\/index.php\/wp-json\/wp\/v2\/posts\/69295\/revisions"}],"wp:featuredmedia":[{"embeddable":true,"href":"https:\/\/immo.lecourrier.es\/index.php\/wp-json\/wp\/v2\/media\/24883"}],"wp:attachment":[{"href":"https:\/\/immo.lecourrier.es\/index.php\/wp-json\/wp\/v2\/media?parent=69295"}],"wp:term":[{"taxonomy":"category","embeddable":true,"href":"https:\/\/immo.lecourrier.es\/index.php\/wp-json\/wp\/v2\/categories?post=69295"},{"taxonomy":"post_tag","embeddable":true,"href":"https:\/\/immo.lecourrier.es\/index.php\/wp-json\/wp\/v2\/tags?post=69295"}],"curies":[{"name":"wp","href":"https:\/\/api.w.org\/{rel}","templated":true}]}}