{"id":69291,"date":"2026-03-08T21:48:35","date_gmt":"2026-03-08T21:48:35","guid":{"rendered":"https:\/\/immo.lecourrier.es\/index.php\/2026\/03\/08\/developpement-di-particuliers-en-espagne-un-demarrage-reussi-pour-ce-debut-annee-2\/"},"modified":"2026-04-25T05:13:02","modified_gmt":"2026-04-25T05:13:02","slug":"developpement-di-particuliers-en-espagne-un-demarrage-reussi-pour-ce-debut-annee-2","status":"publish","type":"post","link":"https:\/\/immo.lecourrier.es\/index.php\/2026\/03\/08\/developpement-di-particuliers-en-espagne-un-demarrage-reussi-pour-ce-debut-annee-2\/","title":{"rendered":"<strong>D\u00e9veloppement d\u2019i-Particuliers en Espagne : un d\u00e9marrage r\u00e9ussi pour ce d\u00e9but ann\u00e9e !<\/strong>"},"content":{"rendered":"<p><span dir=\"auto\" style=\"vertical-align: inherit\"><span dir=\"auto\" style=\"vertical-align: inherit\"><\/p>\n<p>\u00c0 2 mois de son implantation en Espagne, i-Particuliers poursuit son d\u00e9veloppement, et r\u00e9colte ses premiers succ\u00e8s avec la r\u00e9alisation de plusieurs projets.<\/p>\n<p>Une croissance rapide, qui confirme les belles perspectives qu\u2019attend ce r\u00e9seau, d\u00e9j\u00e0 acteur majeur du march\u00e9 de l\u2019immobilier fran\u00e7ais.<\/p>\n<p><strong>Une \u00e9quipe qui s\u2019agrandit !<\/strong><\/p>\n<p>12 nouveaux agents ont choisi de rejoindre i-Particuliers Espagne et ont suivi la premi\u00e8re formation d\u2019int\u00e9gration de l\u2019ann\u00e9e qui a eu lieu du 30 janvier au 1er f\u00e9vrier dans les nouveaux locaux situ\u00e9s Plaza Francesc Macias 3 \u00e0 Barcelone.<\/p>\n<p>L\u2019occasion pour ces nouvelles recrues de se former sur les diff\u00e9rents aspects de l\u2019immobilier et les sp\u00e9cificit\u00e9s d\u2019i-Particuliers, mais pas seulement : au programme du coaching et de belles rencontres humaines, des exercices pratiques et des d\u00e9monstrations de prise de rendez-vous en direct, le tout dans la bonne humeur et le partage.<\/p>\n<p><strong>Vous souhaitez devenir agent immobilier ind\u00e9pendant ?<\/strong><\/p>\n<p>Participez \u00e0 notre prochaine formation d\u2019int\u00e9gration du 27 f\u00e9vrier au 1er mars.<\/p>\n<p><a href=\"mailto:contact@i-particuliers.es\" target=\"_blank\" rel=\"noreferrer noopener\">contact@i-particuliers.es<\/a><\/p>\n<p>+34 613 691 614<\/p>\n<p><strong>i-Particuliers, \u00e9lu champion de la croissance 2023 !<\/strong><\/p>\n<p>Autre actualit\u00e9 de pour ce r\u00e9seau, i-Particuliers figure une nouvelle fois dans le top 500 des entreprises fran\u00e7aises \u00e0 la plus forte croissance des \u00c9chos !<\/p>\n<p>Propuls\u00e9 de la 158<sup>e<\/sup>&nbsp;position en 2022, \u00e0 la 48<sup>e&nbsp;<\/sup>position, ce succ\u00e8s marque le d\u00e9veloppement exponentiel et t\u00e9moigne de la confiance que clients et agents ind\u00e9pendants accordent \u00e0 ce r\u00e9seau.<\/p>\n<figure class=\"wp-block-embed is-type-video is-provider-youtube wp-block-embed-youtube wp-embed-aspect-16-9 wp-has-aspect-ratio\">\n<div class=\"wp-block-embed__wrapper\">\n<\/div>\n<\/figure>\n<p>+ d\u2019informations :&nbsp;<a href=\"https:\/\/iparticuliers.mobiliagestion.es\/es\" target=\"_blank\" rel=\"noreferrer noopener\">https:\/\/iparticuliers.mobiliagestion.es\/es<\/a><\/p>\n<p><\/span><\/span><\/p>\n","protected":false},"excerpt":{"rendered":"<p>\u00c0 2 mois de son implantation en Espagne, i-Particuliers poursuit son d\u00e9veloppement, et r\u00e9colte ses premiers succ\u00e8s avec la r\u00e9alisation de plusieurs projets. Une croissance rapide, qui confirme les belles perspectives qu\u2019attend ce r\u00e9seau, d\u00e9j\u00e0 acteur majeur du march\u00e9 de l\u2019immobilier fran\u00e7ais. Une \u00e9quipe qui s\u2019agrandit ! 12 nouveaux agents ont choisi de rejoindre i-Particuliers [&hellip;]<\/p>\n","protected":false},"author":13,"featured_media":69292,"comment_status":"open","ping_status":"closed","sticky":false,"template":"","format":"standard","meta":{"om_disable_all_campaigns":false,"_monsterinsights_skip_tracking":false,"_monsterinsights_sitenote_active":false,"_monsterinsights_sitenote_note":"","_monsterinsights_sitenote_category":0,"_uf_show_specific_survey":0,"_uf_disable_surveys":false,"footnotes":""},"categories":[4454],"tags":[],"class_list":["post-69291","post","type-post","status-publish","format-standard","has-post-thumbnail","hentry","category-prestataires"],"acf":[],"_links":{"self":[{"href":"https:\/\/immo.lecourrier.es\/index.php\/wp-json\/wp\/v2\/posts\/69291","targetHints":{"allow":["GET"]}}],"collection":[{"href":"https:\/\/immo.lecourrier.es\/index.php\/wp-json\/wp\/v2\/posts"}],"about":[{"href":"https:\/\/immo.lecourrier.es\/index.php\/wp-json\/wp\/v2\/types\/post"}],"author":[{"embeddable":true,"href":"https:\/\/immo.lecourrier.es\/index.php\/wp-json\/wp\/v2\/users\/13"}],"replies":[{"embeddable":true,"href":"https:\/\/immo.lecourrier.es\/index.php\/wp-json\/wp\/v2\/comments?post=69291"}],"version-history":[{"count":0,"href":"https:\/\/immo.lecourrier.es\/index.php\/wp-json\/wp\/v2\/posts\/69291\/revisions"}],"wp:featuredmedia":[{"embeddable":true,"href":"https:\/\/immo.lecourrier.es\/index.php\/wp-json\/wp\/v2\/media\/69292"}],"wp:attachment":[{"href":"https:\/\/immo.lecourrier.es\/index.php\/wp-json\/wp\/v2\/media?parent=69291"}],"wp:term":[{"taxonomy":"category","embeddable":true,"href":"https:\/\/immo.lecourrier.es\/index.php\/wp-json\/wp\/v2\/categories?post=69291"},{"taxonomy":"post_tag","embeddable":true,"href":"https:\/\/immo.lecourrier.es\/index.php\/wp-json\/wp\/v2\/tags?post=69291"}],"curies":[{"name":"wp","href":"https:\/\/api.w.org\/{rel}","templated":true}]}}