{"id":69285,"date":"2026-03-08T21:46:06","date_gmt":"2026-03-08T21:46:06","guid":{"rendered":"https:\/\/immo.lecourrier.es\/index.php\/2026\/03\/08\/voici-a-quoi-ressemblera-la-tour-de-bureaux-dardian-a-madrid-apres-une-renovation-de-25-millions-deuros-2\/"},"modified":"2026-04-30T11:20:34","modified_gmt":"2026-04-30T11:20:34","slug":"voici-a-quoi-ressemblera-la-tour-de-bureaux-dardian-a-madrid-apres-une-renovation-de-25-millions-deuros-2","status":"publish","type":"post","link":"https:\/\/immo.lecourrier.es\/index.php\/2026\/03\/08\/voici-a-quoi-ressemblera-la-tour-de-bureaux-dardian-a-madrid-apres-une-renovation-de-25-millions-deuros-2\/","title":{"rendered":"Voici \u00e0 quoi ressemblera la tour de bureaux d&#8217;Ardian \u00e0 Madrid apr\u00e8s une r\u00e9novation de 25 millions d&#8217;euros"},"content":{"rendered":"<p><span dir=\"auto\" style=\"vertical-align: inherit\"><span dir=\"auto\" style=\"vertical-align: inherit\"><\/p>\n<p><em>Le studio d&#8217;architecture et de design int\u00e9rieur GCA est charg\u00e9 de la r\u00e9novation de l&#8217;immeuble, situ\u00e9 \u00e0 M\u00e9ndez \u00c1lvaro, que la soci\u00e9t\u00e9 de gestion fran\u00e7aise a achet\u00e9 fin 2021.<\/em><\/p>\n<p>Une nouvelle tour de bureaux ouvre ses portes dans le centre de Madrid. Il s&#8217;agit de <strong>Retama 3<\/strong>, le projet de r\u00e9novation command\u00e9 par la soci\u00e9t\u00e9 de gestion fran\u00e7aise Ardian pour ce b\u00e2timent de 13.200 m2 situ\u00e9 \u00e0 M\u00e9ndez \u00c1lvaro, et dont la conception sera r\u00e9alis\u00e9e par le studio d&#8217;architecture et de design int\u00e9rieur <strong>GCA Architects<\/strong>.<\/p>\n<p>&#8220;Avec un investissement estim\u00e9 \u00e0 25 millions d&#8217;euros pour la r\u00e9novation, l&#8217;objectif est de le repositionner et de le transformer en un <strong>b\u00e2timent r\u00e9pondant aux normes internationales les plus \u00e9lev\u00e9es en termes de confort, de durabilit\u00e9 et d&#8217;efficacit\u00e9<\/strong>&#8220;, explique le bureau d&#8217;architectes.<\/p>\n<p>La conception respecte le paysage urbain et vise \u00e0 devenir une r\u00e9f\u00e9rence architecturale pour la ligne d&#8217;horizon en expansion de cette zone de la ville, d\u00e9limit\u00e9e par les voies ferr\u00e9es et le p\u00e9riph\u00e9rique M-30, o\u00f9 d&#8217;autres projets de logements et de bureaux sont en cours de d\u00e9veloppement.<\/p>\n<p>Parmi les principales caract\u00e9ristiques de la r\u00e9novation de Retama 3 figurent, par exemple, la conception des espaces int\u00e9rieurs et ext\u00e9rieurs, l&#8217;utilisation de la v\u00e9g\u00e9tation indig\u00e8ne sur les terrasses et la durabilit\u00e9. En effet, le b\u00e2timent sera \u00e9quip\u00e9 des derni\u00e8res technologies afin d&#8217;obtenir le meilleur score dans les certifications Leed Platinum, Breeam Excellent, Well Core and Shell et Zero Carbon.<\/p>\n<p>Ardian a achet\u00e9 ce b\u00e2timent fin 2021 \u00e0 BNP Paribas et a d\u00e9j\u00e0 annonc\u00e9 son intention d&#8217;investir dans son repositionnement cette ann\u00e9e.<\/p>\n<p>Avec sa r\u00e9novation, qui devrait s&#8217;achever \u00e0 l&#8217;\u00e9t\u00e9 2024, <strong>l&#8217;entreprise fond\u00e9e par les architectes Josep Juanpere et Antonio Puig consolide sa pr\u00e9sence dans la capitale<\/strong>, o\u00f9 elle a ouvert un si\u00e8ge en 2020 et compte d\u00e9j\u00e0 plusieurs projets de bureaux r\u00e9alis\u00e9s, comme le si\u00e8ge de Cuatrecasas, l&#8217;am\u00e9nagement int\u00e9rieur des bureaux de CaixaBank et Ferrovial, et des projets h\u00f4teliers comme l&#8217;h\u00f4tel Axel. Elle a \u00e9galement d&#8217;autres projets en cours, dont deux h\u00f4tels \u00e0 Madrid, un immeuble r\u00e9sidentiel sur la Calle Nu\u00f1ez de Balboa, un h\u00f4tel et des logements \u00e0 Puerto de Santa Mar\u00eda, l&#8217;h\u00f4tel Guadalmina, l&#8217;h\u00f4tel los Monteros \u00e0 Cadix et un immeuble de bureaux sur la Calle Alcal\u00e1.<\/p>\n<figure class=\"wp-block-gallery has-nested-images columns-default is-cropped wp-block-gallery-1 is-layout-flex wp-block-gallery-is-layout-flex\">\n<figure class=\"wp-block-image size-large\"><img decoding=\"async\" src=\"https:\/\/immo.lecourrier.es\/wp-content\/uploads\/2024\/04\/01_torre_de_oficinas_en_mendez_alvaro_oficinas-1024x576.jpg\"><\/figure>\n<figure class=\"wp-block-image size-large\"><img decoding=\"async\" src=\"https:\/\/immo.lecourrier.es\/wp-content\/uploads\/2024\/04\/01_torre_de_oficinas_en_mendez_alvaro_oficinas_terraza-1024x800.jpg\"><\/figure>\n<figure class=\"wp-block-image size-large\"><img decoding=\"async\" src=\"https:\/\/immo.lecourrier.es\/wp-content\/uploads\/2026\/03\/01_torre_de_oficinas_en_mendez_alvaro_zoom_fachada-scaled.jpg\"><\/figure>\n<\/figure>\n<p><\/span><\/span><\/p>\n","protected":false},"excerpt":{"rendered":"<p>Le studio d&#8217;architecture et de design int\u00e9rieur GCA est charg\u00e9 de la r\u00e9novation de l&#8217;immeuble, situ\u00e9 \u00e0 M\u00e9ndez \u00c1lvaro, que la soci\u00e9t\u00e9 de gestion fran\u00e7aise a achet\u00e9 fin 2021. Une nouvelle tour de bureaux ouvre ses portes dans le centre de Madrid. Il s&#8217;agit de Retama 3, le projet de r\u00e9novation command\u00e9 par la soci\u00e9t\u00e9 [&hellip;]<\/p>\n","protected":false},"author":13,"featured_media":24855,"comment_status":"open","ping_status":"closed","sticky":false,"template":"","format":"standard","meta":{"om_disable_all_campaigns":false,"_monsterinsights_skip_tracking":false,"_monsterinsights_sitenote_active":false,"_monsterinsights_sitenote_note":"","_monsterinsights_sitenote_category":0,"_uf_show_specific_survey":0,"_uf_disable_surveys":false,"footnotes":""},"categories":[212,4506],"tags":[],"class_list":["post-69285","post","type-post","status-publish","format-standard","has-post-thumbnail","hentry","category-breaking-news","category-projets-immo"],"acf":[],"_links":{"self":[{"href":"https:\/\/immo.lecourrier.es\/index.php\/wp-json\/wp\/v2\/posts\/69285","targetHints":{"allow":["GET"]}}],"collection":[{"href":"https:\/\/immo.lecourrier.es\/index.php\/wp-json\/wp\/v2\/posts"}],"about":[{"href":"https:\/\/immo.lecourrier.es\/index.php\/wp-json\/wp\/v2\/types\/post"}],"author":[{"embeddable":true,"href":"https:\/\/immo.lecourrier.es\/index.php\/wp-json\/wp\/v2\/users\/13"}],"replies":[{"embeddable":true,"href":"https:\/\/immo.lecourrier.es\/index.php\/wp-json\/wp\/v2\/comments?post=69285"}],"version-history":[{"count":0,"href":"https:\/\/immo.lecourrier.es\/index.php\/wp-json\/wp\/v2\/posts\/69285\/revisions"}],"wp:featuredmedia":[{"embeddable":true,"href":"https:\/\/immo.lecourrier.es\/index.php\/wp-json\/wp\/v2\/media\/24855"}],"wp:attachment":[{"href":"https:\/\/immo.lecourrier.es\/index.php\/wp-json\/wp\/v2\/media?parent=69285"}],"wp:term":[{"taxonomy":"category","embeddable":true,"href":"https:\/\/immo.lecourrier.es\/index.php\/wp-json\/wp\/v2\/categories?post=69285"},{"taxonomy":"post_tag","embeddable":true,"href":"https:\/\/immo.lecourrier.es\/index.php\/wp-json\/wp\/v2\/tags?post=69285"}],"curies":[{"name":"wp","href":"https:\/\/api.w.org\/{rel}","templated":true}]}}