{"id":69283,"date":"2026-03-08T21:41:22","date_gmt":"2026-03-08T21:41:22","guid":{"rendered":"https:\/\/immo.lecourrier.es\/index.php\/2026\/03\/08\/le-portugal-suspend-les-golden-visa-pour-alleger-la-pression-sur-le-logement-2\/"},"modified":"2026-04-30T11:20:31","modified_gmt":"2026-04-30T11:20:31","slug":"le-portugal-suspend-les-golden-visa-pour-alleger-la-pression-sur-le-logement-2","status":"publish","type":"post","link":"https:\/\/immo.lecourrier.es\/index.php\/2026\/03\/08\/le-portugal-suspend-les-golden-visa-pour-alleger-la-pression-sur-le-logement-2\/","title":{"rendered":"Le Portugal suspend les Golden Visa pour all\u00e9ger la pression sur le logement"},"content":{"rendered":"<p><span dir=\"auto\" style=\"vertical-align: inherit\"><span dir=\"auto\" style=\"vertical-align: inherit\"><\/p>\n<p><em>Le gouvernement d&#8217;Ant\u00f3nio Costa approuve cette mesure, en vigueur depuis 2012, ainsi que l&#8217;interdiction de nouvelles licences pour les appartements touristiques, sauf dans les zones rurales. L&#8217;Irlande a r\u00e9cemment interdit l&#8217;octroi de ce permis de s\u00e9jour.<\/em><\/p>\n<p>Le gouvernement portugais a mis fin au dispositif du Golden Visa, qui accorde la r\u00e9sidence en \u00e9change d&#8217;investissements, et a interdit les nouvelles licences pour les appartements de vacances, sauf dans les municipalit\u00e9s rurales des zones non peupl\u00e9es du pays. Le Portugal devient le deuxi\u00e8me pays de l&#8217;UE \u00e0 suspendre ces visas, apr\u00e8s l&#8217;Irlande.<\/p>\n<p>Ces deux mesures font partie d&#8217;un plan choc approuv\u00e9 par le gouvernement pour faire face \u00e0 la crise du logement que conna\u00eet le Portugal, dont l&#8217;un des principaux axes est de &#8220;combattre la sp\u00e9culation immobili\u00e8re&#8221;, a d\u00e9clar\u00e9 le Premier ministre, Ant\u00f3nio Costa.<\/p>\n<p>Le Portugal n&#8217;accordera plus de Golden Visa, que l&#8217;on connaissait comme des visas pour les investisseurs, qui depuis 2012 \u00e9taient accord\u00e9s en \u00e9change de l&#8217;achat de biens immobiliers, de gros investissements ou de la cr\u00e9ation d&#8217;emplois.<\/p>\n<p><strong>Quant aux visas d\u00e9j\u00e0 accord\u00e9s, ils ne seront renouvel\u00e9s que si les investissements immobiliers sont consacr\u00e9s \u00e0 un logement permanent <\/strong>pour l&#8217;investisseur lui-m\u00eame ou ses descendants ou si la maison est mise sur le march\u00e9 locatif &#8220;de mani\u00e8re durable&#8221;, a pr\u00e9cis\u00e9 Ant\u00f3nio Costa.<\/p>\n<p>Depuis la naissance du programme en octobre 2012, le Portugal a accord\u00e9 11.535 autorisations de s\u00e9jour gr\u00e2ce \u00e0 ces visas, ce qui a repr\u00e9sent\u00e9 un investissement de 6,754 milliards d&#8217;euros pour l&#8217;\u00e9conomie portugaise.<\/p>\n<p><strong>Le Portugal a accord\u00e9 un total de 11.535 autorisations de r\u00e9sidence depuis 2012, qui ont permis des investissements de 6,754 milliards d&#8217;euros<\/strong><\/p>\n<p>D&#8217;autres mesures du plan approuv\u00e9 jeudi visent \u00e0 contr\u00f4ler davantage l&#8217;offre d&#8217;appartements touristiques afin d&#8217;augmenter l&#8217;offre de logements locatifs. <strong>L&#8217;ex\u00e9cutif interdira l&#8217;octroi de nouvelles licences, \u00e0 l&#8217;exception des logements ruraux<\/strong> dans les communes de l&#8217;int\u00e9rieur o\u00f9 &#8220;il n&#8217;y a pas de pression urbaine et o\u00f9 ils peuvent \u00eatre un facteur important de dynamisation de l&#8217;\u00e9conomie&#8221;, a expliqu\u00e9 le Premier ministre.<\/p>\n<p><strong>Les licences d\u00e9j\u00e0 accord\u00e9es seront r\u00e9examin\u00e9es en 2030 et, \u00e0 partir de cette date, elles feront l&#8217;objet d&#8217;\u00e9valuations p\u00e9riodiques tous les cinq ans.<\/strong> Les propri\u00e9taires de ces logements devront payer un imp\u00f4t extraordinaire qui servira \u00e0 financer les politiques de logement, et il y aura \u00e9galement des avantages fiscaux pour ceux qui, jusqu&#8217;en 2024, transf\u00e8rent leur appartement touristique sur le march\u00e9 du logement locatif.<\/p>\n<p>Costa a reconnu que le logement local &#8220;avait un fort pouvoir de revitalisation des villes, de cr\u00e9ation d&#8217;emplois&#8221;, mais a minimis\u00e9 l&#8217;impact que la mesure pourrait avoir sur le secteur du tourisme, l&#8217;un des moteurs \u00e9conomiques du pays.<\/p>\n<p>&#8220;Nous ne pouvons pas tuer la poule aux \u0153ufs d&#8217;or&#8221;, a-t-il d\u00e9clar\u00e9, et il a d\u00e9fendu le fait que le tourisme ne viendra pas de la transformation des villes en une &#8220;sorte de Disneyland&#8221; mais de l&#8217;offre d&#8217;une &#8220;exp\u00e9rience unique&#8221;.<\/p>\n<p><\/span><\/span><\/p>\n","protected":false},"excerpt":{"rendered":"<p>Le gouvernement d&#8217;Ant\u00f3nio Costa approuve cette mesure, en vigueur depuis 2012, ainsi que l&#8217;interdiction de nouvelles licences pour les appartements touristiques, sauf dans les zones rurales. L&#8217;Irlande a r\u00e9cemment interdit l&#8217;octroi de ce permis de s\u00e9jour. Le gouvernement portugais a mis fin au dispositif du Golden Visa, qui accorde la r\u00e9sidence en \u00e9change d&#8217;investissements, et [&hellip;]<\/p>\n","protected":false},"author":13,"featured_media":24223,"comment_status":"open","ping_status":"closed","sticky":false,"template":"","format":"standard","meta":{"om_disable_all_campaigns":false,"_monsterinsights_skip_tracking":false,"_monsterinsights_sitenote_active":false,"_monsterinsights_sitenote_note":"","_monsterinsights_sitenote_category":0,"_uf_show_specific_survey":0,"_uf_disable_surveys":false,"footnotes":""},"categories":[212,4392],"tags":[],"class_list":["post-69283","post","type-post","status-publish","format-standard","has-post-thumbnail","hentry","category-breaking-news","category-patrimoine"],"acf":[],"_links":{"self":[{"href":"https:\/\/immo.lecourrier.es\/index.php\/wp-json\/wp\/v2\/posts\/69283","targetHints":{"allow":["GET"]}}],"collection":[{"href":"https:\/\/immo.lecourrier.es\/index.php\/wp-json\/wp\/v2\/posts"}],"about":[{"href":"https:\/\/immo.lecourrier.es\/index.php\/wp-json\/wp\/v2\/types\/post"}],"author":[{"embeddable":true,"href":"https:\/\/immo.lecourrier.es\/index.php\/wp-json\/wp\/v2\/users\/13"}],"replies":[{"embeddable":true,"href":"https:\/\/immo.lecourrier.es\/index.php\/wp-json\/wp\/v2\/comments?post=69283"}],"version-history":[{"count":0,"href":"https:\/\/immo.lecourrier.es\/index.php\/wp-json\/wp\/v2\/posts\/69283\/revisions"}],"wp:featuredmedia":[{"embeddable":true,"href":"https:\/\/immo.lecourrier.es\/index.php\/wp-json\/wp\/v2\/media\/24223"}],"wp:attachment":[{"href":"https:\/\/immo.lecourrier.es\/index.php\/wp-json\/wp\/v2\/media?parent=69283"}],"wp:term":[{"taxonomy":"category","embeddable":true,"href":"https:\/\/immo.lecourrier.es\/index.php\/wp-json\/wp\/v2\/categories?post=69283"},{"taxonomy":"post_tag","embeddable":true,"href":"https:\/\/immo.lecourrier.es\/index.php\/wp-json\/wp\/v2\/tags?post=69283"}],"curies":[{"name":"wp","href":"https:\/\/api.w.org\/{rel}","templated":true}]}}