{"id":69276,"date":"2026-03-08T21:31:22","date_gmt":"2026-03-08T21:31:22","guid":{"rendered":"https:\/\/immo.lecourrier.es\/index.php\/2026\/03\/08\/soltour-reliera-lespagne-et-le-portugal-au-cap-vert-cet-ete-2\/"},"modified":"2026-04-30T11:10:43","modified_gmt":"2026-04-30T11:10:43","slug":"soltour-reliera-lespagne-et-le-portugal-au-cap-vert-cet-ete-2","status":"publish","type":"post","link":"https:\/\/immo.lecourrier.es\/index.php\/2026\/03\/08\/soltour-reliera-lespagne-et-le-portugal-au-cap-vert-cet-ete-2\/","title":{"rendered":"Soltour reliera l&#8217;Espagne et le Portugal au Cap-Vert cet \u00e9t\u00e9"},"content":{"rendered":"<p><span dir=\"auto\" style=\"vertical-align: inherit\"><span dir=\"auto\" style=\"vertical-align: inherit\"><\/p>\n<p><em>Air Europa et SmartWings assureront les vols entre juin et septembre.<\/em><\/p>\n<p>Le tour-op\u00e9rateur Soltour reliera l&#8217;Espagne et le Portugal \u00e0 l&#8217;\u00eele de Sal au Cap-Vert entre juillet et septembre. Les clients disposeront de vols directs depuis Madrid, Lisbonne et Porto, op\u00e9r\u00e9s par Air Europa et Smartwings.<\/p>\n<p>&#8220;Le Cap-Vert est un pays incroyable, avec des paysages magnifiques et une culture unique, c&#8217;est pourquoi nous avons opt\u00e9 pour cette destination inconnue des touristes espagnols&#8221;, a d\u00e9clar\u00e9 Encarna Jimenez, directrice de produit de Soltour, ajoutant que &#8220;notre mission est de consolider notre position dans le secteur du tourisme en tant que tour-op\u00e9rateur leader en produits innovants et uniques. Une op\u00e9ration comme celle-ci est un nouvel exemple des possibilit\u00e9s qu&#8217;offre Soltour&#8221;.<\/p>\n<p>Les vols hebdomadaires depuis Madrid seront assur\u00e9s par Air Europa, &#8220;ce qui nous permet de maximiser la connectivit\u00e9 depuis les diff\u00e9rents a\u00e9roports espagnols, tous les dimanches du 9 juillet au 10 septembre&#8221;.<\/p>\n<p>De m\u00eame, Soltour reliera le Cap-Vert au Portugal, avec des vols directs depuis Porto et Lisbonne, op\u00e9r\u00e9s par Smartwings.<br \/>&#8220;Contrairement \u00e0 l&#8217;Espagne, les Portugais sont de grands connaisseurs et amoureux du Cap-Vert, c&#8217;est pourquoi nous aurons \u00e0 nouveau des vols directs avec la compagnie a\u00e9rienne Smartwings, de Lisbonne et Porto vers l&#8217;\u00eele de Sal tous les mercredis du 28 juin au 13 septembre et vers Boa Vista tous les mardis du 27 juin au 12 septembre&#8221;, explique Luis Santos, directeur commercial de Soltour pour l&#8217;Espagne et le Portugal.<\/p>\n<p>L&#8217;\u00eele de Sal est l&#8217;une des plus petites du territoire capverdien et se distingue par ses plages de sable blanc, ses eaux turquoise et sa chaleur tout au long de l&#8217;ann\u00e9e.<\/p>\n<figure class=\"wp-block-image size-large\"><a href=\"https:\/\/www.opea.io\"><img decoding=\"async\" src=\"https:\/\/immo.lecourrier.es\/wp-content\/uploads\/2024\/04\/Capture-decran-2023-03-14-a-15.35.44-7-1024x108.jpg\"><\/a><\/figure>\n<\/p>\n<p><\/span><\/span><\/p>\n","protected":false},"excerpt":{"rendered":"<p>Air Europa et SmartWings assureront les vols entre juin et septembre. Le tour-op\u00e9rateur Soltour reliera l&#8217;Espagne et le Portugal \u00e0 l&#8217;\u00eele de Sal au Cap-Vert entre juillet et septembre. Les clients disposeront de vols directs depuis Madrid, Lisbonne et Porto, op\u00e9r\u00e9s par Air Europa et Smartwings. &#8220;Le Cap-Vert est un pays incroyable, avec des paysages [&hellip;]<\/p>\n","protected":false},"author":13,"featured_media":24816,"comment_status":"open","ping_status":"closed","sticky":false,"template":"","format":"standard","meta":{"om_disable_all_campaigns":false,"_monsterinsights_skip_tracking":false,"_monsterinsights_sitenote_active":false,"_monsterinsights_sitenote_note":"","_monsterinsights_sitenote_category":0,"_uf_show_specific_survey":0,"_uf_disable_surveys":false,"footnotes":""},"categories":[212,234],"tags":[],"class_list":["post-69276","post","type-post","status-publish","format-standard","has-post-thumbnail","hentry","category-breaking-news","category-logistique-retail"],"acf":[],"_links":{"self":[{"href":"https:\/\/immo.lecourrier.es\/index.php\/wp-json\/wp\/v2\/posts\/69276","targetHints":{"allow":["GET"]}}],"collection":[{"href":"https:\/\/immo.lecourrier.es\/index.php\/wp-json\/wp\/v2\/posts"}],"about":[{"href":"https:\/\/immo.lecourrier.es\/index.php\/wp-json\/wp\/v2\/types\/post"}],"author":[{"embeddable":true,"href":"https:\/\/immo.lecourrier.es\/index.php\/wp-json\/wp\/v2\/users\/13"}],"replies":[{"embeddable":true,"href":"https:\/\/immo.lecourrier.es\/index.php\/wp-json\/wp\/v2\/comments?post=69276"}],"version-history":[{"count":0,"href":"https:\/\/immo.lecourrier.es\/index.php\/wp-json\/wp\/v2\/posts\/69276\/revisions"}],"wp:featuredmedia":[{"embeddable":true,"href":"https:\/\/immo.lecourrier.es\/index.php\/wp-json\/wp\/v2\/media\/24816"}],"wp:attachment":[{"href":"https:\/\/immo.lecourrier.es\/index.php\/wp-json\/wp\/v2\/media?parent=69276"}],"wp:term":[{"taxonomy":"category","embeddable":true,"href":"https:\/\/immo.lecourrier.es\/index.php\/wp-json\/wp\/v2\/categories?post=69276"},{"taxonomy":"post_tag","embeddable":true,"href":"https:\/\/immo.lecourrier.es\/index.php\/wp-json\/wp\/v2\/tags?post=69276"}],"curies":[{"name":"wp","href":"https:\/\/api.w.org\/{rel}","templated":true}]}}