{"id":69275,"date":"2026-03-08T21:31:14","date_gmt":"2026-03-08T21:31:14","guid":{"rendered":"https:\/\/immo.lecourrier.es\/index.php\/2026\/03\/08\/metrovacesa-investit-24-millions-dans-son-nouveau-projet-a-almeria-2\/"},"modified":"2026-04-30T11:10:41","modified_gmt":"2026-04-30T11:10:41","slug":"metrovacesa-investit-24-millions-dans-son-nouveau-projet-a-almeria-2","status":"publish","type":"post","link":"https:\/\/immo.lecourrier.es\/index.php\/2026\/03\/08\/metrovacesa-investit-24-millions-dans-son-nouveau-projet-a-almeria-2\/","title":{"rendered":"Metrovacesa investit 24 millions dans son nouveau projet \u00e0 Almeria"},"content":{"rendered":"<p><span dir=\"auto\" style=\"vertical-align: inherit\"><span dir=\"auto\" style=\"vertical-align: inherit\"><\/p>\n<p><em>Metrovacesa renforce ainsi sa pr\u00e9sence \u00e0 Almerimar, o\u00f9 elle a d\u00e9j\u00e0 deux grands projets, et consolide sa position de promoteur de logements neufs \u00e0 Almeria.<\/em><\/p>\n<p><strong>Metrovacesa <\/strong>a commenc\u00e9 la construction du complexe r\u00e9sidentiel Itamar, situ\u00e9 \u00e0 <strong>Almerimar<\/strong>, \u00e0 El Ejido (Almer\u00eda). Il s&#8217;agit d&#8217;un projet de construction neuve compos\u00e9 de 115 logements r\u00e9partis en deux phases et situ\u00e9s en bord de mer.<\/p>\n<p>L&#8217;entreprise pr\u00e9voit d&#8217;investir pr\u00e8s de 24 millions d&#8217;euros dans ce d\u00e9veloppement. Le complexe r\u00e9pond \u00e0 la demande croissante de nouveaux logements \u00e0 Almeria. Il t\u00e9moigne \u00e9galement de l&#8217;engagement du promoteur dans le secteur d&#8217;Almerimar, o\u00f9 il a r\u00e9cemment achev\u00e9 un autre projet, Residencial Aria, portant \u00e0 199 le nombre total d&#8217;unit\u00e9s d\u00e9velopp\u00e9es dans la zone.<\/p>\n<p>Les logements du complexe r\u00e9sidentiel Itamar sont dot\u00e9s de grandes terrasses et d&#8217;espaces verts qui, via des all\u00e9es pi\u00e9tonnes, m\u00e8nent \u00e0 la piscine et \u00e0 l&#8217;aire de jeux pour enfants. Le projet propose \u00e9galement des parcelles priv\u00e9es pour les rez-de-chauss\u00e9e et des penthouses spacieux.<\/p>\n<p>Le d\u00e9veloppement, avec un acc\u00e8s direct \u00e0 la promenade et \u00e0 la plage d&#8217;Almerimar, est strat\u00e9giquement distribu\u00e9 pour profiter au maximum de la lumi\u00e8re naturelle et pour jouir du confort d&#8217;un environnement paisible qui invite \u00e0 la d\u00e9tente. Le r\u00e9sidentiel est situ\u00e9 dans une zone proche de la marina, du terrain de golf, des \u00e9coles et d&#8217;une multitude de services commerciaux.<\/p>\n<p><strong>Lorenzo Santana, d\u00e9l\u00e9gu\u00e9 r\u00e9gional de Metrovacesa dans l&#8217;est de l&#8217;Andalousie<\/strong>, a d\u00e9clar\u00e9 qu&#8217;&#8221;Almeria est une r\u00e9gion pleine de charme, gaie et avec un attrait particulier. Chez Metrovacesa, nous sommes heureux de penser que nous travaillons ensemble depuis six ans et que nous avons contribu\u00e9 \u00e0 la cr\u00e9ation de nouveaux quartiers, \u00e0 la revitalisation de l&#8217;\u00e9conomie de la zone et, surtout, \u00e0 l&#8217;am\u00e9lioration de la qualit\u00e9 de vie de ses habitants et de l&#8217;offre de nouveaux logements dans la localit\u00e9&#8221;.<\/p>\n<p>&#8220;<strong>Metrovacesa<\/strong> a, depuis ses d\u00e9buts il y a plus de 100 ans, un lien fort avec l&#8217;Andalousie. Il ne fait aucun doute qu&#8217;Almerimar et Almer\u00eda occupent une place tr\u00e8s repr\u00e9sentative dans le plan d&#8217;affaires de l&#8217;entreprise et continueront \u00e0 le faire pendant de nombreuses ann\u00e9es&#8221;, a ajout\u00e9 M. Santana.<\/p>\n<p>La <strong>durabilit\u00e9 <\/strong>et le respect de l&#8217;environnement sont une priorit\u00e9 strat\u00e9gique pour Metrovacesa; c&#8217;est pourquoi ce projet appliquera dans son d\u00e9veloppement des mesures ax\u00e9es sur l&#8217;am\u00e9lioration de la qualit\u00e9 de vie des futurs propri\u00e9taires. En ce sens, Itamar est construit avec les plus hautes classifications en mati\u00e8re de certification \u00e9nerg\u00e9tique, appliquant l&#8217;engagement Domum de <strong>Metrovacesa<\/strong> en mati\u00e8re de durabilit\u00e9, recherchant \u00e9galement des solutions de construction innovantes pour minimiser l&#8217;empreinte carbone tout au long du cycle de vie des b\u00e2timents et l&#8217;application d&#8217;\u00e9nergies alternatives pour r\u00e9duire la consommation d&#8217;\u00e9nergies moins vertes, avec un impact positif sur la nature.<\/p>\n<p><strong>Prix de l&#8217;immobilier \u00e0 El Ejido<\/strong><\/p>\n<p>Le prix des logements dans la municipalit\u00e9 d&#8217;Almeria d&#8217;El Ejido est actuellement de 1094 \u20ac\/m2, selon les donn\u00e9es de la plateforme de big data immobili\u00e8re Brainsre.<\/p>\n<p>Si nous analysons d&#8217;une part les nouvelles constructions, nous constatons que le prix s&#8217;\u00e9l\u00e8ve \u00e0 1451 \u20ac\/m2, ce qui signifie qu&#8217;il a augment\u00e9 l&#8217;ann\u00e9e derni\u00e8re de 10,6%, alors qu&#8217;en rythme trimestriel, il a baiss\u00e9 de 10%.<\/p>\n<figure class=\"wp-block-image size-large is-resized\"><img decoding=\"async\" src=\"https:\/\/immo.lecourrier.es\/wp-content\/uploads\/2024\/04\/nuevo-vs-2a-mano-evoluci-96-1024x683.jpeg\"><\/figure>\n<p>D&#8217;autre part, le logement de seconde main se situe \u00e0 1091 \u20ac\/m2, ayant enregistr\u00e9 une croissance de 3,8% l&#8217;ann\u00e9e derni\u00e8re et de 0,3% par trimestre.<\/p>\n<p><strong>Autres d\u00e9veloppements de Metrovacesa en Andalousie<\/strong><\/p>\n<p>Il y a dix jours, le promoteur a annonc\u00e9 l&#8217;investissement de 12,8 millions d&#8217;euros dans le d\u00e9veloppement de 60 logements \u00e0 Cordoue. Ce nouveau projet <strong>Metrovacesa<\/strong>, compos\u00e9 d&#8217;unit\u00e9s de deux, trois et quatre chambres \u00e0 coucher, sera construit dans deux b\u00e2timents distincts.<\/p>\n<p>La m\u00eame semaine, Metrovacesa a annonc\u00e9 l&#8217;achat d&#8217;un terrain \u00e0 Grenade pour 15 millions d&#8217;euros. Le terrain, d&#8217;une superficie de 6330 m\u00e8tres carr\u00e9s, a \u00e9t\u00e9 acquis aupr\u00e8s du <strong>gouvernement r\u00e9gional andalou <\/strong>pour construire 200 logements.<\/p>\n<p><\/span><\/span><\/p>\n","protected":false},"excerpt":{"rendered":"<p>Metrovacesa renforce ainsi sa pr\u00e9sence \u00e0 Almerimar, o\u00f9 elle a d\u00e9j\u00e0 deux grands projets, et consolide sa position de promoteur de logements neufs \u00e0 Almeria. Metrovacesa a commenc\u00e9 la construction du complexe r\u00e9sidentiel Itamar, situ\u00e9 \u00e0 Almerimar, \u00e0 El Ejido (Almer\u00eda). Il s&#8217;agit d&#8217;un projet de construction neuve compos\u00e9 de 115 logements r\u00e9partis en deux [&hellip;]<\/p>\n","protected":false},"author":13,"featured_media":24812,"comment_status":"open","ping_status":"closed","sticky":false,"template":"","format":"standard","meta":{"om_disable_all_campaigns":false,"_monsterinsights_skip_tracking":false,"_monsterinsights_sitenote_active":false,"_monsterinsights_sitenote_note":"","_monsterinsights_sitenote_category":0,"_uf_show_specific_survey":0,"_uf_disable_surveys":false,"footnotes":""},"categories":[212,4506],"tags":[],"class_list":["post-69275","post","type-post","status-publish","format-standard","has-post-thumbnail","hentry","category-breaking-news","category-projets-immo"],"acf":[],"_links":{"self":[{"href":"https:\/\/immo.lecourrier.es\/index.php\/wp-json\/wp\/v2\/posts\/69275","targetHints":{"allow":["GET"]}}],"collection":[{"href":"https:\/\/immo.lecourrier.es\/index.php\/wp-json\/wp\/v2\/posts"}],"about":[{"href":"https:\/\/immo.lecourrier.es\/index.php\/wp-json\/wp\/v2\/types\/post"}],"author":[{"embeddable":true,"href":"https:\/\/immo.lecourrier.es\/index.php\/wp-json\/wp\/v2\/users\/13"}],"replies":[{"embeddable":true,"href":"https:\/\/immo.lecourrier.es\/index.php\/wp-json\/wp\/v2\/comments?post=69275"}],"version-history":[{"count":0,"href":"https:\/\/immo.lecourrier.es\/index.php\/wp-json\/wp\/v2\/posts\/69275\/revisions"}],"wp:featuredmedia":[{"embeddable":true,"href":"https:\/\/immo.lecourrier.es\/index.php\/wp-json\/wp\/v2\/media\/24812"}],"wp:attachment":[{"href":"https:\/\/immo.lecourrier.es\/index.php\/wp-json\/wp\/v2\/media?parent=69275"}],"wp:term":[{"taxonomy":"category","embeddable":true,"href":"https:\/\/immo.lecourrier.es\/index.php\/wp-json\/wp\/v2\/categories?post=69275"},{"taxonomy":"post_tag","embeddable":true,"href":"https:\/\/immo.lecourrier.es\/index.php\/wp-json\/wp\/v2\/tags?post=69275"}],"curies":[{"name":"wp","href":"https:\/\/api.w.org\/{rel}","templated":true}]}}