{"id":69274,"date":"2026-03-08T21:31:06","date_gmt":"2026-03-08T21:31:06","guid":{"rendered":"https:\/\/immo.lecourrier.es\/index.php\/2026\/03\/08\/lachat-de-targobank-espana-etablit-abanca-dans-toute-la-peninsule-iberique-2\/"},"modified":"2026-04-30T11:10:40","modified_gmt":"2026-04-30T11:10:40","slug":"lachat-de-targobank-espana-etablit-abanca-dans-toute-la-peninsule-iberique-2","status":"publish","type":"post","link":"https:\/\/immo.lecourrier.es\/index.php\/2026\/03\/08\/lachat-de-targobank-espana-etablit-abanca-dans-toute-la-peninsule-iberique-2\/","title":{"rendered":"L&#8217;achat de Targobank Espa\u00f1a \u00e9tablit Abanca dans toute la p\u00e9ninsule ib\u00e9rique"},"content":{"rendered":"<p><span dir=\"auto\" style=\"vertical-align: inherit\"><span dir=\"auto\" style=\"vertical-align: inherit\"><\/p>\n<p>ANA BALSEIRO<br \/>MADRID \/ LA VOZ<br \/>ECONOMIE<\/p>\n<p>Elle gagne 51 agences et 150 000 clients, qui seront int\u00e9gr\u00e9s \u00e0 l&#8217;entit\u00e9 en 2024.<\/p>\n<p>Abanca et la Banque F\u00e9d\u00e9rative du Cr\u00e9dit Mutuel (BFCM) ont sign\u00e9 ce mercredi \u00e0 Madrid le contrat d&#8217;achat et de vente de Targobank Espa\u00f1a, une fois achev\u00e9e la p\u00e9riode de conformit\u00e9 et la consultation des repr\u00e9sentants des travailleurs pr\u00e9vues par la l\u00e9gislation fran\u00e7aise. La c\u00e9r\u00e9monie de signature s&#8217;est d\u00e9roul\u00e9e en pr\u00e9sence du pr\u00e9sident et du directeur g\u00e9n\u00e9ral d&#8217;Abanca, Juan Carlos Escotet et Francisco Botas, respectivement, et du directeur g\u00e9n\u00e9ral adjoint de la BFCM, Alexandre Saada.<\/p>\n<p>La transaction, qui sera r\u00e9alis\u00e9e dans le courant de cette ann\u00e9e, est en attente des autorisations administratives de la Banque centrale europ\u00e9enne, de la Commission nationale des march\u00e9s et de la concurrence et de la Direction g\u00e9n\u00e9rale des assurances et des fonds de pension. Par la suite, au cours de l&#8217;ann\u00e9e 2024, l&#8217;int\u00e9gration technologique sera r\u00e9alis\u00e9e, un processus pour lequel Abanca a une exp\u00e9rience pr\u00e9alable suite aux six op\u00e9rations de fusion r\u00e9alis\u00e9es depuis 2014.<\/p>\n<p>L&#8217;int\u00e9gration \u00e0 la plateforme technologique de l&#8217;entit\u00e9 galicienne permettra aux clients de Targobank Espa\u00f1a de b\u00e9n\u00e9ficier de plus grandes capacit\u00e9s technologiques, notamment gr\u00e2ce \u00e0 sa banque mobile et \u00e0 une attention personnalis\u00e9e dans un r\u00e9seau de pr\u00e8s de 700 agences en Espagne.<\/p>\n<p><strong>L&#8217;op\u00e9ration en chiffres<\/strong><\/p>\n<p>Avec l&#8217;int\u00e9gration de Targobank, Abanca augmentera son volume d&#8217;affaires de 5,2% pour atteindre 112.544 millions d&#8217;euros. Les pr\u00eats s&#8217;\u00e9l\u00e8vent \u00e0 49 219 millions d&#8217;euros, en hausse de 6,9 %, les d\u00e9p\u00f4ts totalisent 51 390 millions d&#8217;euros, en hausse de 4,4 %, et le nombre d&#8217;agences a augment\u00e9 de 7,5 % pour atteindre 727. Le ratio combin\u00e9 NPL est de 2,1%, ce qui permet de maintenir la bonne qualit\u00e9 des actifs.<\/p>\n<p>Targobank Espa\u00f1a compte 541 employ\u00e9s qui servent pr\u00e8s de 150 000 clients \u00e0 travers ses 51 agences r\u00e9parties dans toute l&#8217;Espagne, notamment dans la r\u00e9gion m\u00e9diterran\u00e9enne, \u00e0 Madrid et en Andalousie. Abanca s&#8217;engage \u00e0 maintenir l&#8217;emploi de l&#8217;entit\u00e9 int\u00e9gr\u00e9e &#8220;pour donner une continuit\u00e9 \u00e0 sa politique d&#8217;addition du talent et du professionnalisme des \u00e9quipes incorpor\u00e9es dans les diff\u00e9rentes int\u00e9grations&#8221;, comme expliqu\u00e9 dans un communiqu\u00e9.<\/p>\n<p><strong>Co\u00efncidence dans les lignes d&#8217;affaires strat\u00e9giques<\/strong><\/p>\n<p>La banque galicienne souligne que &#8220;la strat\u00e9gie d&#8217;entreprise de Targobank Espa\u00f1a co\u00efncide avec l&#8217;engagement d&#8217;Abanca d&#8217;attirer et de mettre en relation les personnes, \u00e0 travers des produits de valeur tels que les assurances, les moyens de paiement et les fonds d&#8217;investissement, ainsi que le soutien aux petites et moyennes entreprises&#8221;.<\/p>\n<\/p>\n<p><\/span><\/span><\/p>\n","protected":false},"excerpt":{"rendered":"<p>ANA BALSEIROMADRID \/ LA VOZECONOMIE Elle gagne 51 agences et 150 000 clients, qui seront int\u00e9gr\u00e9s \u00e0 l&#8217;entit\u00e9 en 2024. Abanca et la Banque F\u00e9d\u00e9rative du Cr\u00e9dit Mutuel (BFCM) ont sign\u00e9 ce mercredi \u00e0 Madrid le contrat d&#8217;achat et de vente de Targobank Espa\u00f1a, une fois achev\u00e9e la p\u00e9riode de conformit\u00e9 et la consultation des [&hellip;]<\/p>\n","protected":false},"author":13,"featured_media":24808,"comment_status":"open","ping_status":"closed","sticky":false,"template":"","format":"standard","meta":{"om_disable_all_campaigns":false,"_monsterinsights_skip_tracking":false,"_monsterinsights_sitenote_active":false,"_monsterinsights_sitenote_note":"","_monsterinsights_sitenote_category":0,"_uf_show_specific_survey":0,"_uf_disable_surveys":false,"footnotes":""},"categories":[212],"tags":[],"class_list":["post-69274","post","type-post","status-publish","format-standard","has-post-thumbnail","hentry","category-breaking-news"],"acf":[],"_links":{"self":[{"href":"https:\/\/immo.lecourrier.es\/index.php\/wp-json\/wp\/v2\/posts\/69274","targetHints":{"allow":["GET"]}}],"collection":[{"href":"https:\/\/immo.lecourrier.es\/index.php\/wp-json\/wp\/v2\/posts"}],"about":[{"href":"https:\/\/immo.lecourrier.es\/index.php\/wp-json\/wp\/v2\/types\/post"}],"author":[{"embeddable":true,"href":"https:\/\/immo.lecourrier.es\/index.php\/wp-json\/wp\/v2\/users\/13"}],"replies":[{"embeddable":true,"href":"https:\/\/immo.lecourrier.es\/index.php\/wp-json\/wp\/v2\/comments?post=69274"}],"version-history":[{"count":0,"href":"https:\/\/immo.lecourrier.es\/index.php\/wp-json\/wp\/v2\/posts\/69274\/revisions"}],"wp:featuredmedia":[{"embeddable":true,"href":"https:\/\/immo.lecourrier.es\/index.php\/wp-json\/wp\/v2\/media\/24808"}],"wp:attachment":[{"href":"https:\/\/immo.lecourrier.es\/index.php\/wp-json\/wp\/v2\/media?parent=69274"}],"wp:term":[{"taxonomy":"category","embeddable":true,"href":"https:\/\/immo.lecourrier.es\/index.php\/wp-json\/wp\/v2\/categories?post=69274"},{"taxonomy":"post_tag","embeddable":true,"href":"https:\/\/immo.lecourrier.es\/index.php\/wp-json\/wp\/v2\/tags?post=69274"}],"curies":[{"name":"wp","href":"https:\/\/api.w.org\/{rel}","templated":true}]}}