{"id":69272,"date":"2026-03-08T21:26:06","date_gmt":"2026-03-08T21:26:06","guid":{"rendered":"https:\/\/immo.lecourrier.es\/index.php\/2026\/03\/08\/au-moins-35-socimis-prevoient-de-sintroduire-en-bourse-au-cours-des-deux-prochaines-annees-2\/"},"modified":"2026-04-30T11:10:37","modified_gmt":"2026-04-30T11:10:37","slug":"au-moins-35-socimis-prevoient-de-sintroduire-en-bourse-au-cours-des-deux-prochaines-annees-2","status":"publish","type":"post","link":"https:\/\/immo.lecourrier.es\/index.php\/2026\/03\/08\/au-moins-35-socimis-prevoient-de-sintroduire-en-bourse-au-cours-des-deux-prochaines-annees-2\/","title":{"rendered":"Au moins 35 &#8220;socimis&#8221; pr\u00e9voient de s&#8217;introduire en bourse au cours des deux prochaines ann\u00e9es"},"content":{"rendered":"<p><span dir=\"auto\" style=\"vertical-align: inherit\"><span dir=\"auto\" style=\"vertical-align: inherit\"><\/p>\n<p><em>L&#8217;ann\u00e9e derni\u00e8re, dix soci\u00e9t\u00e9s ont fait leurs d\u00e9buts sur BME Growth et Euronext Access, un flux qui devrait se poursuivre au cours des deux prochaines ann\u00e9es avec au moins 35 soci\u00e9t\u00e9s faisant leurs d\u00e9buts sur les march\u00e9s boursiers, selon les calculs d&#8217;Armanext.<\/em><\/p>\n<p>Les dix <em>socimi<\/em> qui ont \u00e9t\u00e9 cot\u00e9es sur BME Growth et Euronext Access en 2022 ont <strong>des propri\u00e9t\u00e9s \u00e9valu\u00e9es \u00e0 1,5 milliard d&#8217;euros, un montant dont les capitaux \u00e9trangers repr\u00e9sentent 91,6% du total<\/strong>, selon la VIIe analyse de l&#8217;\u00e9volution des <em>socimi<\/em> pr\u00e9sent\u00e9e par Armanext, un groupe sp\u00e9cialis\u00e9 dans la coordination du processus de cotation.<\/p>\n<p><strong>Le rapport d\u00e9taille qu&#8217;entre 2020 et 2022, jusqu&#8217;\u00e0 25 <em>socimi<\/em> ont rejoint Euronext Access<\/strong>, tandis que 16 ont rejoint BME Growth, pour une valeur totale de 5 milliards d&#8217;euros. De m\u00eame, depuis 2013, 132 soci\u00e9t\u00e9s de ce type ont \u00e9t\u00e9 constitu\u00e9es pour 25,4 milliards d&#8217;euros.<\/p>\n<p>Selon les pr\u00e9visions, le rythme des sorties devrait se poursuivre, avec au moins 35 nouvelles soci\u00e9t\u00e9s jusqu&#8217;en 2024. Parmi les sorties les plus attendues figure Bankinter Log\u00edstica, mais il existe \u00e9galement un grand nombre d&#8217;entreprises familiales ou d&#8217;entreprises d\u00e9tenant un patrimoine personnel qui attendent leur entr\u00e9e en bourse.<\/p>\n<p>Le pr\u00e9sident d&#8217;Armanext, Antonio Fern\u00e1ndez, souligne que la tendance des ann\u00e9es pr\u00e9c\u00e9dentes concernant les investisseurs \u00e9trangers se poursuit, en raison de la &#8220;professionnalisation de ce type d&#8217;investisseurs et de leur exp\u00e9rience dans d&#8217;autres pays&#8221;.<\/p>\n<p><strong>Parmi les nouveaux investissements les plus attendus dans les mois \u00e0 venir figure celui de Bankinter Log\u00edstica<\/strong><\/p>\n<p>&#8220;Les fonds \u00e9trangers observeront comment ils peuvent \u00eatre affect\u00e9s ou non par la modification de l&#8217;imp\u00f4t sur la fortune pour les non-r\u00e9sidents qui investissent dans l&#8217;immobilier en Espagne, ainsi que d&#8217;autres modifications en relation avec d&#8217;\u00e9ventuels changements dans la loi sur les baux urbains&#8221;, ajoute-t-il.<\/p>\n<p>En ce qui concerne la dynamique du <em>build-to-rent<\/em>, Fern\u00e1ndez estime que l&#8217;int\u00e9r\u00eat des investisseurs pour le <em>build-to-rent<\/em> s&#8217;est renforc\u00e9 en 2022, ce qui explique la baisse de la valeur des actifs et la diminution des passifs, car il s&#8217;agit de <em>socimi<\/em> qui sont cot\u00e9es dans l&#8217;attente de relancer leur activit\u00e9.<\/p>\n<p>En ce qui concerne la proposition d&#8217;Armanext de r\u00e9former la loi 11\/2009 sur les <em>socimi<\/em> afin que, comme c&#8217;est le cas dans les pays tiers, elles puissent \u00e9galement investir dans des terres agricoles, d&#8217;\u00e9levage et foresti\u00e8res, M. Fern\u00e1ndez indique que le minist\u00e8re des Finances \u00e9tudie cette modification. Cela contribuerait \u00e0 stimuler l&#8217;arriv\u00e9e de nouveaux investisseurs dans une Espagne d\u00e9peupl\u00e9e, car, \u00e0 l&#8217;heure actuelle, plus de 77,4% des investissements dans l&#8217;immobilier par le biais des <em>socimi<\/em> sont concentr\u00e9s \u00e0 Madrid et \u00e0 Barcelone.<\/p>\n<p><\/span><\/span><\/p>\n","protected":false},"excerpt":{"rendered":"<p>L&#8217;ann\u00e9e derni\u00e8re, dix soci\u00e9t\u00e9s ont fait leurs d\u00e9buts sur BME Growth et Euronext Access, un flux qui devrait se poursuivre au cours des deux prochaines ann\u00e9es avec au moins 35 soci\u00e9t\u00e9s faisant leurs d\u00e9buts sur les march\u00e9s boursiers, selon les calculs d&#8217;Armanext. Les dix socimi qui ont \u00e9t\u00e9 cot\u00e9es sur BME Growth et Euronext Access [&hellip;]<\/p>\n","protected":false},"author":13,"featured_media":24792,"comment_status":"open","ping_status":"closed","sticky":false,"template":"","format":"standard","meta":{"om_disable_all_campaigns":false,"_monsterinsights_skip_tracking":false,"_monsterinsights_sitenote_active":false,"_monsterinsights_sitenote_note":"","_monsterinsights_sitenote_category":0,"_uf_show_specific_survey":0,"_uf_disable_surveys":false,"footnotes":""},"categories":[212],"tags":[],"class_list":["post-69272","post","type-post","status-publish","format-standard","has-post-thumbnail","hentry","category-breaking-news"],"acf":[],"_links":{"self":[{"href":"https:\/\/immo.lecourrier.es\/index.php\/wp-json\/wp\/v2\/posts\/69272","targetHints":{"allow":["GET"]}}],"collection":[{"href":"https:\/\/immo.lecourrier.es\/index.php\/wp-json\/wp\/v2\/posts"}],"about":[{"href":"https:\/\/immo.lecourrier.es\/index.php\/wp-json\/wp\/v2\/types\/post"}],"author":[{"embeddable":true,"href":"https:\/\/immo.lecourrier.es\/index.php\/wp-json\/wp\/v2\/users\/13"}],"replies":[{"embeddable":true,"href":"https:\/\/immo.lecourrier.es\/index.php\/wp-json\/wp\/v2\/comments?post=69272"}],"version-history":[{"count":0,"href":"https:\/\/immo.lecourrier.es\/index.php\/wp-json\/wp\/v2\/posts\/69272\/revisions"}],"wp:featuredmedia":[{"embeddable":true,"href":"https:\/\/immo.lecourrier.es\/index.php\/wp-json\/wp\/v2\/media\/24792"}],"wp:attachment":[{"href":"https:\/\/immo.lecourrier.es\/index.php\/wp-json\/wp\/v2\/media?parent=69272"}],"wp:term":[{"taxonomy":"category","embeddable":true,"href":"https:\/\/immo.lecourrier.es\/index.php\/wp-json\/wp\/v2\/categories?post=69272"},{"taxonomy":"post_tag","embeddable":true,"href":"https:\/\/immo.lecourrier.es\/index.php\/wp-json\/wp\/v2\/tags?post=69272"}],"curies":[{"name":"wp","href":"https:\/\/api.w.org\/{rel}","templated":true}]}}