{"id":69264,"date":"2026-03-08T21:16:19","date_gmt":"2026-03-08T21:16:19","guid":{"rendered":"https:\/\/immo.lecourrier.es\/index.php\/2026\/03\/08\/bestprice-renforce-sa-presence-a-madrid-avec-louverture-dun-hotel-a-san-blas-2\/"},"modified":"2026-05-01T22:10:21","modified_gmt":"2026-05-01T22:10:21","slug":"bestprice-renforce-sa-presence-a-madrid-avec-louverture-dun-hotel-a-san-blas-2","status":"publish","type":"post","link":"https:\/\/immo.lecourrier.es\/index.php\/2026\/03\/08\/bestprice-renforce-sa-presence-a-madrid-avec-louverture-dun-hotel-a-san-blas-2\/","title":{"rendered":"Bestprice renforce sa pr\u00e9sence \u00e0 Madrid avec l&#8217;ouverture d&#8217;un h\u00f4tel \u00e0 San Blas"},"content":{"rendered":"<p><span dir=\"auto\" style=\"vertical-align: inherit\"><span dir=\"auto\" style=\"vertical-align: inherit\"><\/p>\n<p><em>La cha\u00eene catalane d\u00e9veloppe un h\u00f4tel de 53 chambres et de 1.870 m\u00e8tres carr\u00e9s dans le nouveau quartier technologique de la capitale. Avec un investissement de cinq millions d&#8217;euros, Bestprice esp\u00e8re ouvrir les portes de l&#8217;\u00e9tablissement en d\u00e9cembre de cette ann\u00e9e.<\/em><\/p>\n<p>Bestprice redouble son engagement \u00e0 Madrid. La cha\u00eene h\u00f4teli\u00e8re catalane, <strong>sp\u00e9cialis\u00e9e dans les \u00e9tablissements d&#8217;une et deux \u00e9toiles, investira cinq millions d&#8217;euros dans le d\u00e9veloppement d&#8217;un h\u00f4tel au num\u00e9ro 32 de la Calle Albasanz<\/strong>, au c\u0153ur du quartier technologique de San Blas-Canillejas \u00e0 Madrid, a confirm\u00e9 l&#8217;entreprise \u00e0 EjePrime.<\/p>\n<p><strong>L&#8217;\u00e9tablissement, avec 53 chambres et 1.870 m\u00e8tres carr\u00e9s, ouvrira ses portes en d\u00e9cembre de cette ann\u00e9e<\/strong>, une fois les travaux de construction du b\u00e2timent termin\u00e9s. Le studio charg\u00e9 de d\u00e9velopper le projet est Marta Gonz\u00e1lez Arquitectos, qui a con\u00e7u un \u00e9tablissement dot\u00e9 d&#8217;un hall vitr\u00e9 \u00e0 double hauteur, enti\u00e8rement ouvert sur l&#8217;espace jardin p\u00e9riph\u00e9rique, ainsi qu&#8217;une grande terrasse <em>chill-out<\/em> au premier \u00e9tage.<\/p>\n<p>Il s&#8217;agira du sixi\u00e8me h\u00f4tel de la cha\u00eene dirig\u00e9e par les fr\u00e8res Juan Antonio et \u00d3scar S\u00e1nchez, qui a <strong>r\u00e9cemment revu \u00e0 la hausse ses perspectives de chiffre d&#8217;affaires pour l&#8217;ensemble de l&#8217;ann\u00e9e 2023, avec une pr\u00e9vision de 4,4 millions d&#8217;euros de recettes<\/strong>. L&#8217;entreprise souligne que les taux d&#8217;occupation de ses \u00e9tablissements sont proches de 100% depuis la fin de la pand\u00e9mie et pr\u00e9voit de bons trimestres en 2023 en raison de la forte demande de r\u00e9servations re\u00e7ue.<\/p>\n<p>&#8220;Notre nouvel h\u00f4tel dans la capitale deviendra le fleuron de l&#8217;entreprise en raison du saut spectaculaire en termes de qualit\u00e9, de design et d&#8217;ampleur du nouvel h\u00f4tel de Madrid&#8221;, d\u00e9clare Oscar Sanchez, pr\u00e9sident de Bestprice Hotels.<\/p>\n<p><strong>Bestprice se concentre sur le march\u00e9 de l&#8217;h\u00f4tellerie urbaine, bien qu&#8217;elle n&#8217;exclue pas une incursion dans les centres de vacances<\/strong><\/p>\n<p>Bestprice dispose d&#8217;un portefeuille de quatre \u00e9tablissements de charme en activit\u00e9: Bestprice Diagonal et Bestprice Gracia, tous deux dans la ville de Barcelone; Bestprice Madrid Alcal\u00e1 et Bestprice Girona. En outre, <strong>la soci\u00e9t\u00e9 poss\u00e8de un cinqui\u00e8me h\u00f4tel \u00e0 Valence, actuellement en cours de r\u00e9novation, dont l&#8217;ouverture est pr\u00e9vue pour le deuxi\u00e8me trimestre de 2023.<\/strong><\/p>\n<p>L&#8217;entreprise se concentre sur le march\u00e9 de l&#8217;h\u00f4tellerie urbaine, m\u00eame si elle n&#8217;exclut pas une incursion dans les lieux de vill\u00e9giature qui ne sont pas r\u00e9gis par la saisonnalit\u00e9, comme Marbella ou Sitges. <strong>Bestprice pr\u00e9voit un investissement total de huit millions d&#8217;euros en 2023, dans le but de doubler son portefeuille d&#8217;\u00e9tablissements.<\/strong><\/p>\n<p>L&#8217;entreprise dispose d&#8217;un <em>pipeline<\/em> de quatre \u00e9tablissements et est <strong>persuad\u00e9e que ce chiffre sera augment\u00e9 dans les prochains mois avec l&#8217;entr\u00e9e d&#8217;un <em>partner<\/em> financier pour dynamiser son activit\u00e9<\/strong>. Ind\u00e9pendamment de l&#8217;entr\u00e9e d&#8217;un partenaire, Bestprice vise \u00e0 g\u00e9rer une quinzaine d&#8217;h\u00f4tels d&#8217;ici mi-2024.<\/p>\n<p>Bestprice Hotels a \u00e9t\u00e9 introduit en bourse sur Euronext Paris le 6 octobre dernier, avec une cotation de toutes ses actions \u00e0 un euro par action et une capitalisation de 20,4 millions d&#8217;euros. Hier, ses actions se n\u00e9gociaient \u00e0 2,3 euros par action.<\/p>\n<p><\/span><\/span><\/p>\n","protected":false},"excerpt":{"rendered":"<p>La cha\u00eene catalane d\u00e9veloppe un h\u00f4tel de 53 chambres et de 1.870 m\u00e8tres carr\u00e9s dans le nouveau quartier technologique de la capitale. Avec un investissement de cinq millions d&#8217;euros, Bestprice esp\u00e8re ouvrir les portes de l&#8217;\u00e9tablissement en d\u00e9cembre de cette ann\u00e9e. Bestprice redouble son engagement \u00e0 Madrid. La cha\u00eene h\u00f4teli\u00e8re catalane, sp\u00e9cialis\u00e9e dans les \u00e9tablissements [&hellip;]<\/p>\n","protected":false},"author":13,"featured_media":24769,"comment_status":"open","ping_status":"closed","sticky":false,"template":"","format":"standard","meta":{"om_disable_all_campaigns":false,"_monsterinsights_skip_tracking":false,"_monsterinsights_sitenote_active":false,"_monsterinsights_sitenote_note":"","_monsterinsights_sitenote_category":0,"_uf_show_specific_survey":0,"_uf_disable_surveys":false,"footnotes":""},"categories":[212,258,4506],"tags":[],"class_list":["post-69264","post","type-post","status-publish","format-standard","has-post-thumbnail","hentry","category-breaking-news","category-hotels-living","category-projets-immo"],"acf":[],"_links":{"self":[{"href":"https:\/\/immo.lecourrier.es\/index.php\/wp-json\/wp\/v2\/posts\/69264","targetHints":{"allow":["GET"]}}],"collection":[{"href":"https:\/\/immo.lecourrier.es\/index.php\/wp-json\/wp\/v2\/posts"}],"about":[{"href":"https:\/\/immo.lecourrier.es\/index.php\/wp-json\/wp\/v2\/types\/post"}],"author":[{"embeddable":true,"href":"https:\/\/immo.lecourrier.es\/index.php\/wp-json\/wp\/v2\/users\/13"}],"replies":[{"embeddable":true,"href":"https:\/\/immo.lecourrier.es\/index.php\/wp-json\/wp\/v2\/comments?post=69264"}],"version-history":[{"count":0,"href":"https:\/\/immo.lecourrier.es\/index.php\/wp-json\/wp\/v2\/posts\/69264\/revisions"}],"wp:featuredmedia":[{"embeddable":true,"href":"https:\/\/immo.lecourrier.es\/index.php\/wp-json\/wp\/v2\/media\/24769"}],"wp:attachment":[{"href":"https:\/\/immo.lecourrier.es\/index.php\/wp-json\/wp\/v2\/media?parent=69264"}],"wp:term":[{"taxonomy":"category","embeddable":true,"href":"https:\/\/immo.lecourrier.es\/index.php\/wp-json\/wp\/v2\/categories?post=69264"},{"taxonomy":"post_tag","embeddable":true,"href":"https:\/\/immo.lecourrier.es\/index.php\/wp-json\/wp\/v2\/tags?post=69264"}],"curies":[{"name":"wp","href":"https:\/\/api.w.org\/{rel}","templated":true}]}}