{"id":69263,"date":"2026-03-08T21:16:11","date_gmt":"2026-03-08T21:16:11","guid":{"rendered":"https:\/\/immo.lecourrier.es\/index.php\/2026\/03\/08\/les-parcs-et-centres-commerciaux-realisent-un-chiffre-daffaires-de-477-milliards-en-2022-soit-18-de-plus-quen-2019-2\/"},"modified":"2026-04-30T10:57:27","modified_gmt":"2026-04-30T10:57:27","slug":"les-parcs-et-centres-commerciaux-realisent-un-chiffre-daffaires-de-477-milliards-en-2022-soit-18-de-plus-quen-2019-2","status":"publish","type":"post","link":"https:\/\/immo.lecourrier.es\/index.php\/2026\/03\/08\/les-parcs-et-centres-commerciaux-realisent-un-chiffre-daffaires-de-477-milliards-en-2022-soit-18-de-plus-quen-2019-2\/","title":{"rendered":"Les parcs et centres commerciaux r\u00e9alisent un chiffre d&#8217;affaires de 47,7 milliards en 2022, soit 1,8% de plus qu&#8217;en 2019"},"content":{"rendered":"<p><span dir=\"auto\" style=\"vertical-align: inherit\"><span dir=\"auto\" style=\"vertical-align: inherit\"><\/p>\n<p><em>Les entr\u00e9es dans les parcs et centres commerciaux ont augment\u00e9 de 12,3% par rapport \u00e0 2021, mais les chiffres pr\u00e9-pand\u00e9miques ne sont pas encore atteints.<\/em><\/p>\n<p>Malgr\u00e9 le contexte socio-\u00e9conomique compliqu\u00e9 v\u00e9cu en 2022 avec l&#8217;invasion de l&#8217;<strong>Ukraine<\/strong> par la <strong>Russie<\/strong> comme \u00e9l\u00e9ment d\u00e9clencheur d&#8217;une hausse imparable des taux d&#8217;int\u00e9r\u00eat, de l&#8217;<strong>IPC<\/strong> et du prix des mati\u00e8res premi\u00e8res, le secteur des parcs et des centres commerciaux a connu une reprise des ventes, enregistrant des chiffres sup\u00e9rieurs \u00e0 ceux de 2019, avant l&#8217;arriv\u00e9e du coronavirus, selon les donn\u00e9es pr\u00e9sent\u00e9es par l&#8217;<strong>Association Espagnole des Centres Commerciaux et des Parcs (AECC)<\/strong>.<\/p>\n<p>Plus pr\u00e9cis\u00e9ment, les 47,7 milliards d&#8217;euros de ventes repr\u00e9sentent 16,3% de plus qu&#8217;en 2021 et 1,8% de plus qu&#8217;en 2019. &#8220;Cela indique que le spectre de la pand\u00e9mie a \u00e9t\u00e9 d\u00e9pass\u00e9 et que le secteur r\u00e9siste dans le contexte actuel d&#8217;incertitude \u00e9conomique&#8221;, souligne l&#8217;<strong>AECC<\/strong>. Un autre facteur qui ressort des donn\u00e9es pr\u00e9sent\u00e9es est la croissance du chiffre d&#8217;affaires moyen par visite, qui a augment\u00e9 au cours des trois derni\u00e8res ann\u00e9es.<\/p>\n<p>En ce qui concerne les diff\u00e9rentes activit\u00e9s \u00e9conomiques, il convient de noter que toutes ont connu une croissance, la <strong>restauration <\/strong>ayant connu la plus forte hausse du volume des ventes, avec une augmentation de 37,1% par rapport \u00e0 l&#8217;ann\u00e9e pr\u00e9c\u00e9dente, suivie de <strong>la mode et des accessoires<\/strong>, avec une croissance de 22,7%, et de <strong>l&#8217;\u00e9quipement m\u00e9nager<\/strong>, avec une augmentation de 4,5%. Il faut \u00e9galement noter que toutes ces activit\u00e9s ont augment\u00e9 par rapport \u00e0 2019.<\/p>\n<p>D&#8217;autre part, la fr\u00e9quentation des <strong>centres et des parcs commerciaux<\/strong> a augment\u00e9 de 12,3% par rapport \u00e0 2021, pour atteindre 1,7 milliard de visites. Cependant, les chiffres d&#8217;avant la pand\u00e9mie n&#8217;ont pas encore \u00e9t\u00e9 atteints.<\/p>\n<p><strong>Eduardo Ceballos<\/strong>, pr\u00e9sident de l&#8217;<strong>AECC<\/strong>, a d\u00e9clar\u00e9 que ces donn\u00e9es confirment que le secteur &#8220;maintient sa force et consolide notre validit\u00e9 en tant que canal de vente, en augmentant le ticket d&#8217;achat moyen et en confirmant la croissance des chiffres d&#8217;affaires dans toutes les activit\u00e9s. Les <strong>centres et parcs commerciaux<\/strong> sont un moteur \u00e9conomique tr\u00e8s important pour l&#8217;ensemble de notre \u00e9conomie&#8221;.<\/p>\n<p><strong>Emploi et surface locative brute<\/strong><\/p>\n<p>L&#8217;un des indicateurs les plus significatifs de ce secteur est l&#8217;emploi qu&#8217;il g\u00e9n\u00e8re, qui en 2022 a \u00e9t\u00e9 particuli\u00e8rement remarquable, puisque les emplois ont augment\u00e9 de 8,2% par rapport \u00e0 l&#8217;ann\u00e9e pr\u00e9c\u00e9dente, g\u00e9n\u00e9rant 860.000 emplois.<\/p>\n<p>Le nombre de m\u00e8tres carr\u00e9s de <strong>surface locative brute (SLB) <\/strong>en exploitation en <strong>Espagne<\/strong> est un autre chiffre qui refl\u00e8te la vitalit\u00e9 du secteur. En 2022, sept nouveaux projets ont \u00e9t\u00e9 inaugur\u00e9s, quatre <strong>parcs commerciaux<\/strong> et trois <strong>centres commerciaux<\/strong>, augmentant la <strong>SLB<\/strong> de 109.494 m\u00e8tres carr\u00e9s, pour atteindre un total de 16,6 millions de m\u00e8tres carr\u00e9s et 577 <strong>centres et parcs commerciaux<\/strong> en exploitation dans notre pays.<\/p>\n<p>Au cours des trois prochaines ann\u00e9es, 30 nouveaux projets de <strong>centres et de parcs commerciaux<\/strong> devraient \u00eatre lanc\u00e9s. Plus pr\u00e9cis\u00e9ment, il y aura sept <strong>centres commerciaux<\/strong> et 23 <strong>parcs commerciaux<\/strong>, ce qui consolide ce format comme le plus attractif et celui qui conna\u00eet la croissance la plus rapide.<\/p>\n<p>En ce qui concerne l&#8217;investissement par transactions au cours de 2022, 38 op\u00e9rations ont \u00e9t\u00e9 exp\u00e9riment\u00e9es qui ont d\u00e9pass\u00e9 1,8 milliard d&#8217;euros, consolidant la tendance \u00e0 la hausse qui a \u00e9t\u00e9 exp\u00e9riment\u00e9e depuis 2019. L&#8217;investissement dans les r\u00e9am\u00e9nagements et les r\u00e9novations s&#8217;est \u00e9lev\u00e9 \u00e0 plus de 70 millions d&#8217;euros dans huit projets achev\u00e9s au cours de l&#8217;ann\u00e9e.<\/p>\n<p>Enfin, concernant l&#8217;avenir du format, Ceballos s&#8217;est montr\u00e9 optimiste et a comment\u00e9 que &#8221; nous sommes en train de d\u00e9montrer que nous savons comment offrir aux visiteurs les exp\u00e9riences qu&#8217;ils demandent et que nous sommes capables de g\u00e9n\u00e9rer des exp\u00e9riences immersives qui vont au-del\u00e0 du shopping &#8220;.<\/p>\n<figure class=\"wp-block-image size-large\"><a href=\"https:\/\/www.opea.io\"><img decoding=\"async\" src=\"https:\/\/immo.lecourrier.es\/wp-content\/uploads\/2024\/04\/Capture-decran-2023-03-14-a-15.35.44-6-1024x108.jpg\"><\/a><\/figure>\n<\/p>\n<p><\/span><\/span><\/p>\n","protected":false},"excerpt":{"rendered":"<p>Les entr\u00e9es dans les parcs et centres commerciaux ont augment\u00e9 de 12,3% par rapport \u00e0 2021, mais les chiffres pr\u00e9-pand\u00e9miques ne sont pas encore atteints. Malgr\u00e9 le contexte socio-\u00e9conomique compliqu\u00e9 v\u00e9cu en 2022 avec l&#8217;invasion de l&#8217;Ukraine par la Russie comme \u00e9l\u00e9ment d\u00e9clencheur d&#8217;une hausse imparable des taux d&#8217;int\u00e9r\u00eat, de l&#8217;IPC et du prix des [&hellip;]<\/p>\n","protected":false},"author":13,"featured_media":24766,"comment_status":"open","ping_status":"closed","sticky":false,"template":"","format":"standard","meta":{"om_disable_all_campaigns":false,"_monsterinsights_skip_tracking":false,"_monsterinsights_sitenote_active":false,"_monsterinsights_sitenote_note":"","_monsterinsights_sitenote_category":0,"_uf_show_specific_survey":0,"_uf_disable_surveys":false,"footnotes":""},"categories":[212,234],"tags":[],"class_list":["post-69263","post","type-post","status-publish","format-standard","has-post-thumbnail","hentry","category-breaking-news","category-logistique-retail"],"acf":[],"_links":{"self":[{"href":"https:\/\/immo.lecourrier.es\/index.php\/wp-json\/wp\/v2\/posts\/69263","targetHints":{"allow":["GET"]}}],"collection":[{"href":"https:\/\/immo.lecourrier.es\/index.php\/wp-json\/wp\/v2\/posts"}],"about":[{"href":"https:\/\/immo.lecourrier.es\/index.php\/wp-json\/wp\/v2\/types\/post"}],"author":[{"embeddable":true,"href":"https:\/\/immo.lecourrier.es\/index.php\/wp-json\/wp\/v2\/users\/13"}],"replies":[{"embeddable":true,"href":"https:\/\/immo.lecourrier.es\/index.php\/wp-json\/wp\/v2\/comments?post=69263"}],"version-history":[{"count":0,"href":"https:\/\/immo.lecourrier.es\/index.php\/wp-json\/wp\/v2\/posts\/69263\/revisions"}],"wp:featuredmedia":[{"embeddable":true,"href":"https:\/\/immo.lecourrier.es\/index.php\/wp-json\/wp\/v2\/media\/24766"}],"wp:attachment":[{"href":"https:\/\/immo.lecourrier.es\/index.php\/wp-json\/wp\/v2\/media?parent=69263"}],"wp:term":[{"taxonomy":"category","embeddable":true,"href":"https:\/\/immo.lecourrier.es\/index.php\/wp-json\/wp\/v2\/categories?post=69263"},{"taxonomy":"post_tag","embeddable":true,"href":"https:\/\/immo.lecourrier.es\/index.php\/wp-json\/wp\/v2\/tags?post=69263"}],"curies":[{"name":"wp","href":"https:\/\/api.w.org\/{rel}","templated":true}]}}