{"id":69262,"date":"2026-03-08T21:11:15","date_gmt":"2026-03-08T21:11:15","guid":{"rendered":"https:\/\/immo.lecourrier.es\/index.php\/2026\/03\/08\/lespagne-pourrait-atteindre-un-nouveau-record-de-touristes-en-2023-2\/"},"modified":"2026-04-30T10:57:26","modified_gmt":"2026-04-30T10:57:26","slug":"lespagne-pourrait-atteindre-un-nouveau-record-de-touristes-en-2023-2","status":"publish","type":"post","link":"https:\/\/immo.lecourrier.es\/index.php\/2026\/03\/08\/lespagne-pourrait-atteindre-un-nouveau-record-de-touristes-en-2023-2\/","title":{"rendered":"L&#8217;Espagne pourrait atteindre un nouveau record de touristes en 2023"},"content":{"rendered":"<p><span dir=\"auto\" style=\"vertical-align: inherit\"><span dir=\"auto\" style=\"vertical-align: inherit\"><\/p>\n<p><em>Le cabinet de conseil Braintrust estime que l&#8217;Espagne pourrait atteindre 85 millions d&#8217;arriv\u00e9es de touristes internationaux cette ann\u00e9e.<\/em><\/p>\n<p>L&#8217;Espagne atteindra 85 millions d&#8217;arriv\u00e9es de touristes internationaux au cours de l&#8217;ann\u00e9e 2023, selon une analyse r\u00e9alis\u00e9e par le cabinet de conseil Braintrust. En outre, les d\u00e9penses des touristes seraient sup\u00e9rieures de 12% aux niveaux ant\u00e9rieurs \u00e0 la pand\u00e9mie.<\/p>\n<\/p>\n<figure class=\"wp-block-image size-large is-resized\"><img decoding=\"async\" src=\"https:\/\/immo.lecourrier.es\/wp-content\/uploads\/2024\/04\/Capture-decran-2023-03-02-a-10.08.39-1024x336.png\"><figcaption class=\"wp-element-caption\">Bilan 2022: moins de touristes, mais plus de d\u00e9penses &#8211; Rapport Braintrust<\/figcaption><\/figure>\n<\/p>\n<figure class=\"wp-block-image size-large is-resized\"><img decoding=\"async\" src=\"https:\/\/immo.lecourrier.es\/wp-content\/uploads\/2024\/04\/Capture-decran-2023-03-02-a-10.02.46-1024x571.png\"><figcaption class=\"wp-element-caption\">Variation en glissement annuel des d\u00e9penses des touristes \u00e9trangers en 2022<\/figcaption><\/figure>\n<\/p>\n<figure class=\"wp-block-image size-large is-resized\"><img decoding=\"async\" src=\"https:\/\/immo.lecourrier.es\/wp-content\/uploads\/2024\/04\/Capture-decran-2023-03-02-a-10.03.49-1024x593.jpg\"><figcaption class=\"wp-element-caption\">Types d&#8217;h\u00e9bergement choisis par les touristes \u00e9trangers en 2022 &#8211; Source : Braintrust, sur la base des donn\u00e9es de l&#8217;INE.<\/figcaption><\/figure>\n<\/p>\n<p><strong>Pr\u00e9visions pour 2023<\/strong><\/p>\n<p>Selon le cabinet, &#8220;cette ann\u00e9e, le record du nombre de voyageurs internationaux sera \u00e0 nouveau battu, d\u00e9passant les 83 millions de 2019, pour atteindre 85 millions en 2023, et ce qui est plus important, il sera proche des 100.000 millions d&#8217;euros de d\u00e9penses&#8221;.<\/p>\n<p>Ainsi, les d\u00e9penses touristiques seraient sup\u00e9rieures de 12% aux niveaux pr\u00e9-pand\u00e9miques.<\/p>\n<p>Quoi qu&#8217;il en soit, souligne Braintrust, ces projections pour 2023 seraient atteintes &#8220;\u00e0 condition qu&#8217;aucun nouveau cygne noir n&#8217;apparaisse, et que l&#8217;\u00e9conomie maintienne ses pr\u00e9visions tant du point de vue de la croissance que de la mod\u00e9ration de l&#8217;inflation sur les principaux march\u00e9s qui envoient des touristes en Espagne&#8221;.<\/p>\n<p>Selon \u00c1ngel Garc\u00eda Butrague\u00f1o, directeur du secteur tourisme du cabinet de conseil: &#8220;le v\u00e9ritable d\u00e9fi est de poursuivre la reprise tout en profitant de l&#8217;opportunit\u00e9 de concevoir un tourisme plus durable, avec un plus grand impact positif sur les destinations et les soci\u00e9t\u00e9s locales&#8221;.<\/p>\n<p>&#8220;Malgr\u00e9 la situation \u00e9conomique actuelle, les voyages sont devenus une priorit\u00e9 pour les gens, devant d&#8217;autres d\u00e9penses auparavant prioritaires, et apr\u00e8s la pand\u00e9mie, il y aura une croissance importante  conna\u00eetra jamais imagin\u00e9e auparavant&#8221;, ajoute-t-il.<\/p>\n<p>Dans tous les cas, pr\u00e9vient le dirigeant de Braintrust, &#8220;tomber dans l&#8217;euphorie et manquer l&#8217;opportunit\u00e9 de conversion serait fatal&#8221;.<\/p>\n<p><strong>Analyse des donn\u00e9es de 2022<\/strong><\/p>\n<p>Braintrust consid\u00e8re que &#8220;2022 peut \u00eatre consid\u00e9r\u00e9e comme l&#8217;ann\u00e9e de la reprise&#8221;.<br \/>En ce sens, &#8220;le nombre de touristes \u00e9trangers a atteint 71 millions, toujours en dessous des niveaux de 2019 de 14,3%, principalement en raison de l&#8217;absence de certaines nationalit\u00e9s comme les pays asiatiques ou am\u00e9ricains et du manque de voyageurs provenant des march\u00e9s proches du conflit en Ukraine, voyageurs qui devraient revenir d\u00e8s 2023&#8221;.<\/p>\n<p>Quoi qu&#8217;il en soit, &#8220;les donn\u00e9es invitent \u00e0 l&#8217;optimisme, car le chiffre des d\u00e9penses moyennes par voyageur est en hausse de 10,5%, en partie gr\u00e2ce \u00e0 un s\u00e9jour l\u00e9g\u00e8rement plus long de 5,7%, ce qui, avec la hausse des prix due \u00e0 l&#8217;inflation, entra\u00eene une augmentation des d\u00e9penses totales dans notre pays&#8221;.<\/p>\n<p><strong>L&#8217;h\u00e9bergement h\u00f4telier augmente par rapport \u00e0 l&#8217;h\u00e9bergement extra-h\u00f4telier<\/strong><\/p>\n<p>D&#8217;autre part, Braintrust souligne qu&#8217;en 2022, les touristes \u00e9trangers &#8220;ont allong\u00e9 leur s\u00e9jour moyen et ont \u00e9galement choisi l&#8217;h\u00e9bergement h\u00f4telier dans une plus grande mesure par rapport \u00e0 l&#8217;h\u00e9bergement extra-h\u00f4telier des ann\u00e9es pr\u00e9-pand\u00e9miques&#8221;. <\/p>\n<p>De cette fa\u00e7on, &#8220;l&#8217;h\u00e9bergement h\u00f4telier a augment\u00e9 \u00e0 68,6% (contre 65,8%), ce qui reconna\u00eet clairement les efforts des organisations touristiques en Espagne, ainsi que les strat\u00e9gies des entreprises, \u00e0 la poursuite de ce qui est d\u00e9sormais connu comme un touriste de plus grande qualit\u00e9&#8221;.<\/p>\n<p>En analysant l&#8217;\u00e9volution des diff\u00e9rents <strong>postes de d\u00e9penses par rapport \u00e0 l&#8217;ann\u00e9e pr\u00e9c\u00e9dant la pand\u00e9mie<\/strong>, Braintrust souligne &#8220;la hausse des d\u00e9penses dans la cat\u00e9gorie h\u00e9bergement, avec 13,1% de plus par rapport \u00e0 la m\u00eame p\u00e9riode en 2019&#8221;.<\/p>\n<p>&#8220;Au contraire, les autres typologies ont fortement chut\u00e9, le forfait touristique \u00e9tant le plus touch\u00e9 avec une baisse de 19,5%.&#8221;<\/p>\n<p><\/span><\/span><\/p>\n","protected":false},"excerpt":{"rendered":"<p>Le cabinet de conseil Braintrust estime que l&#8217;Espagne pourrait atteindre 85 millions d&#8217;arriv\u00e9es de touristes internationaux cette ann\u00e9e. L&#8217;Espagne atteindra 85 millions d&#8217;arriv\u00e9es de touristes internationaux au cours de l&#8217;ann\u00e9e 2023, selon une analyse r\u00e9alis\u00e9e par le cabinet de conseil Braintrust. En outre, les d\u00e9penses des touristes seraient sup\u00e9rieures de 12% aux niveaux ant\u00e9rieurs \u00e0 [&hellip;]<\/p>\n","protected":false},"author":13,"featured_media":24762,"comment_status":"open","ping_status":"closed","sticky":false,"template":"","format":"standard","meta":{"om_disable_all_campaigns":false,"_monsterinsights_skip_tracking":false,"_monsterinsights_sitenote_active":false,"_monsterinsights_sitenote_note":"","_monsterinsights_sitenote_category":0,"_uf_show_specific_survey":0,"_uf_disable_surveys":false,"footnotes":""},"categories":[212],"tags":[],"class_list":["post-69262","post","type-post","status-publish","format-standard","has-post-thumbnail","hentry","category-breaking-news"],"acf":[],"_links":{"self":[{"href":"https:\/\/immo.lecourrier.es\/index.php\/wp-json\/wp\/v2\/posts\/69262","targetHints":{"allow":["GET"]}}],"collection":[{"href":"https:\/\/immo.lecourrier.es\/index.php\/wp-json\/wp\/v2\/posts"}],"about":[{"href":"https:\/\/immo.lecourrier.es\/index.php\/wp-json\/wp\/v2\/types\/post"}],"author":[{"embeddable":true,"href":"https:\/\/immo.lecourrier.es\/index.php\/wp-json\/wp\/v2\/users\/13"}],"replies":[{"embeddable":true,"href":"https:\/\/immo.lecourrier.es\/index.php\/wp-json\/wp\/v2\/comments?post=69262"}],"version-history":[{"count":0,"href":"https:\/\/immo.lecourrier.es\/index.php\/wp-json\/wp\/v2\/posts\/69262\/revisions"}],"wp:featuredmedia":[{"embeddable":true,"href":"https:\/\/immo.lecourrier.es\/index.php\/wp-json\/wp\/v2\/media\/24762"}],"wp:attachment":[{"href":"https:\/\/immo.lecourrier.es\/index.php\/wp-json\/wp\/v2\/media?parent=69262"}],"wp:term":[{"taxonomy":"category","embeddable":true,"href":"https:\/\/immo.lecourrier.es\/index.php\/wp-json\/wp\/v2\/categories?post=69262"},{"taxonomy":"post_tag","embeddable":true,"href":"https:\/\/immo.lecourrier.es\/index.php\/wp-json\/wp\/v2\/tags?post=69262"}],"curies":[{"name":"wp","href":"https:\/\/api.w.org\/{rel}","templated":true}]}}