{"id":69259,"date":"2026-03-08T21:10:58","date_gmt":"2026-03-08T21:10:58","guid":{"rendered":"https:\/\/immo.lecourrier.es\/index.php\/2026\/03\/08\/ouverture-du-mercado-de-la-imprenta-le-nouveau-grand-marche-gastronomique-de-valencia-2\/"},"modified":"2026-04-30T10:55:34","modified_gmt":"2026-04-30T10:55:34","slug":"ouverture-du-mercado-de-la-imprenta-le-nouveau-grand-marche-gastronomique-de-valencia-2","status":"publish","type":"post","link":"https:\/\/immo.lecourrier.es\/index.php\/2026\/03\/08\/ouverture-du-mercado-de-la-imprenta-le-nouveau-grand-marche-gastronomique-de-valencia-2\/","title":{"rendered":"Ouverture du \u2018\u00a0Mercado\u00a0de\u00a0la Imprenta\u2019 le nouveau grand march\u00e9 gastronomique de Valencia\u00a0"},"content":{"rendered":"<p><span dir=\"auto\" style=\"vertical-align: inherit\"><span dir=\"auto\" style=\"vertical-align: inherit\"><\/p>\n<p>En gestation depuis plus de 3 ans, le projet deviendra r\u00e9alit\u00e9 le 10 mars prochain avec son ouverture officielle :&nbsp;situ\u00e9 pr\u00e8s de la Calle San Vicente, \u00e0 deux pas de la gare TGV Joaquim&nbsp;Sorolla, le nouveau march\u00e9 disposera d\u2019une superficie de 1 800 m\u00e8tres carr\u00e9s,&nbsp;divis\u00e9e&nbsp;en 21 stands.<\/p>\n<p>Ce nouvel espace, r\u00e9serv\u00e9 \u00e0 la gastronomie, a une longue histoire puisqu\u2019il abritait depuis 1908 une imprimerie&nbsp;(la Imprenta&nbsp;Vila)&nbsp;un lieu qui a ensuite servi pour des tournages et qui a r\u00e9cemment \u00e9t\u00e9 restaur\u00e9 et remodel\u00e9 pour le convertir en march\u00e9 gastronomique de premier plan. Environ 2,5 millions d&#8217;euros ont ete investis.<\/p>\n<p>&nbsp;Un espace de coworking de 900 m\u00e8tres carr\u00e9s a par ailleurs \u00e9t\u00e9 cr\u00e9\u00e9 dans les b\u00e2timents adjacents.<\/p>\n<p>Ce&nbsp;Mercado&nbsp;de&nbsp;la Imprenta, \u00e9galement connu sous le nom de&nbsp;Mercado&nbsp;de San Vicente, sera le premier march\u00e9 de cette taille et de ce standing inspir\u00e9 par le fameux&nbsp;Mercado&nbsp;de San Miguel \u00e0 Madrid ;&nbsp;il pourra accueillir jusqu\u2019\u00e0 700 personnes et ouvrira de 10 h \u00e0 minuit non-stop.<\/p>\n<h5 class=\"wp-block-heading\">Un march\u00e9 de la gastronomie traditionnelle compl\u00e9t\u00e9 par une offre culturelle<\/h5>\n<p>Principal protagoniste de ce nouveau march\u00e9 :&nbsp;la gastronomie valencienne avec un large \u00e9ventail de produits locaux et m\u00e9diterran\u00e9ens, ciblant aussi bien les r\u00e9sidents de Valence que les visiteurs ou les touristes de passage.<\/p>\n<p>Les travaux de r\u00e9novation ont pris soin de maintenir et conserver la structure et la volum\u00e9trie de l\u2019espace ainsi que certains \u00e9l\u00e9ments d&#8217;origine, comme les enseignes et les boiseries.&nbsp;Dans cette lign\u00e9e, elle tente de maintenir une certaine coh\u00e9rence en misant sur les produits locaux, le commerce \u00e9quitable et la qualit\u00e9, caract\u00e9ristiques qui feront partie de l&#8217;identit\u00e9 du march\u00e9.<\/p>\n<p>Cela dit, ce march\u00e9 ira au-del\u00e0 de la simple gastronomie :&nbsp;pendant que les visiteurs mangeront ou prendront un verre, ils pourront \u00e9galement profiter de spectacles vivants et d&#8217;expositions.&nbsp;Il y aura donc un engagement culturel compl\u00e9mentaire avec le but, de devenir la r\u00e9f\u00e9rence incontournable comme lieux de convivialit\u00e9 et de partage \u00e0 Valencia.<\/p>\n<\/p>\n<p class=\"has-text-align-right\">Laurence Lemoine<\/p>\n<p class=\"has-text-align-right\"><a href=\"https:\/\/www.valencia-expat-services.com\/\">Valencia Expat services<\/a><br \/><a href=\"http:\/\/www.madrid-expat-services.com\/\">Madrid<\/a>&nbsp;<a href=\"https:\/\/barcelona-expat-services.es\/fr\/\">Barcelone<\/a>&nbsp;<a href=\"http:\/\/www.javea-denia-expat-services.com\/\">Javea-Denia<\/a><\/p>\n<p><\/span><\/span><\/p>\n","protected":false},"excerpt":{"rendered":"<p>En gestation depuis plus de 3 ans, le projet deviendra r\u00e9alit\u00e9 le 10 mars prochain avec son ouverture officielle :&nbsp;situ\u00e9 pr\u00e8s de la Calle San Vicente, \u00e0 deux pas de la gare TGV Joaquim&nbsp;Sorolla, le nouveau march\u00e9 disposera d\u2019une superficie de 1 800 m\u00e8tres carr\u00e9s,&nbsp;divis\u00e9e&nbsp;en 21 stands. Ce nouvel espace, r\u00e9serv\u00e9 \u00e0 la gastronomie, a [&hellip;]<\/p>\n","protected":false},"author":13,"featured_media":24746,"comment_status":"open","ping_status":"closed","sticky":false,"template":"","format":"standard","meta":{"om_disable_all_campaigns":false,"_monsterinsights_skip_tracking":false,"_monsterinsights_sitenote_active":false,"_monsterinsights_sitenote_note":"","_monsterinsights_sitenote_category":0,"_uf_show_specific_survey":0,"_uf_disable_surveys":false,"footnotes":""},"categories":[212],"tags":[],"class_list":["post-69259","post","type-post","status-publish","format-standard","has-post-thumbnail","hentry","category-breaking-news"],"acf":[],"_links":{"self":[{"href":"https:\/\/immo.lecourrier.es\/index.php\/wp-json\/wp\/v2\/posts\/69259","targetHints":{"allow":["GET"]}}],"collection":[{"href":"https:\/\/immo.lecourrier.es\/index.php\/wp-json\/wp\/v2\/posts"}],"about":[{"href":"https:\/\/immo.lecourrier.es\/index.php\/wp-json\/wp\/v2\/types\/post"}],"author":[{"embeddable":true,"href":"https:\/\/immo.lecourrier.es\/index.php\/wp-json\/wp\/v2\/users\/13"}],"replies":[{"embeddable":true,"href":"https:\/\/immo.lecourrier.es\/index.php\/wp-json\/wp\/v2\/comments?post=69259"}],"version-history":[{"count":0,"href":"https:\/\/immo.lecourrier.es\/index.php\/wp-json\/wp\/v2\/posts\/69259\/revisions"}],"wp:featuredmedia":[{"embeddable":true,"href":"https:\/\/immo.lecourrier.es\/index.php\/wp-json\/wp\/v2\/media\/24746"}],"wp:attachment":[{"href":"https:\/\/immo.lecourrier.es\/index.php\/wp-json\/wp\/v2\/media?parent=69259"}],"wp:term":[{"taxonomy":"category","embeddable":true,"href":"https:\/\/immo.lecourrier.es\/index.php\/wp-json\/wp\/v2\/categories?post=69259"},{"taxonomy":"post_tag","embeddable":true,"href":"https:\/\/immo.lecourrier.es\/index.php\/wp-json\/wp\/v2\/tags?post=69259"}],"curies":[{"name":"wp","href":"https:\/\/api.w.org\/{rel}","templated":true}]}}