{"id":69257,"date":"2026-03-08T21:08:10","date_gmt":"2026-03-08T21:08:10","guid":{"rendered":"https:\/\/immo.lecourrier.es\/index.php\/2026\/03\/08\/dia-conclut-la-vente-de-235-supermarches-a-alcampo-apres-lapprobation-de-la-cnmc-2\/"},"modified":"2026-04-30T10:55:31","modified_gmt":"2026-04-30T10:55:31","slug":"dia-conclut-la-vente-de-235-supermarches-a-alcampo-apres-lapprobation-de-la-cnmc-2","status":"publish","type":"post","link":"https:\/\/immo.lecourrier.es\/index.php\/2026\/03\/08\/dia-conclut-la-vente-de-235-supermarches-a-alcampo-apres-lapprobation-de-la-cnmc-2\/","title":{"rendered":"Dia conclut la vente de 235 supermarch\u00e9s \u00e0 Alcampo apr\u00e8s l&#8217;approbation de la Cnmc"},"content":{"rendered":"<p><span dir=\"auto\" style=\"vertical-align: inherit\"><span dir=\"auto\" style=\"vertical-align: inherit\"><\/p>\n<p><em>La Commission Nationale des March\u00e9s et de la Concurrence (Cnmc) avait utilis\u00e9 ces derniers jours un &#8220;arr\u00eat d&#8217;horloge&#8221; pour demander des informations suppl\u00e9mentaires sur la transaction, mais a fini par donner son feu vert \u00e0 la transaction, selon Dia.<\/em><\/p>\n<p>La fin de l&#8217;une des principales op\u00e9rations du segment des supermarch\u00e9s en 2022. Dia <strong>a conclu ce jeudi la vente d\u00e9finitive de 235 supermarch\u00e9s \u00e0 Alcampo pour 267 millions d&#8217;euros<\/strong>, qui sera ex\u00e9cut\u00e9e en plusieurs phases au cours des prochains mois, comme l&#8217;a signal\u00e9 la Commission Nationale du March\u00e9 des Valeurs (CNMV).<\/p>\n<p>Bien que l&#8217;op\u00e9ration ait \u00e9t\u00e9 annonc\u00e9e en ao\u00fbt de l&#8217;ann\u00e9e derni\u00e8re, elle devait \u00eatre approuv\u00e9e par la Commission Nationale des March\u00e9s et de la Concurrence (Cnmc), qui,<strong> ces derniers jours, avait proc\u00e9d\u00e9 \u00e0 un &#8220;arr\u00eat d&#8217;horloge&#8221; pour demander davantage d&#8217;informations sur l&#8217;op\u00e9ration.<\/strong><\/p>\n<p><strong>&#8220;L&#8217;arr\u00eat de l&#8217;horloge&#8221; est un m\u00e9canisme utilis\u00e9 par la Cnmc dans le cas o\u00f9 la transaction analys\u00e9e d\u00e9passe le temps d&#8217;analyse<\/strong>, stipul\u00e9 dans la p\u00e9riode d&#8217;un mois, et le r\u00e9gulateur a besoin de plus d&#8217;informations des parties pour attester de la l\u00e9galit\u00e9 de la transaction, car elle n&#8217;affecte pas la concurrence sur le march\u00e9.<\/p>\n<p>Ainsi, le feu vert de la Cnmc cl\u00f4t le chapitre de l&#8217;op\u00e9ration, qui <strong>comprend la vente de 235 \u00e9tablissements, avec une surface commerciale d&#8217;environ 180.000 m\u00e8tres carr\u00e9s<\/strong>, entre les deux cha\u00eenes alimentaires. Les supermarch\u00e9s sont situ\u00e9s dans les r\u00e9gions de Madrid, Arag\u00f3n, Asturies, Castilla y Le\u00f3n, Galice, Cantabrie, Navarre et Pays Basque. En plus de ces actifs, la transaction comprend \u00e9galement le transfert de deux entrep\u00f4ts logistiques que le Groupe Dia poss\u00e8de \u00e0 Villanubla (Valladolid).<\/p>\n<p>Dia a justifi\u00e9 la d\u00e9cision de vendre cet ensemble d&#8217;actifs &#8220;afin de r\u00e9investir les fonds obtenus dans l&#8217;acc\u00e9l\u00e9ration de l&#8217;activit\u00e9 en Espagne gr\u00e2ce \u00e0 son nouveau mod\u00e8le de magasin de proximit\u00e9 et ainsi faire avancer sa strat\u00e9gie de proximit\u00e9&#8221;, a indiqu\u00e9 la cha\u00eene dans un communiqu\u00e9.<\/p>\n<p><strong>Les 235 magasins faisant l&#8217;objet de la transaction ont une surface commerciale totale d&#8217;environ 180.000 m\u00e8tres carr\u00e9s<\/strong><\/p>\n<p>Le Groupe Dia (Distributeur alimentaire international) poss\u00e8de pr\u00e8s de 6.000 magasins et franchises en Espagne, au Portugal, au Br\u00e9sil et en Argentine. Fond\u00e9e en 1979, c&#8217;est une soci\u00e9t\u00e9 espagnole dont le si\u00e8ge est \u00e0 Madrid et qui est cot\u00e9e aux bourses de Madrid, Barcelone, Valence et Bilbao.<\/p>\n<p>Sur ses presque 6.000 magasins, 2.700 sont exploit\u00e9s selon le mod\u00e8le de la franchise. L&#8217;entreprise poss\u00e8de environ 2.700 magasins Dia et 1.000 magasins Clarel en Espagne, 500 magasins Minipre\u00e7o au Portugal, 700 magasins Dia au Br\u00e9sil et 900 en Argentine.<\/p>\n<p>Alcampo poss\u00e8de 311 centres en Espagne (63 hypermarch\u00e9s et 242 supermarch\u00e9s, dont 118 lui appartiennent) ainsi que 53 stations-service, un service de vente en ligne et un effectif de 20.000 personnes.<\/p>\n<figure class=\"wp-block-image size-large\"><a href=\"https:\/\/www.opea.io\"><img decoding=\"async\" src=\"https:\/\/immo.lecourrier.es\/wp-content\/uploads\/2024\/04\/Capture-decran-2023-03-14-a-15.35.44-5-1024x108.jpg\"><\/a><\/figure>\n<\/p>\n<p><\/span><\/span><\/p>\n","protected":false},"excerpt":{"rendered":"<p>La Commission Nationale des March\u00e9s et de la Concurrence (Cnmc) avait utilis\u00e9 ces derniers jours un &#8220;arr\u00eat d&#8217;horloge&#8221; pour demander des informations suppl\u00e9mentaires sur la transaction, mais a fini par donner son feu vert \u00e0 la transaction, selon Dia. La fin de l&#8217;une des principales op\u00e9rations du segment des supermarch\u00e9s en 2022. Dia a conclu [&hellip;]<\/p>\n","protected":false},"author":13,"featured_media":24734,"comment_status":"open","ping_status":"closed","sticky":false,"template":"","format":"standard","meta":{"om_disable_all_campaigns":false,"_monsterinsights_skip_tracking":false,"_monsterinsights_sitenote_active":false,"_monsterinsights_sitenote_note":"","_monsterinsights_sitenote_category":0,"_uf_show_specific_survey":0,"_uf_disable_surveys":false,"footnotes":""},"categories":[212,234],"tags":[],"class_list":["post-69257","post","type-post","status-publish","format-standard","has-post-thumbnail","hentry","category-breaking-news","category-logistique-retail"],"acf":[],"_links":{"self":[{"href":"https:\/\/immo.lecourrier.es\/index.php\/wp-json\/wp\/v2\/posts\/69257","targetHints":{"allow":["GET"]}}],"collection":[{"href":"https:\/\/immo.lecourrier.es\/index.php\/wp-json\/wp\/v2\/posts"}],"about":[{"href":"https:\/\/immo.lecourrier.es\/index.php\/wp-json\/wp\/v2\/types\/post"}],"author":[{"embeddable":true,"href":"https:\/\/immo.lecourrier.es\/index.php\/wp-json\/wp\/v2\/users\/13"}],"replies":[{"embeddable":true,"href":"https:\/\/immo.lecourrier.es\/index.php\/wp-json\/wp\/v2\/comments?post=69257"}],"version-history":[{"count":0,"href":"https:\/\/immo.lecourrier.es\/index.php\/wp-json\/wp\/v2\/posts\/69257\/revisions"}],"wp:featuredmedia":[{"embeddable":true,"href":"https:\/\/immo.lecourrier.es\/index.php\/wp-json\/wp\/v2\/media\/24734"}],"wp:attachment":[{"href":"https:\/\/immo.lecourrier.es\/index.php\/wp-json\/wp\/v2\/media?parent=69257"}],"wp:term":[{"taxonomy":"category","embeddable":true,"href":"https:\/\/immo.lecourrier.es\/index.php\/wp-json\/wp\/v2\/categories?post=69257"},{"taxonomy":"post_tag","embeddable":true,"href":"https:\/\/immo.lecourrier.es\/index.php\/wp-json\/wp\/v2\/tags?post=69257"}],"curies":[{"name":"wp","href":"https:\/\/api.w.org\/{rel}","templated":true}]}}