{"id":69219,"date":"2026-03-08T20:55:59","date_gmt":"2026-03-08T20:55:59","guid":{"rendered":"https:\/\/immo.lecourrier.es\/index.php\/2026\/03\/08\/madrid-dispose-de-terrains-publics-a-valdecarros-pour-construire-plus-de-9-000-logements-2\/"},"modified":"2026-04-30T10:40:28","modified_gmt":"2026-04-30T10:40:28","slug":"madrid-dispose-de-terrains-publics-a-valdecarros-pour-construire-plus-de-9-000-logements-2","status":"publish","type":"post","link":"https:\/\/immo.lecourrier.es\/index.php\/2026\/03\/08\/madrid-dispose-de-terrains-publics-a-valdecarros-pour-construire-plus-de-9-000-logements-2\/","title":{"rendered":"Madrid dispose de terrains publics \u00e0 Valdecarros pour construire plus de 9 000 logements"},"content":{"rendered":"<p><span dir=\"auto\" style=\"vertical-align: inherit\"><span dir=\"auto\" style=\"vertical-align: inherit\"><\/p>\n<p><em>Le gouvernement r\u00e9gional est le plus grand propri\u00e9taire du terrain, 15%, \u00e0 travers l&#8217;AVS, o\u00f9 il construira plus de 4.000 propri\u00e9t\u00e9s prot\u00e9g\u00e9es.<\/em><\/p>\n<p>Brainsre.news<br \/>08\/03\/2023<\/p>\n<p>La Communaut\u00e9 de Madrid dispose de terrains publics \u00e0 Valdecarros pour construire plus de 9 000 logements. La ministre r\u00e9gionale de l&#8217;Environnement, du Logement et de l&#8217;Agriculture, Paloma Mart\u00edn, a soulign\u00e9 ces chiffres lors de la visite qu&#8217;elle a effectu\u00e9e hier aux premiers travaux d&#8217;urbanisation de ce nouveau quartier du sud-est de la capitale.<\/p>\n<p>Mme Mart\u00edn a soulign\u00e9 que &#8220;le gouvernement r\u00e9gional s&#8217;efforce d&#8217;augmenter l&#8217;offre de logements r\u00e9sidentiels, qu&#8217;il s&#8217;agisse de location ou d&#8217;achat, et de faciliter ainsi l&#8217;acc\u00e8s, en particulier pour les jeunes&#8221;. &#8220;Outre la participation \u00e0 de nouveaux quartiers comme celui que nous visitons aujourd&#8217;hui, le gouvernement r\u00e9gional a d&#8217;autres initiatives en cours, comme le Plan Vive ou Mi Primera Vivienda, auxquels s&#8217;ajouteront les plans Soluci\u00f3n Joven, Alquiler con opci\u00f3n a compra, Rejuvenece Madrid ou Ascensores&#8221;, a-t-il ajout\u00e9.<\/p>\n<p>L&#8217;Agence du logement social (AVS) poss\u00e8de 2 903 380 m\u00e8tres carr\u00e9s dans cette zone, soit 15,39 % du total, ce qui en fait le plus grand propri\u00e9taire. Dans cette zone, le gouvernement r\u00e9gional a pr\u00e9vu de construire plus de 4 000 b\u00e2timents prot\u00e9g\u00e9s et il y a de la place pour 2 000 autres b\u00e2timents libres.<\/p>\n<p>La Communaut\u00e9 de Madrid poss\u00e8de \u00e9galement des terrains dans ce nouveau quartier appartenant au r\u00e9seau public supra-municipal, terrains c\u00e9d\u00e9s gratuitement par les promoteurs, sur la surface desquels plus de 2 000 unit\u00e9s de logement subventionn\u00e9es peuvent \u00eatre construites. Le gouvernement r\u00e9gional dispose donc \u00e0 Valdecarros de terrains publics pour construire plus de 9 000 logements.<\/p>\n<p>En outre, il poss\u00e8de des terrains publics \u00e0 d\u00e9velopper dans les nouveaux d\u00e9veloppements urbains de la capitale madril\u00e8ne, Colmenar Viejo et Arganda del Rey, r\u00e9partis entre 11 commissions de compensation qui les offrent pour la construction de 2 800 logements.<\/p>\n<p>Valdecarros, avec une superficie de 19 millions de m\u00e8tres carr\u00e9s, est le plus grand d\u00e9veloppement urbain d&#8217;Espagne et l&#8217;un des plus importants d&#8217;Europe. Plus de 51 000 appartements sont pr\u00e9vus, dont 55 % avec un certain type de protection, ce qui repr\u00e9sentera un investissement total de plus de 7 600 millions d&#8217;euros et cr\u00e9era 480 000 emplois directs et indirects. Les travaux de construction des premiers ensembles commenceront l&#8217;ann\u00e9e prochaine.<\/p>\n<p><strong>Prix des logements \u00e0 Madrid<\/strong><\/p>\n<p>Le prix des logements \u00e0 Madrid est actuellement de 4 497 \u20ac\/m2, selon les donn\u00e9es de la plateforme de donn\u00e9es immobili\u00e8res Brainsre.<\/p>\n<p>Si nous analysons d&#8217;une part les nouvelles constructions, nous constatons que le prix s&#8217;\u00e9l\u00e8ve \u00e0 5 083 \u20ac\/m2, ce qui signifie qu&#8217;il a augment\u00e9 de 0,9 % au cours de l&#8217;ann\u00e9e derni\u00e8re, tandis que le taux d&#8217;un trimestre \u00e0 l&#8217;autre a diminu\u00e9 de 0,5 %.<\/p>\n<figure class=\"wp-block-image size-large is-resized\"><img decoding=\"async\" src=\"https:\/\/immo.lecourrier.es\/wp-content\/uploads\/2024\/04\/Capture-decran-2023-03-08-a-11.57.45-1024x678.jpg\"><\/figure>\n<p>D&#8217;autre part, les logements d&#8217;occasion s&#8217;\u00e9l\u00e8vent \u00e0 4.486 \u20ac\/m2, ayant enregistr\u00e9 une croissance de 6,6% l&#8217;ann\u00e9e derni\u00e8re, tandis que le taux trimestriel a augment\u00e9 de 0,25%.<\/p>\n<\/p>\n<p><\/span><\/span><\/p>\n","protected":false},"excerpt":{"rendered":"<p>Le gouvernement r\u00e9gional est le plus grand propri\u00e9taire du terrain, 15%, \u00e0 travers l&#8217;AVS, o\u00f9 il construira plus de 4.000 propri\u00e9t\u00e9s prot\u00e9g\u00e9es. Brainsre.news08\/03\/2023 La Communaut\u00e9 de Madrid dispose de terrains publics \u00e0 Valdecarros pour construire plus de 9 000 logements. La ministre r\u00e9gionale de l&#8217;Environnement, du Logement et de l&#8217;Agriculture, Paloma Mart\u00edn, a soulign\u00e9 ces [&hellip;]<\/p>\n","protected":false},"author":13,"featured_media":24665,"comment_status":"open","ping_status":"closed","sticky":false,"template":"","format":"standard","meta":{"om_disable_all_campaigns":false,"_monsterinsights_skip_tracking":false,"_monsterinsights_sitenote_active":false,"_monsterinsights_sitenote_note":"","_monsterinsights_sitenote_category":0,"_uf_show_specific_survey":0,"_uf_disable_surveys":false,"footnotes":""},"categories":[212,4506],"tags":[],"class_list":["post-69219","post","type-post","status-publish","format-standard","has-post-thumbnail","hentry","category-breaking-news","category-projets-immo"],"acf":[],"_links":{"self":[{"href":"https:\/\/immo.lecourrier.es\/index.php\/wp-json\/wp\/v2\/posts\/69219","targetHints":{"allow":["GET"]}}],"collection":[{"href":"https:\/\/immo.lecourrier.es\/index.php\/wp-json\/wp\/v2\/posts"}],"about":[{"href":"https:\/\/immo.lecourrier.es\/index.php\/wp-json\/wp\/v2\/types\/post"}],"author":[{"embeddable":true,"href":"https:\/\/immo.lecourrier.es\/index.php\/wp-json\/wp\/v2\/users\/13"}],"replies":[{"embeddable":true,"href":"https:\/\/immo.lecourrier.es\/index.php\/wp-json\/wp\/v2\/comments?post=69219"}],"version-history":[{"count":0,"href":"https:\/\/immo.lecourrier.es\/index.php\/wp-json\/wp\/v2\/posts\/69219\/revisions"}],"wp:featuredmedia":[{"embeddable":true,"href":"https:\/\/immo.lecourrier.es\/index.php\/wp-json\/wp\/v2\/media\/24665"}],"wp:attachment":[{"href":"https:\/\/immo.lecourrier.es\/index.php\/wp-json\/wp\/v2\/media?parent=69219"}],"wp:term":[{"taxonomy":"category","embeddable":true,"href":"https:\/\/immo.lecourrier.es\/index.php\/wp-json\/wp\/v2\/categories?post=69219"},{"taxonomy":"post_tag","embeddable":true,"href":"https:\/\/immo.lecourrier.es\/index.php\/wp-json\/wp\/v2\/tags?post=69219"}],"curies":[{"name":"wp","href":"https:\/\/api.w.org\/{rel}","templated":true}]}}