{"id":69218,"date":"2026-03-08T20:55:54","date_gmt":"2026-03-08T20:55:54","guid":{"rendered":"https:\/\/immo.lecourrier.es\/index.php\/2026\/03\/08\/ii-conference-de-mujeres-avenir-a-seville-sans-egalite-il-ny-a-pas-de-justice-2\/"},"modified":"2026-04-30T10:40:27","modified_gmt":"2026-04-30T10:40:27","slug":"ii-conference-de-mujeres-avenir-a-seville-sans-egalite-il-ny-a-pas-de-justice-2","status":"publish","type":"post","link":"https:\/\/immo.lecourrier.es\/index.php\/2026\/03\/08\/ii-conference-de-mujeres-avenir-a-seville-sans-egalite-il-ny-a-pas-de-justice-2\/","title":{"rendered":"II Conf\u00e9rence de Mujeres Avenir \u00e0 Seville: &#8220;sans \u00e9galit\u00e9 il n&#8217;y a pas de justice&#8221;"},"content":{"rendered":"<p><span dir=\"auto\" style=\"vertical-align: inherit\"><span dir=\"auto\" style=\"vertical-align: inherit\"><\/p>\n<p><strong>S\u00e9ville, 08\/03\/2023<\/strong>&#8211; Communiqu\u00e9<\/p>\n<p><em><strong>Mujeres Avenir<\/strong> organise \u00e0 S\u00e9ville sa II\u00e8me Conf\u00e9rence Internationale r\u00e9unissant des experts et des ambassadeurs accr\u00e9dit\u00e9s en Espagne pour parler de la cyberviolence et du r\u00f4le des femmes dans le d\u00e9fi climatique<\/em>.<\/p>\n<p>8 mars 2023 &#8211; L&#8217;Association d&#8217;amiti\u00e9 hispano-fran\u00e7aise <strong><a href=\"https:\/\/mujeresavenir.com\">Mujeres Avenir<\/a><\/strong> et la Fondation Cajasol, ont organis\u00e9 la &#8220;<strong>IIe Conf\u00e9rence internationale \u00e0 S\u00e9ville<\/strong>&#8220;. La c\u00e9r\u00e9monie solennelle est renvers\u00e9e en pr\u00e9sence de <strong>Loles L\u00f3pez Gabarro<\/strong>, Ministre r\u00e9gional de l&#8217;inclusion sociale, de la jeunesse, de la famille et de l&#8217;\u00e9galit\u00e9, <strong>Antonio Pulido Guti\u00e9rrez<\/strong>, pr\u00e9sident de la<strong> <a href=\"https:\/\/fundacioncajasol.com\">Fondation Cajasol<\/a><\/strong>, et <strong>Mar\u00eda Luisa de Contes d&#8217;Esgranges<\/strong>, Pr\u00e9sidente fondatrice de <strong>Mujeres Avenir<\/strong>.<\/p>\n<p><strong>Loles L\u00f3pez Gabarro<\/strong>, pour rappeler que dans la violence de genre &#8220;les hommes ne sont pas le probl\u00e8me, leur source partie du probl\u00e8me&#8221;. Les hommes ne sont pas le probl\u00e8me, leur source partie de la solution, lorsque nous marchons d&#8217;\u00e9gal \u00e0 \u00e9gal&#8221;. Pour la conseill\u00e8re, &#8220;si un homme et une femme font le m\u00eame travail, si le salaire n&#8217;est pas identique, ce n&#8217;est pas la m\u00eame chose&#8221;. Si le salaire n&#8217;est pas identique, ce n&#8217;est pas juste. Les gens ne comprennent pas une soci\u00e9t\u00e9 avanc\u00e9e sans justice et on ne peut pas parler de soci\u00e9t\u00e9 juste sans \u00e9galit\u00e9. L&#8217;\u00e9galit\u00e9 doit \u00eatre pr\u00e9sente dans tous les domaines du gouvernement et de la soci\u00e9t\u00e9&#8221;.  Aujourd&#8217;hui, si nous ne progressons pas dans la co\u00e9ducation, la soci\u00e9t\u00e9 ne sera jamais juste ou \u00e9galitaire, nous devons \u00e9duquer les enseignants, les parents et les \u00e9l\u00e8ves. Nous devons \u00e9duquer les enseignants, les parents et les \u00e9l\u00e8ves \u00e0 l&#8217;\u00e9galit\u00e9, nous avons tous les m\u00eames droits et les m\u00eames responsabilit\u00e9s&#8221;.<\/p>\n<p>D&#8217;ailleurs, <strong>Antonio Pulido Guti\u00e9rrez<\/strong>, cit\u00e9 comme l&#8217;un des principaux pouvoirs de l&#8217;institution, a d\u00e9clar\u00e9 que l&#8217;objectif de l&#8217;institution est &#8220;d&#8217;\u00eatre en mesure d&#8217;offrir des services de qualit\u00e9 \u00e0 ses \u00e9l\u00e8ves&#8221;. L&#8217;une des principales fiert\u00e9s de l&#8217;institution est de &#8220;pouvoir contribuer \u00e0 cette revendication de la cause f\u00e9ministe&#8221;, l&#8217;une des plus n\u00e9cessaires, urgentes et applicables en raison de son importance sociale&#8221;, et de la &#8220;Fondation&#8221;. La fondation rappel qu&#8217;il est n\u00e9cessaire de &#8220;renforcer la collaboration public-priv\u00e9, une somme d&#8217;efforts et de ressources&#8221;.<\/p>\n<p><strong>Mar\u00eda Luisa de Contes<\/strong> a reconnu l&#8217;importance de la coop\u00e9ration institutionnelle dans cette t\u00e2che et a d\u00e9clar\u00e9&nbsp;: &#8220;L&#8217;Espagne est une r\u00e9f\u00e9rence internationale dans ce domaine&#8221;.<\/p>\n<p><strong>Rebeca \u00c1vila<\/strong>, pr\u00e9sidente ex\u00e9cutive de Mujeres Avenir a pr\u00e9sent\u00e9 les deux tableaux tables rondes remerciant les pan\u00e9listes de \u00ab d\u00e9velopper leur propre voix et de la d\u00e9fendre de l&#8217;authenticit\u00e9 \u00e0 l&#8217;affirmation de soi est peut-\u00eatre l&#8217;une des missions les plus importantes difficile que nous, les femmes, avons. Les probl\u00e8mes que nous abordons dans le f\u00e9minisme sont l&#8217;exposition sensible et publique n&#8217;est pas facile, donc depuis l&#8217;association <strong>Mujeres Avenir<\/strong> nous remercions tous les pan\u00e9listes.&#8221;<\/p>\n<p>Ensuite, la table de discussion &#8220;Cyber \u200b\u200bviolence de genre et autogestion \u00e9motionnelle&#8221; \u00e0 laquelle <strong>Mar\u00eda Jos\u00e9 Garrido<\/strong> Ant\u00f3n, responsable du domaine d&#8217;\u00e9tudes sur la violence de genre du secr\u00e9tariat d&#8217;\u00c9tat de s\u00e9curit\u00e9, <strong>H\u00e9l\u00e8ne Dupuis<\/strong>, porte-parole du collectif \u00abMots et maux de femmes\u00bb,<strong> Olga Carri\u00f3n Mancebo<\/strong>, directrice de l&#8217;Institut andalou des femmes, <strong>Paula \u00c1lvarez-Couceiro<\/strong>, analyste prospective au sein du d\u00e9partement Strat\u00e9gie Navantia et <strong>Suraya Ahmadyar<\/strong>, magistrat afghan. <\/p>\n<p>Le d\u00e9bat a \u00e9t\u00e9 anim\u00e9e par <strong>Eugenia Hern\u00e1ndez S\u00e1nchez<\/strong>, directrice de UNIT \u2013 Unit\u00e9 de Analyse du renseignement SEI.<\/p>\n<p><strong>Mar\u00eda Jos\u00e9 Garrido Ant\u00f3n<\/strong>, a rappel\u00e9 \u00e0 quel point la cyberviolence est pr\u00e9sente dans notre quotidien, \u00ab et la personne qui en souffre n&#8217;a pas la perception de risque&#8221;. Vous \u00eates-vous souvenu qu&#8217;il peut y avoir une surexposition sur internet \u00e0 cause de partie des jeunes.<\/p>\n<p>&#8220;Aujourd&#8217;hui, le harc\u00e8lement devient du cyber-harc\u00e8lement et cela signifie que la violence est permanente 24 heures. La femme s&#8217;abandonne, se ferme et se bloque, ils sont \u00e9puis\u00e9es psychologiquement, des femmes qui ne veulent plus rallumer de feu t\u00e9l\u00e9phone de peur d&#8217;\u00eatre localis\u00e9 \u00bb.<\/p>\n<p><strong>H\u00e9l\u00e8ne Dupuis<\/strong>, a d\u00e9nonc\u00e9 que &#8220;la violence est partout, m\u00eame si parfois nous avons le sentiment trompeur d&#8217;\u00eatre prot\u00e9g\u00e9s \u00bb, de L&#8217;association cherche \u00e0 pr\u00e9venir la violence sexiste, en sensibilisant la soci\u00e9t\u00e9. \u00ab La technologie nous permet d&#8217;\u00eatre acteurs dans la d\u00e9nonciation d&#8217;une situation de harc\u00e8lement ou dans des situations de couple, que le son ambiant atteint une s\u00e9rie de contacts.<\/p>\n<p><strong>Olga Carri\u00f3n Mancebo<\/strong>, a influenc\u00e9 la fa\u00e7on dont les donn\u00e9es de la cyberviolence dans le<br \/>l&#8217;adolescence oblige les administrations \u00e0 r\u00e9agir en urgence \u00ab Il faut donner aux adolescents des outils pour qu&#8217;ils sachent g\u00e9rer r\u00e9seaux sociaux, et pour cela nous allons r\u00e9aliser une grande campagne.<\/p>\n<p><strong>Paula \u00c1lvarez-Couceiro<\/strong>, a soulign\u00e9 qu&#8217;\u00ab aujourd&#8217;hui, il n&#8217;y a plus deux mondes s\u00e9par\u00e9s, le monde r\u00e9el et num\u00e9rique est le m\u00eame pour les nouvelles g\u00e9n\u00e9rations \u00bb, aujourd&#8217;hui tout est \u00e0 l&#8217;int\u00e9rieur de notre t\u00e9l\u00e9phone portable &#8220;les relations commencent dans le cyberespace, vous avez plus de possibilit\u00e9s d&#8217;atteindre n&#8217;importe quel coin du monde, mais il y a aussi des adultes qui approchent les enfants en cachant leur identit\u00e9 et vous vous retrouvez dans des situations que vous ne savez pas comment r\u00e9soudre.<\/p>\n<p><strong>Suraya Ahmadyar<\/strong> a fourni des donn\u00e9es sur la situation des femmes dans son pays. De comment les mineurs n&#8217;avaient pas le droit d&#8217;aller \u00e0 l&#8217;\u00e9cole en premi\u00e8re p\u00e9riode talibans, et combien de temps apr\u00e8s avoir \u00e9t\u00e9 \u00e9duqu\u00e9s et avoir rejoint l&#8217;Universit\u00e9s en 2001. &#8220;Moi et d&#8217;autres juges continuons nos fonctions jusqu&#8217;au 15 ao\u00fbt 2021, date \u00e0 laquelle les talibans sont arriv\u00e9s au pouvoir en deuxi\u00e8me fois et ils ont supprim\u00e9 tous nos succ\u00e8s obtenus au cours des 20 derni\u00e8res ann\u00e9es, de la nuit au jour. Pour le magistrat, les violences de genre sont un enjeu historique en Afghanistan et grandissant, \u00ab un fait injuste qui emp\u00eache les femmes prosp\u00e9rer, puisque l&#8217;identit\u00e9 des femmes est consid\u00e9r\u00e9e historiquement honteux, avec l&#8217;interdiction expresse d&#8217;\u00e9tudier ou de travailler, et la violence physique sur les femmes est normalis\u00e9e dans la soci\u00e9t\u00e9 \u00bb.<\/p>\n<p>La deuxi\u00e8me table ronde \u00e9tait intitul\u00e9e &#8220;Opportunit\u00e9s et d\u00e9fis pour la participation des femmes dans des conditions d&#8217;\u00e9galit\u00e9d\u00e9cisions qui affectent le changement climatique \u00bb et a \u00e9t\u00e9 mod\u00e9r\u00e9 par <strong>Helena Cosano<\/strong>, diplomate et membre du Conseil consultatif de Mujeres Avenir.<\/p>\n<p><em>Participantes: <strong>Maria Margarete Gosse, ambassadrice de la R\u00e9publique f\u00e9d\u00e9rale d&#8217;Allemagne, Mariame Sy, ambassadrice de la R\u00e9publique de S\u00e9n\u00e9gal, M\u00f3nica Bola\u00f1os P\u00e9rez, ambassadrice de la R\u00e9publique du Guatemala et Fatma Omrani Chargui, ambassadrice de la R\u00e9publique tunisienne.<\/strong><\/em><\/p>\n<p>Pour <strong>Helena Cosano<\/strong>, &#8220;le temps est devenu fou&#8221; est une expression que chaque jour est plus fr\u00e9quent dans nos conversations, et affecte diff\u00e9remment dans toutes les r\u00e9gions du monde Fatma Omrani Chargui, a soutenu que les s\u00e9cheresses et les inondations sont toutes ann\u00e9e plus nombreux et dommageables. \u00ab Nous devons travailler pour inverser ces ph\u00e9nom\u00e8nes. La Tunisie est l&#8217;un des pays les plus touch\u00e9s au monde et, dans une \u00e9tude r\u00e9cente 84% des Tunisiens ont indiqu\u00e9 que le changement climatiqueaffecte leur vie quotidienne, leur revenu \u00e9conomique et environ 40% des r\u00e9pondants travaillent pour une meilleure utilisation de l&#8217;eau pour la production<br \/>plus durable \u00bb.<\/p>\n<p><strong>Mariame Sy<\/strong> a rappel\u00e9 comment le S\u00e9n\u00e9gal dispose actuellement de ressources des ressources en eau tr\u00e8s instables, \u00ab avec une \u00e9conomie qui d\u00e9pend principalement de la secteur primaire, qui peut entra\u00eener la perte de 8% du PIB en 2030 s&#8217;il n&#8217;est pas arr\u00eater ce changement climatique, une catastrophe \u00e9conomique et sociale qui affecte les revenus les plus bas, qui sont majoritairement des femmes \u00bb. pour l&#8217;ambassadeur l&#8217;\u0153uvre que votre pays m\u00e8ne permet de promouvoir l&#8217;\u00e9ducation des femmes, \u00e9lever leur niveau culturel et pouvoir acc\u00e9der \u00e0 des sources de financement.<\/p>\n<p><strong>M\u00f3nica Bola\u00f1os P\u00e9re<\/strong>z, a parl\u00e9 de la r\u00e9alit\u00e9 de l&#8217;Am\u00e9rique latine, o\u00f9 met en \u0153uvre le d\u00e9veloppement des \u00e9nergies renouvelables dans la perspective de genre, en raison de leur vuln\u00e9rabilit\u00e9 aux effets du changement climatique. &#8220;\u00c9v\u00e9nements extr\u00eames, inondations, s\u00e9cheresses, variations extr\u00eames de temp\u00e9rature, sont seuls certains des aspects qui menacent les relations de genre au sein pays, car de nombreux hommes quittent le pays et doivent faire un travail suppl\u00e9mentaire femmes pour subvenir aux besoins de leur famille.<\/p>\n<p><strong>Maria Margarete Goss<\/strong>e, a montr\u00e9 la r\u00e9alit\u00e9 en Allemagne et dans le reste de la plan\u00e8te o\u00f9 \u00ab le changement climatique touche 14 fois plus de femmes que d&#8217;hommes les hommes. Le climat, l&#8217;environnement permettent le d\u00e9veloppement des biens de base et ce sont les femmes, qui n&#8217;ont malheureusement pas tant de ressources \u00e9conomiques, ceux qui souffrent le plus de cette crise environnementale \u00bb.<\/p>\n<p><strong>Prix \u200b\u200bMujeres Avenir 2023<\/strong><\/p>\n<p><strong>Lidia Cacho<\/strong>, journaliste mexicaine, a re\u00e7u le prestigieux prix pour son travail pour la d\u00e9fense des filles dans son pays, avec la publication de plus de 2 000 articles visant \u00e0 surveiller les gangs qui utilisaient des filles pour nourrir prostitution, et o\u00f9 il a d\u00e9nonc\u00e9 l&#8217;implication d&#8217;une partie du pouvoir politique.<\/p>\n<p>L&#8217;\u00e9v\u00e9nement a \u00e9t\u00e9 cl\u00f4tur\u00e9 par la Consule g\u00e9n\u00e9rale de France, <strong>Marie Christine- Lang<\/strong> a remerci\u00e9 les invit\u00e9s et les autorit\u00e9s pour leur pr\u00e9sence, et a fait r\u00e9f\u00e9rence \u00e0 ces conf\u00e9rences comme \u00ab une r\u00e9f\u00e9rence parmi les forums de d\u00e9bat et de revendication autour du Journ\u00e9e internationale de la femme&#8221;, a soulign\u00e9 que cet espace de dialogue permet, &#8220;En plus de redoubler l&#8217;engagement de la France et de l&#8217;Espagne en faveur de l&#8217;\u00e9galit\u00e9 et de la Justice, participer \u00e0 la construction d&#8217;une soci\u00e9t\u00e9 plus libre et plus \u00e9galitaire entre les deux pays&#8221;.<\/p>\n<p><strong>A propos de l&#8217;ASSOCIATION Mujeres Avenir <\/strong><br \/>Mujeres Avenir \u0153uvre pour donner la parole aux femmes et contribuer \u00e0 une r\u00e9elle \u00e9galit\u00e9 entre les femmes et les hommes dans tous les domaines, gr\u00e2ce au soutien de l&#8217;Ambassade de France en Espagne, du Minist\u00e8re de l&#8217;Egalit\u00e9 et du Minist\u00e8re des Affaires \u00e9trang\u00e8res, de l&#8217;Union europ\u00e9enne et de la Coop\u00e9ration de l&#8217;Espagne. Les femmes Avenir aussi encourage la cr\u00e9ation d&#8217;un r\u00e9seau de femmes de diff\u00e9rentes entreprises qui contribue \u00e0 g\u00e9n\u00e9rer de la valeur dans le la soci\u00e9t\u00e9 et renforcer les liens entre l&#8217;Espagne et la France, ainsi que gagner en visibilit\u00e9 pour un plus efficace contre les in\u00e9galit\u00e9s.<\/p>\n<p>L&#8217;Association est pr\u00e9sid\u00e9e par <strong>Rebeca \u00c1vila<\/strong>, directrice de la responsabilit\u00e9 sociale d&#8217;entreprise de Accor en Europe du Sud. Il y a \u00e9galement la pr\u00e9sidente fondatrice <strong>Mar\u00eda Luisa de Contes d \u0301Esgranges<\/strong> et trois vice-pr\u00e9sidents: <strong>Beatriz Medina<\/strong>, directrice des relations sociales du groupe LVMH, <strong>Anne Viard<\/strong>, associ\u00e9e de Mazars et <strong>Teresa Castillo<\/strong>, qui pr\u00e9side la commission jeunesse de Mujeres Avenir. De m\u00eame, La secr\u00e9taire g\u00e9n\u00e9rale est <strong>Pauline Leroyer<\/strong>. Tous forment le \u00ab bureau \u00bb de Mujeres Avenir, qui est l&#8217;\u00e9quipe de travail qui anime l&#8217;association.<\/p>\n<p>LCE \/ Communiqu\u00e9<br \/><a href=\"https:\/\/mujeresavenir.com\/\">https:\/\/mujeresavenir.com\/<\/a><\/p>\n<p><\/span><\/span><\/p>\n","protected":false},"excerpt":{"rendered":"<p>S\u00e9ville, 08\/03\/2023&#8211; Communiqu\u00e9 Mujeres Avenir organise \u00e0 S\u00e9ville sa II\u00e8me Conf\u00e9rence Internationale r\u00e9unissant des experts et des ambassadeurs accr\u00e9dit\u00e9s en Espagne pour parler de la cyberviolence et du r\u00f4le des femmes dans le d\u00e9fi climatique. 8 mars 2023 &#8211; L&#8217;Association d&#8217;amiti\u00e9 hispano-fran\u00e7aise Mujeres Avenir et la Fondation Cajasol, ont organis\u00e9 la &#8220;IIe Conf\u00e9rence internationale \u00e0 [&hellip;]<\/p>\n","protected":false},"author":13,"featured_media":24661,"comment_status":"open","ping_status":"closed","sticky":false,"template":"","format":"standard","meta":{"om_disable_all_campaigns":false,"_monsterinsights_skip_tracking":false,"_monsterinsights_sitenote_active":false,"_monsterinsights_sitenote_note":"","_monsterinsights_sitenote_category":0,"_uf_show_specific_survey":0,"_uf_disable_surveys":false,"footnotes":""},"categories":[212,4508],"tags":[],"class_list":["post-69218","post","type-post","status-publish","format-standard","has-post-thumbnail","hentry","category-breaking-news","category-mag-blogs-communaute"],"acf":[],"_links":{"self":[{"href":"https:\/\/immo.lecourrier.es\/index.php\/wp-json\/wp\/v2\/posts\/69218","targetHints":{"allow":["GET"]}}],"collection":[{"href":"https:\/\/immo.lecourrier.es\/index.php\/wp-json\/wp\/v2\/posts"}],"about":[{"href":"https:\/\/immo.lecourrier.es\/index.php\/wp-json\/wp\/v2\/types\/post"}],"author":[{"embeddable":true,"href":"https:\/\/immo.lecourrier.es\/index.php\/wp-json\/wp\/v2\/users\/13"}],"replies":[{"embeddable":true,"href":"https:\/\/immo.lecourrier.es\/index.php\/wp-json\/wp\/v2\/comments?post=69218"}],"version-history":[{"count":0,"href":"https:\/\/immo.lecourrier.es\/index.php\/wp-json\/wp\/v2\/posts\/69218\/revisions"}],"wp:featuredmedia":[{"embeddable":true,"href":"https:\/\/immo.lecourrier.es\/index.php\/wp-json\/wp\/v2\/media\/24661"}],"wp:attachment":[{"href":"https:\/\/immo.lecourrier.es\/index.php\/wp-json\/wp\/v2\/media?parent=69218"}],"wp:term":[{"taxonomy":"category","embeddable":true,"href":"https:\/\/immo.lecourrier.es\/index.php\/wp-json\/wp\/v2\/categories?post=69218"},{"taxonomy":"post_tag","embeddable":true,"href":"https:\/\/immo.lecourrier.es\/index.php\/wp-json\/wp\/v2\/tags?post=69218"}],"curies":[{"name":"wp","href":"https:\/\/api.w.org\/{rel}","templated":true}]}}