{"id":69217,"date":"2026-03-08T20:55:48","date_gmt":"2026-03-08T20:55:48","guid":{"rendered":"https:\/\/immo.lecourrier.es\/index.php\/2026\/03\/08\/iberia-proposera-deux-vols-quotidiens-vers-le-perou-en-ete-avec-la350-2\/"},"modified":"2026-04-30T10:40:26","modified_gmt":"2026-04-30T10:40:26","slug":"iberia-proposera-deux-vols-quotidiens-vers-le-perou-en-ete-avec-la350-2","status":"publish","type":"post","link":"https:\/\/immo.lecourrier.es\/index.php\/2026\/03\/08\/iberia-proposera-deux-vols-quotidiens-vers-le-perou-en-ete-avec-la350-2\/","title":{"rendered":"Iberia proposera deux vols quotidiens vers le P\u00e9rou en \u00e9t\u00e9 avec l&#8217;A350"},"content":{"rendered":"<p><span dir=\"auto\" style=\"vertical-align: inherit\"><span dir=\"auto\" style=\"vertical-align: inherit\"><\/p>\n<p>La compagnie a\u00e9rienne augmentera son offre entre Madrid et Lima en \u00e9t\u00e9<\/p>\n<p>8 mars 2023<\/p>\n<p>Il y aura jusqu&#8217;\u00e0 deux vols quotidiens, sauf le dimanche Il d\u00e9passera de 12% le nombre de si\u00e8ges pr\u00e9-pand\u00e9miques Les Airbus A350 ont une capacit\u00e9 de 348 passagers<br \/>Iberia augmentera son offre entre Madrid et la capitale du P\u00e9rou, Lima, \u00e0 deux vols quotidiens en \u00e9t\u00e9, sauf le dimanche, qui op\u00e9rera avec l&#8217;Airbus A350, d\u00e9passant ainsi de 12% la capacit\u00e9 offerte sur cette route avant la pand\u00e9mie , en 2019.<br \/>Img Hosteltur<br \/>Premi\u00e8rement, \u00e0 partir de juin, Iberia portera le nombre de vols entre les deux capitales \u00e0 onze fr\u00e9quences hebdomadaires et, \u00e0 partir de septembre, \u00e0 treize (soit deux quotidiens, sauf le dimanche), soit trois de plus que les 10 initialement pr\u00e9vues pour cette ann\u00e9e de mars \u00e0 octobre.<\/p>\n<p>La liaison entre Madrid et Lima est op\u00e9r\u00e9e &#8220;avec l&#8217;avion le plus efficace d&#8217;Iberia&#8221;, l&#8217;Airbus A350, d&#8217;une capacit\u00e9 de 348 passagers, ce qui signifie offrir plus de 210 000 si\u00e8ges au cours des six mois qui composent la saison estivale 2023, a rapport\u00e9 mardi la compagnie a\u00e9rienne. dans un rapport.<\/p>\n<p>Ces donn\u00e9es confirment \u00ab non seulement la reprise compl\u00e8te des capacit\u00e9s sur cette liaison, mais aussi sa croissance \u00bb, puisque, avec cet engagement, le nombre de si\u00e8ges pour cette saison estivale sera de 54 % sup\u00e9rieur \u00e0 2022 et sup\u00e9rieur de 12 % \u00e0 celui propos\u00e9 en 2019. , Iberia a soulign\u00e9.<\/p>\n<p><strong>Demande &#8220;tr\u00e8s robuste&#8221;<\/strong><\/p>\n<p>La compagnie a\u00e9rienne a d\u00e9cid\u00e9 de faire avancer ses plans de croissance au P\u00e9rou, encourag\u00e9e par une demande &#8220;tr\u00e8s robuste&#8221; et &#8220;l&#8217;int\u00e9r\u00eat croissant des voyageurs dans les deux sens, tant pour le tourisme que pour les affaires&#8221;, a expliqu\u00e9 la directrice commerciale, r\u00e9seau et alliances d&#8217;Iberia, Mar\u00eda Jes\u00fas L\u00f3pez. -Solas.<\/p>\n<p>Les horaires des vols Madrid-Lima-Madrid vous permettent de vous connecter au r\u00e9seau de destinations d&#8217;Iberia en Europe qui couvre plus de 100 villes. Et depuis la capitale p\u00e9ruvienne, vous pouvez vous envoler vers douze autres destinations du pays andin : Arequipa, Cajamarca, Cuzco, Chiclayo, Iquitos, Juliaca, Piura, Puerto Maldonado, Tacna, Talara, Tarapoto et Trujillo, a pr\u00e9cis\u00e9 la compagnie.<\/p>\n<p>LCE<\/p>\n<p><\/span><\/span><\/p>\n","protected":false},"excerpt":{"rendered":"<p>La compagnie a\u00e9rienne augmentera son offre entre Madrid et Lima en \u00e9t\u00e9 8 mars 2023 Il y aura jusqu&#8217;\u00e0 deux vols quotidiens, sauf le dimanche Il d\u00e9passera de 12% le nombre de si\u00e8ges pr\u00e9-pand\u00e9miques Les Airbus A350 ont une capacit\u00e9 de 348 passagersIberia augmentera son offre entre Madrid et la capitale du P\u00e9rou, Lima, \u00e0 [&hellip;]<\/p>\n","protected":false},"author":13,"featured_media":24658,"comment_status":"open","ping_status":"closed","sticky":false,"template":"","format":"standard","meta":{"om_disable_all_campaigns":false,"_monsterinsights_skip_tracking":false,"_monsterinsights_sitenote_active":false,"_monsterinsights_sitenote_note":"","_monsterinsights_sitenote_category":0,"_uf_show_specific_survey":0,"_uf_disable_surveys":false,"footnotes":""},"categories":[212,4508],"tags":[],"class_list":["post-69217","post","type-post","status-publish","format-standard","has-post-thumbnail","hentry","category-breaking-news","category-mag-blogs-communaute"],"acf":[],"_links":{"self":[{"href":"https:\/\/immo.lecourrier.es\/index.php\/wp-json\/wp\/v2\/posts\/69217","targetHints":{"allow":["GET"]}}],"collection":[{"href":"https:\/\/immo.lecourrier.es\/index.php\/wp-json\/wp\/v2\/posts"}],"about":[{"href":"https:\/\/immo.lecourrier.es\/index.php\/wp-json\/wp\/v2\/types\/post"}],"author":[{"embeddable":true,"href":"https:\/\/immo.lecourrier.es\/index.php\/wp-json\/wp\/v2\/users\/13"}],"replies":[{"embeddable":true,"href":"https:\/\/immo.lecourrier.es\/index.php\/wp-json\/wp\/v2\/comments?post=69217"}],"version-history":[{"count":0,"href":"https:\/\/immo.lecourrier.es\/index.php\/wp-json\/wp\/v2\/posts\/69217\/revisions"}],"wp:featuredmedia":[{"embeddable":true,"href":"https:\/\/immo.lecourrier.es\/index.php\/wp-json\/wp\/v2\/media\/24658"}],"wp:attachment":[{"href":"https:\/\/immo.lecourrier.es\/index.php\/wp-json\/wp\/v2\/media?parent=69217"}],"wp:term":[{"taxonomy":"category","embeddable":true,"href":"https:\/\/immo.lecourrier.es\/index.php\/wp-json\/wp\/v2\/categories?post=69217"},{"taxonomy":"post_tag","embeddable":true,"href":"https:\/\/immo.lecourrier.es\/index.php\/wp-json\/wp\/v2\/tags?post=69217"}],"curies":[{"name":"wp","href":"https:\/\/api.w.org\/{rel}","templated":true}]}}