{"id":69213,"date":"2026-03-08T20:51:02","date_gmt":"2026-03-08T20:51:02","guid":{"rendered":"https:\/\/immo.lecourrier.es\/index.php\/2026\/03\/08\/coupure-de-courant-dans-un-hotel-de-500-clients-lors-dun-etrange-incident-2\/"},"modified":"2026-04-30T10:35:29","modified_gmt":"2026-04-30T10:35:29","slug":"coupure-de-courant-dans-un-hotel-de-500-clients-lors-dun-etrange-incident-2","status":"publish","type":"post","link":"https:\/\/immo.lecourrier.es\/index.php\/2026\/03\/08\/coupure-de-courant-dans-un-hotel-de-500-clients-lors-dun-etrange-incident-2\/","title":{"rendered":"Coupure de courant dans un h\u00f4tel de 500 clients lors d&#8217;un \u00e9trange incident"},"content":{"rendered":"<p><span dir=\"auto\" style=\"vertical-align: inherit\"><span dir=\"auto\" style=\"vertical-align: inherit\"><\/p>\n<p><em>Des techniciens d&#8217;Endesa se sont pr\u00e9sent\u00e9s \u00e0 l&#8217;h\u00f4tel Mercury parce qu&#8217;une fraude \u00e9lectrique aurait \u00e9t\u00e9 commise.<\/em><\/p>\n<p>9 mars 2023<br \/>L&#8217;h\u00f4tel se r\u00e9serve le droit d&#8217;engager des poursuites judiciaires pour r\u00e9parer l&#8217;atteinte port\u00e9e \u00e0 sa r\u00e9putation L&#8217;\u00e9tablissement, un h\u00f4tel quatre \u00e9toiles, a \u00e9t\u00e9 d\u00e9connect\u00e9 du r\u00e9seau \u00e9lectrique pendant deux heures Pendant la dur\u00e9e de la coupure de courant, l&#8217;h\u00f4tel a mis en votre \u00e9lectricit\u00e9 autonome le syst\u00e8me fonctionne.<\/p>\n<p>Un h\u00f4tel de la ville catalane de Santa Susanna, dont l&#8217;\u00e9lectricit\u00e9 a \u00e9t\u00e9 coup\u00e9e par Endesa mercredi (avec 500 clients s\u00e9journant) en raison d&#8217;une fraude pr\u00e9sum\u00e9e \u00e0 l&#8217;\u00e9lectricit\u00e9, a annonc\u00e9 qu&#8217;il se r\u00e9servait le droit d&#8217;intenter une action en justice pour r\u00e9parer les dommages caus\u00e9s \u00e0 sa r\u00e9putation. .<\/p>\n<p>Comme l&#8217;a expliqu\u00e9 \u00e0 HOSTELTUR le g\u00e9rant de l&#8217;h\u00f4tel Mercury de Santa Susanna, Llu\u00eds Turr\u00f3, l&#8217;origine du probl\u00e8me se trouverait dans l&#8217;installation en juin dernier d&#8217;appareils appel\u00e9s &#8220;transformateurs d&#8217;intensit\u00e9 et de v\u00e9rification&#8221;.<\/p>\n<p>&#8220;Endesa elle-m\u00eame nous a dit l&#8217;ann\u00e9e derni\u00e8re que nous devions installer ces appareils et pour cette raison, l&#8217;h\u00f4tel a demand\u00e9 \u00e0 notre conseiller en \u00e9nergie de trouver une entreprise d&#8217;installation pour effectuer les travaux techniques&#8221;, explique Turr\u00f3. &#8220;Ce sont trois petits appareils, d&#8217;environ 10&#215;7 centim\u00e8tres&#8221;, ajoute-t-il.<\/p>\n<p>\u00ab Ces appareils ont \u00e9t\u00e9 install\u00e9s en juin, alors que l&#8217;h\u00f4tel \u00e9tait encore ferm\u00e9. L&#8217;ann\u00e9e derni\u00e8re, l&#8217;h\u00f4tel n&#8217;\u00e9tait ouvert que durant les mois de juillet, ao\u00fbt et septembre. Par exemple, en ao\u00fbt, nous avons pay\u00e9 une facture d&#8217;\u00e9lectricit\u00e9 de 60 000 euros \u00bb, ajoute le directeur de l&#8217;h\u00f4tel.<br \/>La surprise est venue le 8 mars, lorsque cinq techniciens d&#8217;Endesa, accompagn\u00e9s d&#8217;un inspecteur de la Generalitat, se sont pr\u00e9sent\u00e9s \u00e0 l&#8217;h\u00f4tel pour couper l&#8217;\u00e9lectricit\u00e9.<\/p>\n<p>&#8220;Les techniciens de la compagnie d&#8217;\u00e9lectricit\u00e9 nous ont dit qu&#8217;en raison de la mani\u00e8re dont ces transformateurs de courant et de v\u00e9rification \u00e9taient install\u00e9s, ils ont modifi\u00e9 les relev\u00e9s \u00e9lectriques, puis ils ont coup\u00e9 le courant pendant deux heures, pendant qu&#8217;ils rectifiaient l&#8217;installation de ces appareils, &#8221; explique Turr\u00f3. <\/p>\n<p>Pendant ces deux heures o\u00f9 l&#8217;h\u00f4tel a \u00e9t\u00e9 d\u00e9connect\u00e9 du r\u00e9seau \u00e9lectrique, l&#8217;\u00e9tablissement a d\u00e9marr\u00e9 son syst\u00e8me autonome de production d&#8217;\u00e9lectricit\u00e9, &#8220;afin que les clients ne soient pas impact\u00e9s&#8221;, ajoute le directeur de l&#8217;h\u00f4tel.<\/p>\n<p>Les cinquante mille invit\u00e9s, pour la plupart issus du programme de voyage Imserso, continuent de s\u00e9journer normalement dans l&#8217;\u00e9tablissement, \u00e0 nouveau connect\u00e9 au r\u00e9seau \u00e9lectrique, commente Llu\u00eds Turr\u00f3.<\/p>\n<p><\/span><\/span><\/p>\n","protected":false},"excerpt":{"rendered":"<p>Des techniciens d&#8217;Endesa se sont pr\u00e9sent\u00e9s \u00e0 l&#8217;h\u00f4tel Mercury parce qu&#8217;une fraude \u00e9lectrique aurait \u00e9t\u00e9 commise. 9 mars 2023L&#8217;h\u00f4tel se r\u00e9serve le droit d&#8217;engager des poursuites judiciaires pour r\u00e9parer l&#8217;atteinte port\u00e9e \u00e0 sa r\u00e9putation L&#8217;\u00e9tablissement, un h\u00f4tel quatre \u00e9toiles, a \u00e9t\u00e9 d\u00e9connect\u00e9 du r\u00e9seau \u00e9lectrique pendant deux heures Pendant la dur\u00e9e de la coupure de [&hellip;]<\/p>\n","protected":false},"author":13,"featured_media":24646,"comment_status":"open","ping_status":"closed","sticky":false,"template":"","format":"standard","meta":{"om_disable_all_campaigns":false,"_monsterinsights_skip_tracking":false,"_monsterinsights_sitenote_active":false,"_monsterinsights_sitenote_note":"","_monsterinsights_sitenote_category":0,"_uf_show_specific_survey":0,"_uf_disable_surveys":false,"footnotes":""},"categories":[212,258],"tags":[],"class_list":["post-69213","post","type-post","status-publish","format-standard","has-post-thumbnail","hentry","category-breaking-news","category-hotels-living"],"acf":[],"_links":{"self":[{"href":"https:\/\/immo.lecourrier.es\/index.php\/wp-json\/wp\/v2\/posts\/69213","targetHints":{"allow":["GET"]}}],"collection":[{"href":"https:\/\/immo.lecourrier.es\/index.php\/wp-json\/wp\/v2\/posts"}],"about":[{"href":"https:\/\/immo.lecourrier.es\/index.php\/wp-json\/wp\/v2\/types\/post"}],"author":[{"embeddable":true,"href":"https:\/\/immo.lecourrier.es\/index.php\/wp-json\/wp\/v2\/users\/13"}],"replies":[{"embeddable":true,"href":"https:\/\/immo.lecourrier.es\/index.php\/wp-json\/wp\/v2\/comments?post=69213"}],"version-history":[{"count":0,"href":"https:\/\/immo.lecourrier.es\/index.php\/wp-json\/wp\/v2\/posts\/69213\/revisions"}],"wp:featuredmedia":[{"embeddable":true,"href":"https:\/\/immo.lecourrier.es\/index.php\/wp-json\/wp\/v2\/media\/24646"}],"wp:attachment":[{"href":"https:\/\/immo.lecourrier.es\/index.php\/wp-json\/wp\/v2\/media?parent=69213"}],"wp:term":[{"taxonomy":"category","embeddable":true,"href":"https:\/\/immo.lecourrier.es\/index.php\/wp-json\/wp\/v2\/categories?post=69213"},{"taxonomy":"post_tag","embeddable":true,"href":"https:\/\/immo.lecourrier.es\/index.php\/wp-json\/wp\/v2\/tags?post=69213"}],"curies":[{"name":"wp","href":"https:\/\/api.w.org\/{rel}","templated":true}]}}