{"id":69212,"date":"2026-03-08T20:50:55","date_gmt":"2026-03-08T20:50:55","guid":{"rendered":"https:\/\/immo.lecourrier.es\/index.php\/2026\/03\/08\/carrefour-cede-8-supermarches-au-fonds-inter-gestion-reim-pour-425-millions-2\/"},"modified":"2026-04-30T10:35:28","modified_gmt":"2026-04-30T10:35:28","slug":"carrefour-cede-8-supermarches-au-fonds-inter-gestion-reim-pour-425-millions-2","status":"publish","type":"post","link":"https:\/\/immo.lecourrier.es\/index.php\/2026\/03\/08\/carrefour-cede-8-supermarches-au-fonds-inter-gestion-reim-pour-425-millions-2\/","title":{"rendered":"Carrefour c\u00e8de 8 supermarch\u00e9s au fonds Inter Gesti\u00f3n REIM pour 42,5 millions"},"content":{"rendered":"<p><span dir=\"auto\" style=\"vertical-align: inherit\"><span dir=\"auto\" style=\"vertical-align: inherit\"><\/p>\n<p><em>Il s&#8217;agit de la premi\u00e8re op\u00e9ration du fonds fran\u00e7ais dans notre pays et a \u00e9t\u00e9 conseill\u00e9 par l&#8217;\u00e9quipe Cushman &amp; Wakefield CMG Retail.<\/em><\/p>\n<p>brainsre.news<br \/>03\/10\/2023<\/p>\n<p>Le fonds fran\u00e7ais Inter Gestion REIM a boucl\u00e9 sa premi\u00e8re op\u00e9ration sur le march\u00e9 espagnol avec le rachat de huit supermarch\u00e9s au g\u00e9ant Carrefour. Le montant total de la transaction s&#8217;\u00e9l\u00e8ve \u00e0 42,5 millions d&#8217;euros. L&#8217;op\u00e9ration a \u00e9t\u00e9 conseill\u00e9e par l&#8217;\u00e9quipe Cushman &amp; Wakefield CMG Retail. Comme l&#8217;a soulign\u00e9 le consultant, il s&#8217;est concr\u00e9tis\u00e9 en un temps record, malgr\u00e9 la situation du march\u00e9.<\/p>\n<p>Inter Gestion REIM, cr\u00e9\u00e9e en 2004, est une soci\u00e9t\u00e9 de gestion d&#8217;actifs immobiliers qui propose une large gamme de solutions d&#8217;investissement immobilier \u00e0 ses clients, parmi lesquels des investisseurs institutionnels, des family offices et des particuliers. La soci\u00e9t\u00e9 poss\u00e8de une vaste exp\u00e9rience dans la gestion de fonds d&#8217;investissement immobilier et dans l&#8217;investissement dans diff\u00e9rents types d&#8217;actifs immobiliers, tels que des bureaux, des locaux commerciaux, des r\u00e9sidences \u00e9tudiantes, des maisons de retraite et des h\u00f4tels.<\/p>\n<p>Carrefour est une cha\u00eene de distribution multinationale d&#8217;origine fran\u00e7aise. Il est consid\u00e9r\u00e9 comme le premier groupe europ\u00e9en, \u00e0 une courte distance en r\u00e9sultat net de la soci\u00e9t\u00e9 allemande Schwarz Gruppe (maison m\u00e8re de Lidl et Makro), et le troisi\u00e8me du secteur dans le monde. En 2019, le groupe comptait 11.960 magasins dans plus de 30 pays, 5.381 magasins en France, 4.830 magasins dans le reste de l&#8217;Europe, 1.036 magasins en Am\u00e9rique Latine et 235 en Asie.<\/p>\n<p>Les cha\u00eenes alimentaires poursuivent leur expansion en Espagne<\/p>\n<p>La firme allemande Lidl a cl\u00f4tur\u00e9 2022 avec 41 nouveaux magasins et une douzaine de modernisations, pour un montant de 260 millions et 30 millions, respectivement. Le processus se traduit par la cr\u00e9ation de 810 nouveaux emplois.<\/p>\n<p>Les nouveaux magasins Lidl sont r\u00e9partis dans 13 communaut\u00e9s autonomes diff\u00e9rentes dans le but d&#8217;accro\u00eetre la capillarit\u00e9 de la marque sur le territoire et de dynamiser son activit\u00e9 de mani\u00e8re durable et durable. L&#8217;entreprise a investi 260 millions d&#8217;euros dans ces 41 nouveaux points de vente, cr\u00e9ant 760 emplois.<\/p>\n<p>D&#8217;autre part, la cha\u00eene de supermarch\u00e9s Aldi a annonc\u00e9 au d\u00e9but de cette ann\u00e9e ses pr\u00e9visions d&#8217;ouverture de pr\u00e8s de 50 nouveaux \u00e9tablissements en Espagne tout au long de 2023.<\/p>\n<p>Plus pr\u00e9cis\u00e9ment, parmi les nouvelles ouvertures pr\u00e9vues, l&#8217;entr\u00e9e d&#8217;Aldi \u00e0 Melilla, au second semestre, et l&#8217;ouverture de nouveaux magasins dans les Asturies, les \u00eeles Canaries, la Galice et les \u00eeles Bal\u00e9ares se d\u00e9marquent.<\/p>\n<p>Le reste des ouvertures sera r\u00e9parti, principalement, entre les zones strat\u00e9giques pour l&#8217;entreprise, o\u00f9 elle continuera \u00e0 consolider sa pr\u00e9sence: l&#8217;Andalousie, la Catalogne, la Communaut\u00e9 de Madrid et la Communaut\u00e9 valencienne, qui concentrera pr\u00e8s de la moiti\u00e9 de la croissance pr\u00e9vue en 2023.<\/p>\n<figure class=\"wp-block-image size-large\"><a href=\"https:\/\/www.opea.io\"><img decoding=\"async\" src=\"https:\/\/immo.lecourrier.es\/wp-content\/uploads\/2024\/04\/Capture-decran-2023-03-14-a-15.35.44-2-1024x108.jpg\"><\/a><\/figure>\n<\/p>\n<p><\/span><\/span><\/p>\n","protected":false},"excerpt":{"rendered":"<p>Il s&#8217;agit de la premi\u00e8re op\u00e9ration du fonds fran\u00e7ais dans notre pays et a \u00e9t\u00e9 conseill\u00e9 par l&#8217;\u00e9quipe Cushman &amp; Wakefield CMG Retail. brainsre.news03\/10\/2023 Le fonds fran\u00e7ais Inter Gestion REIM a boucl\u00e9 sa premi\u00e8re op\u00e9ration sur le march\u00e9 espagnol avec le rachat de huit supermarch\u00e9s au g\u00e9ant Carrefour. Le montant total de la transaction s&#8217;\u00e9l\u00e8ve [&hellip;]<\/p>\n","protected":false},"author":13,"featured_media":24643,"comment_status":"open","ping_status":"closed","sticky":false,"template":"","format":"standard","meta":{"om_disable_all_campaigns":false,"_monsterinsights_skip_tracking":false,"_monsterinsights_sitenote_active":false,"_monsterinsights_sitenote_note":"","_monsterinsights_sitenote_category":0,"_uf_show_specific_survey":0,"_uf_disable_surveys":false,"footnotes":""},"categories":[212,234],"tags":[],"class_list":["post-69212","post","type-post","status-publish","format-standard","has-post-thumbnail","hentry","category-breaking-news","category-logistique-retail"],"acf":[],"_links":{"self":[{"href":"https:\/\/immo.lecourrier.es\/index.php\/wp-json\/wp\/v2\/posts\/69212","targetHints":{"allow":["GET"]}}],"collection":[{"href":"https:\/\/immo.lecourrier.es\/index.php\/wp-json\/wp\/v2\/posts"}],"about":[{"href":"https:\/\/immo.lecourrier.es\/index.php\/wp-json\/wp\/v2\/types\/post"}],"author":[{"embeddable":true,"href":"https:\/\/immo.lecourrier.es\/index.php\/wp-json\/wp\/v2\/users\/13"}],"replies":[{"embeddable":true,"href":"https:\/\/immo.lecourrier.es\/index.php\/wp-json\/wp\/v2\/comments?post=69212"}],"version-history":[{"count":0,"href":"https:\/\/immo.lecourrier.es\/index.php\/wp-json\/wp\/v2\/posts\/69212\/revisions"}],"wp:featuredmedia":[{"embeddable":true,"href":"https:\/\/immo.lecourrier.es\/index.php\/wp-json\/wp\/v2\/media\/24643"}],"wp:attachment":[{"href":"https:\/\/immo.lecourrier.es\/index.php\/wp-json\/wp\/v2\/media?parent=69212"}],"wp:term":[{"taxonomy":"category","embeddable":true,"href":"https:\/\/immo.lecourrier.es\/index.php\/wp-json\/wp\/v2\/categories?post=69212"},{"taxonomy":"post_tag","embeddable":true,"href":"https:\/\/immo.lecourrier.es\/index.php\/wp-json\/wp\/v2\/tags?post=69212"}],"curies":[{"name":"wp","href":"https:\/\/api.w.org\/{rel}","templated":true}]}}