{"id":69208,"date":"2026-03-08T20:45:29","date_gmt":"2026-03-08T20:45:29","guid":{"rendered":"https:\/\/immo.lecourrier.es\/index.php\/2026\/03\/08\/trois-entreprises-sur-quatre-augmenteront-leur-espace-logistique-du-dernier-kilometre-en-europe-2\/"},"modified":"2026-04-30T10:30:23","modified_gmt":"2026-04-30T10:30:23","slug":"trois-entreprises-sur-quatre-augmenteront-leur-espace-logistique-du-dernier-kilometre-en-europe-2","status":"publish","type":"post","link":"https:\/\/immo.lecourrier.es\/index.php\/2026\/03\/08\/trois-entreprises-sur-quatre-augmenteront-leur-espace-logistique-du-dernier-kilometre-en-europe-2\/","title":{"rendered":"Trois entreprises sur quatre augmenteront leur espace logistique du dernier kilom\u00e8tre en Europe"},"content":{"rendered":"<p><span dir=\"auto\" style=\"vertical-align: inherit\"><span dir=\"auto\" style=\"vertical-align: inherit\"><\/p>\n<p><em>Selon une enqu\u00eate r\u00e9alis\u00e9e par l&#8217;op\u00e9rateur Mileway, l&#8217;essor du commerce \u00e9lectronique oblige les entreprises d&#8217;Europe du Nord \u00e0 agrandir leurs installations de distribution de marchandises.<\/em><\/p>\n<p>Le dernier kilom\u00e8tre se d\u00e9veloppe en Europe. Plus des trois quarts des entreprises (77%) pr\u00e9voient d&#8217;augmenter l&#8217;espace qu&#8217;elles ont lou\u00e9 pour d\u00e9velopper leurs op\u00e9rations logistiques du dernier kilom\u00e8tre, selon une enqu\u00eate men\u00e9e par l&#8217;op\u00e9rateur Mileway et cl\u00f4tur\u00e9e en janvier dernier sur les march\u00e9s du Royaume-Uni, de l&#8217;Allemagne, de la France, des Pays-Bas et de la Su\u00e8de.<\/p>\n<p><strong>Ce chiffre de 77% repr\u00e9sente un bond par rapport aux 60% d&#8217;entreprises qui envisageaient d&#8217;\u00e9tendre leurs activit\u00e9s de logistique du dernier kilom\u00e8tre en ao\u00fbt 2021<\/strong>, date de cl\u00f4ture de l&#8217;avant-derni\u00e8re enqu\u00eate. La logistique du dernier kilom\u00e8tre m\u00e8ne r\u00e9guli\u00e8rement une enqu\u00eate pour analyser l&#8217;\u00e9volution de l&#8217;activit\u00e9.<\/p>\n<p>Ainsi, la quasi-totalit\u00e9 des entreprises interrog\u00e9es (98%) affirment d\u00e9sormais vendre leurs produits ou services en ligne, contre 82% des entreprises qui le faisaient en ao\u00fbt 2021.<\/p>\n<p><strong>Les entreprises consid\u00e8rent le commerce \u00e9lectronique comme un \u00e9l\u00e9ment de plus en plus important de leur strat\u00e9gie.<\/strong> En fait, 80% d&#8217;entre elles d\u00e9clarent aujourd&#8217;hui qu&#8217;il s&#8217;agit d&#8217;un facteur cl\u00e9 de leur chiffre d&#8217;affaires, alors qu&#8217;elles n&#8217;\u00e9taient que 60% \u00e0 le faire en ao\u00fbt 2021.<\/p>\n<p>La durabilit\u00e9 et l&#8217;utilisation plus efficace de l&#8217;\u00e9nergie sont \u00e9galement devenues des questions de plus en plus pertinentes pour les clients de Mileway. <strong>Ainsi, 91% des entreprises sont conscientes de la n\u00e9cessit\u00e9 de se fixer un objectif de r\u00e9duction des \u00e9missions de CO2 et 42% consid\u00e8rent d\u00e9j\u00e0 qu&#8217;il s&#8217;agit d&#8217;une priorit\u00e9 absolue.<\/strong><\/p>\n<p><strong>La quasi-totalit\u00e9 des entreprises interrog\u00e9es vendent en ligne, contre 82% en ao\u00fbt 2021<\/strong><\/p>\n<p>&#8220;Ces chiffres confirment que la forte augmentation du co\u00fbt de l&#8217;\u00e9nergie \u00e0 travers l&#8217;Europe a fait des mesures ESG (en particulier les initiatives d&#8217;efficacit\u00e9 \u00e9nerg\u00e9tique) un besoin prioritaire des entreprises&#8221;, a d\u00e9clar\u00e9 la soci\u00e9t\u00e9 dans un communiqu\u00e9.<\/p>\n<p>Mileway est le plus grand propri\u00e9taire europ\u00e9en d&#8217;actifs logistiques de dernier kilom\u00e8tre. La soci\u00e9t\u00e9 poss\u00e8de et g\u00e8re <strong>plus de 1.800 propri\u00e9t\u00e9s totalisant seize millions de m\u00e8tres carr\u00e9s dans onze pays<\/strong>. Elle dessert plus de dix mille clients dans un large \u00e9ventail de secteurs.<\/p>\n<p>&#8220;Les r\u00e9sultats montrent clairement que la transition vers la vente au d\u00e9tail en ligne s&#8217;est poursuivie au cours des dix-huit derniers mois, malgr\u00e9 la reprise de l&#8217;activit\u00e9 en Europe \u00e0 la suite des restrictions li\u00e9es \u00e0 la pand\u00e9mie&#8221;, d\u00e9clare Emmanuel Van der Stichele, PDG de Mileway.<\/p>\n<p>L&#8217;entreprise de logistique du dernier kilom\u00e8tre, dont le directeur g\u00e9n\u00e9ral pour l&#8217;Espagne est Guillermo Ravell, poss\u00e8de 65 biens immobiliers sur le march\u00e9 espagnol, pour un total de 570.000 m\u00e8tres carr\u00e9s.<\/p>\n<figure class=\"wp-block-image size-large\"><a href=\"https:\/\/www.opea.io\"><img decoding=\"async\" src=\"https:\/\/immo.lecourrier.es\/wp-content\/uploads\/2024\/04\/Capture-decran-2023-03-14-a-15.35.44-1-1024x108.jpg\"><\/a><\/figure>\n<\/p>\n<p><\/span><\/span><\/p>\n","protected":false},"excerpt":{"rendered":"<p>Selon une enqu\u00eate r\u00e9alis\u00e9e par l&#8217;op\u00e9rateur Mileway, l&#8217;essor du commerce \u00e9lectronique oblige les entreprises d&#8217;Europe du Nord \u00e0 agrandir leurs installations de distribution de marchandises. Le dernier kilom\u00e8tre se d\u00e9veloppe en Europe. Plus des trois quarts des entreprises (77%) pr\u00e9voient d&#8217;augmenter l&#8217;espace qu&#8217;elles ont lou\u00e9 pour d\u00e9velopper leurs op\u00e9rations logistiques du dernier kilom\u00e8tre, selon une [&hellip;]<\/p>\n","protected":false},"author":13,"featured_media":24630,"comment_status":"open","ping_status":"closed","sticky":false,"template":"","format":"standard","meta":{"om_disable_all_campaigns":false,"_monsterinsights_skip_tracking":false,"_monsterinsights_sitenote_active":false,"_monsterinsights_sitenote_note":"","_monsterinsights_sitenote_category":0,"_uf_show_specific_survey":0,"_uf_disable_surveys":false,"footnotes":""},"categories":[212,234],"tags":[],"class_list":["post-69208","post","type-post","status-publish","format-standard","has-post-thumbnail","hentry","category-breaking-news","category-logistique-retail"],"acf":[],"_links":{"self":[{"href":"https:\/\/immo.lecourrier.es\/index.php\/wp-json\/wp\/v2\/posts\/69208","targetHints":{"allow":["GET"]}}],"collection":[{"href":"https:\/\/immo.lecourrier.es\/index.php\/wp-json\/wp\/v2\/posts"}],"about":[{"href":"https:\/\/immo.lecourrier.es\/index.php\/wp-json\/wp\/v2\/types\/post"}],"author":[{"embeddable":true,"href":"https:\/\/immo.lecourrier.es\/index.php\/wp-json\/wp\/v2\/users\/13"}],"replies":[{"embeddable":true,"href":"https:\/\/immo.lecourrier.es\/index.php\/wp-json\/wp\/v2\/comments?post=69208"}],"version-history":[{"count":0,"href":"https:\/\/immo.lecourrier.es\/index.php\/wp-json\/wp\/v2\/posts\/69208\/revisions"}],"wp:featuredmedia":[{"embeddable":true,"href":"https:\/\/immo.lecourrier.es\/index.php\/wp-json\/wp\/v2\/media\/24630"}],"wp:attachment":[{"href":"https:\/\/immo.lecourrier.es\/index.php\/wp-json\/wp\/v2\/media?parent=69208"}],"wp:term":[{"taxonomy":"category","embeddable":true,"href":"https:\/\/immo.lecourrier.es\/index.php\/wp-json\/wp\/v2\/categories?post=69208"},{"taxonomy":"post_tag","embeddable":true,"href":"https:\/\/immo.lecourrier.es\/index.php\/wp-json\/wp\/v2\/tags?post=69208"}],"curies":[{"name":"wp","href":"https:\/\/api.w.org\/{rel}","templated":true}]}}