{"id":69207,"date":"2026-03-08T20:45:23","date_gmt":"2026-03-08T20:45:23","guid":{"rendered":"https:\/\/immo.lecourrier.es\/index.php\/2026\/03\/08\/nobu-la-chaine-hoteliere-de-robert-de-niro-ouvre-un-hotel-cinq-etoiles-a-seville-2\/"},"modified":"2026-04-30T10:30:21","modified_gmt":"2026-04-30T10:30:21","slug":"nobu-la-chaine-hoteliere-de-robert-de-niro-ouvre-un-hotel-cinq-etoiles-a-seville-2","status":"publish","type":"post","link":"https:\/\/immo.lecourrier.es\/index.php\/2026\/03\/08\/nobu-la-chaine-hoteliere-de-robert-de-niro-ouvre-un-hotel-cinq-etoiles-a-seville-2\/","title":{"rendered":"Nobu, la cha\u00eene h\u00f4teli\u00e8re de Robert de Niro, ouvre un h\u00f4tel cinq \u00e9toiles \u00e0 S\u00e9ville"},"content":{"rendered":"<p><span dir=\"auto\" style=\"vertical-align: inherit\"><span dir=\"auto\" style=\"vertical-align: inherit\"><\/p>\n<p><em>Le groupe s&#8217;associe \u00e0 Millenium Hospitality pour ouvrir un \u00e9tablissement de 25 chambres sur la place centrale de San Francisco \u00e0 S\u00e9ville. Nobu poss\u00e8de des \u00e9tablissements \u00e0 Barcelone, Marbella et Ibiza, ainsi que des projets \u00e0 Madrid et Saint-S\u00e9bastien.<\/em><\/p>\n<p>Nobu se d\u00e9veloppe en Espagne. Millenium Hospitality Real Estate, soci\u00e9t\u00e9 sp\u00e9cialis\u00e9e dans le secteur de l&#8217;h\u00f4tellerie de luxe en Espagne et au Portugal, a annonc\u00e9 l&#8217;accord conclu avec Nobu Hospitality, la principale marque am\u00e9ricaine d&#8217;h\u00f4tels de luxe d\u00e9tenue par Robert de Niro et Meir Tepper, pour l&#8217;ouverture de leur troisi\u00e8me projet commun en Espagne, l&#8217;h\u00f4tel Nobu Sevilla.<\/p>\n<p>L&#8217;\u00e9tablissement, qui ouvrira au printemps 2023, est le sixi\u00e8me h\u00f4tel espagnol de la marque et le troisi\u00e8me projet entre Nobu Hotels et Millenium, apr\u00e8s les annonces du Nobu Hotel Madrid et du Nobu Hotel San Sebasti\u00e1n. La soci\u00e9t\u00e9 dirig\u00e9e par Javier Ill\u00e1n et la cha\u00eene h\u00f4teli\u00e8re de Robert De Niro ont \u00e0 nouveau uni leurs forces pour ouvrir un h\u00f4tel cinq \u00e9toiles, cette fois dans la ville de S\u00e9ville.<\/p>\n<p>La <em>socimi<\/em> pr\u00e9voit cet \u00e9tablissement sur la Plaza de San Francisco \u00e0 S\u00e9ville.<strong> L&#8217;h\u00f4tel est le r\u00e9sultat de la r\u00e9novation compl\u00e8te de trois b\u00e2timents palatiaux historiques d&#8217;architecture traditionnelle s\u00e9villane<\/strong>, qui a l&#8217;avantage d&#8217;avoir retrouv\u00e9 la c\u00e9l\u00e8bre muraille de la ville lors de sa r\u00e9novation et se trouve dans l&#8217;un des meilleurs emplacements de la ville, en face de la mairie et \u00e0 quelques m\u00e8tres de la cath\u00e9drale et de la Giralda de S\u00e9ville.<\/p>\n<p><strong>L&#8217;h\u00f4tel Nobu Sevilla devrait ouvrir ses portes au cours du deuxi\u00e8me trimestre de cette ann\u00e9e<\/strong><\/p>\n<p>Le futur Nobu Sevilla devrait ouvrir ses portes au cours du deuxi\u00e8me trimestre de cette ann\u00e9e et <strong>comprendra 25 chambres, un bar et un restaurant Nobu, une salle de sport et une grande terrasse sur le toit avec piscine<\/strong> donnant sur la cath\u00e9drale et la Torre del Oro.<\/p>\n<p>Nobu Hotels a \u00e9t\u00e9 fond\u00e9 par le chef japonais Nobu Matsuhisa, l&#8217;acteur Robert De Niro et le producteur Meir Teper, qui ont voulu r\u00e9unir la gastronomie, le luxe et l&#8217;hospitalit\u00e9 dans un m\u00eame projet d&#8217;entreprise.<\/p>\n<p>Outre les trois \u00e9tablissements sign\u00e9s avec Millenium Hospitality, la cha\u00eene poss\u00e8de trois autres h\u00f4tels dans le pays, dans les villes de Barcelone (propri\u00e9t\u00e9 d&#8217;ASG), Marbella et Ibiza.<\/p>\n<p>L&#8217;objectif de Millenium est d&#8217;acqu\u00e9rir un portefeuille de 25 \u00e0 30 h\u00f4tels pour atteindre un volume d&#8217;actifs d&#8217;un milliard d&#8217;euros, ce qui lui permettrait de passer de BME Growth au march\u00e9 continu.<\/p>\n<p><\/span><\/span><\/p>\n","protected":false},"excerpt":{"rendered":"<p>Le groupe s&#8217;associe \u00e0 Millenium Hospitality pour ouvrir un \u00e9tablissement de 25 chambres sur la place centrale de San Francisco \u00e0 S\u00e9ville. Nobu poss\u00e8de des \u00e9tablissements \u00e0 Barcelone, Marbella et Ibiza, ainsi que des projets \u00e0 Madrid et Saint-S\u00e9bastien. Nobu se d\u00e9veloppe en Espagne. Millenium Hospitality Real Estate, soci\u00e9t\u00e9 sp\u00e9cialis\u00e9e dans le secteur de l&#8217;h\u00f4tellerie [&hellip;]<\/p>\n","protected":false},"author":13,"featured_media":24626,"comment_status":"open","ping_status":"closed","sticky":false,"template":"","format":"standard","meta":{"om_disable_all_campaigns":false,"_monsterinsights_skip_tracking":false,"_monsterinsights_sitenote_active":false,"_monsterinsights_sitenote_note":"","_monsterinsights_sitenote_category":0,"_uf_show_specific_survey":0,"_uf_disable_surveys":false,"footnotes":""},"categories":[212,258],"tags":[],"class_list":["post-69207","post","type-post","status-publish","format-standard","has-post-thumbnail","hentry","category-breaking-news","category-hotels-living"],"acf":[],"_links":{"self":[{"href":"https:\/\/immo.lecourrier.es\/index.php\/wp-json\/wp\/v2\/posts\/69207","targetHints":{"allow":["GET"]}}],"collection":[{"href":"https:\/\/immo.lecourrier.es\/index.php\/wp-json\/wp\/v2\/posts"}],"about":[{"href":"https:\/\/immo.lecourrier.es\/index.php\/wp-json\/wp\/v2\/types\/post"}],"author":[{"embeddable":true,"href":"https:\/\/immo.lecourrier.es\/index.php\/wp-json\/wp\/v2\/users\/13"}],"replies":[{"embeddable":true,"href":"https:\/\/immo.lecourrier.es\/index.php\/wp-json\/wp\/v2\/comments?post=69207"}],"version-history":[{"count":0,"href":"https:\/\/immo.lecourrier.es\/index.php\/wp-json\/wp\/v2\/posts\/69207\/revisions"}],"wp:featuredmedia":[{"embeddable":true,"href":"https:\/\/immo.lecourrier.es\/index.php\/wp-json\/wp\/v2\/media\/24626"}],"wp:attachment":[{"href":"https:\/\/immo.lecourrier.es\/index.php\/wp-json\/wp\/v2\/media?parent=69207"}],"wp:term":[{"taxonomy":"category","embeddable":true,"href":"https:\/\/immo.lecourrier.es\/index.php\/wp-json\/wp\/v2\/categories?post=69207"},{"taxonomy":"post_tag","embeddable":true,"href":"https:\/\/immo.lecourrier.es\/index.php\/wp-json\/wp\/v2\/tags?post=69207"}],"curies":[{"name":"wp","href":"https:\/\/api.w.org\/{rel}","templated":true}]}}