{"id":69206,"date":"2026-03-08T20:45:18","date_gmt":"2026-03-08T20:45:18","guid":{"rendered":"https:\/\/immo.lecourrier.es\/index.php\/2026\/03\/08\/valencia-dans-la-folie-des-fallas-2\/"},"modified":"2026-04-30T10:30:21","modified_gmt":"2026-04-30T10:30:21","slug":"valencia-dans-la-folie-des-fallas-2","status":"publish","type":"post","link":"https:\/\/immo.lecourrier.es\/index.php\/2026\/03\/08\/valencia-dans-la-folie-des-fallas-2\/","title":{"rendered":"Valencia, dans la folie des fallas"},"content":{"rendered":"<p><span dir=\"auto\" style=\"vertical-align: inherit\"><span dir=\"auto\" style=\"vertical-align: inherit\"><\/p>\n<p>La troisi\u00e8me ville d\u2019Espagne est en pleine effervescence alors que commencent ses fameuses grandes fetes traditionnelles : LES FALLAS\u2026<\/p>\n<p>Inclassifiables, uniques et inimaginables, il est en effet difficile de d\u00e9crire ces festivit\u00e9s riches en activit\u00e9s aussi vari\u00e9es que spectaculaires et originales\u2026 Car ces grandes f\u00eates traditionnelles doivent \u00eatre v\u00e9cues in situ pour pouvoir en comprendre au moins partiellement le sens et en avoir l\u2019ivresse\u2026 Les sensations sont olfactives, visuelles, auditives, gustatives\u2026 l\u2019art, la religion, la pyrotechnie, la gastronomie et l\u2019humour sont les composantes de ce rendez-vous annuel qui attire plus d\u2019 un million et demi de visiteurs et dont la d\u00e9mesure constitue la marque de fabrique de f\u00eates class\u00e9es au Patrimoine Culturel Immat\u00e9riel de l\u2019Humanit\u00e9.<\/p>\n<p>Compliqu\u00e9 de savoir avec certitude l\u2019origine de ces c\u00e9l\u00e9brations cela dit, le mot \u201cfalla\u201d en valencien vient du latin Facula qui veut dire torche, le feu \u00e9tant un \u00e9l\u00e9ment central ici puisque \u00e0 chaque veille de Saint Jos\u00e9 le 19 mars (patron des charpentiers et de la ville) les habitants avaient coutume de br\u00fbler des torches ainsi que leurs vieilles affaires pour faire place au printemps. Diff\u00e9rent d\u2019un carnaval o\u00f9 des personnages sont construits et d\u00e9filent, ici ce sont des groupes de personnages repr\u00e9sentant une satire de la soci\u00e9t\u00e9 ou de faits ayant marqu\u00e9 l\u2019ann\u00e9e \u00e9coul\u00e9e qui sont elabor\u00e9s. C\u2019est la Planta de ces monuments qui se d\u00e9roule les 15 et 16 mars. Autrefois en bois, ces immenses personnages tout en couleurs sont maintenant en polystyr\u00e8ne et constituent un mus\u00e9e \u00e0 ciel ouvert et \u00e9ph\u00e9m\u00e8re puisque toutes ces cr\u00e9ations finiront br\u00fbl\u00e9es le soir du 19 mars (sauf un personnage qui sera \u201csauv\u00e9\u201d et rejoindra le fameux mus\u00e9e des Ninots).<\/p>\n<p>Une Falla d\u00e9signe \u00e0 la fois l\u2019oeuvre artistico-satirique qui se trouve r\u00e9partie dans toute la ville de Valencia mais \u00e9galement dans les villages avoisinant (il y en a 700 au total !) et le groupe de voisins et amis (los Falleros) qui toute l\u2019ann\u00e9e se r\u00e9unit pour pr\u00e9parer ces festivit\u00e9s au sein d\u2019un Casal, lieu de regroupement.<\/p>\n<p>Autre \u00e9l\u00e9ment indisociable, la fameuse masclet\u00e0, cet incroyable spectacle pyrotechnique diurne dont les d\u00e9cibels font trembler sol et murs alentours\u2026Du 1er au 19 mars \u00e0 14h, chaque jour sur la grande Plaza del Ayuntamiento, pr\u00e8s de 300 kilos de poudre partent en fum\u00e9e dans un show tonitruant de d\u00e9flagrations ininterrompues pendant 7-8 minutes : attentions \u00e0 vos tympans, on atteint parfois les 120 d\u00e9cibels !\u2026les dizaines de milliers de spectateurs r\u00e9unis pour l\u2019occasion n\u2019ont plus qu\u2019\u00e0 aller manger ces fameux churros et bunelos, ces beignets qui parfument les rues de Valencia puisque pour l\u2019occasion une centaine de forains prennent leur quartiers \u00e0 Valencia. L\u2019odeur d\u2019huile frite et de poudre se m\u00e9lange inexorablement, parfumant l\u2019air valencien d\u2019une effluve vraiment toute particuli\u00e8re\u2026<\/p>\n<p>Mais parler des Fallas sans mentionner l\u2019autre grand moment exceptionnel que constitue la fameuse Ofrenda, serait oublier l\u2019un des temps fort et sans doute le plus \u00e9mouvant de ces f\u00eates, puisqu\u2019il s\u2019agit d\u2019un d\u00e9fil\u00e9 incessant de plus de 100 000 Falleros en habits traditionnels qui marchent jusqu\u2019 \u00e0 la Plaza de la Virgen d\u00e9poser des oeillets sur la structure de bois qui repr\u00e9sente la Virgen de los Desemparados,&nbsp; Vierge qui sera peu \u00e0 peu habill\u00e9e d\u2019un immense manteau de fleurs. Chaque ann\u00e9e, le design est diff\u00e9rent mais les couleurs restent les m\u00eames : blanc, rose et rouge. Ce d\u00e9fil\u00e9 a lieu les 17 et 18 mars, les participants effectuant souvent plusieurs kilom\u00e8tres dans un recueillement et un silence toujours impressionnant.<\/p>\n<p>Dans un autre genre mais \u00e9galement spectaculaires, les illuminations de rues qui bien que ne faisant pas vraiment partie des Fallas, sont devenues avec le temps une autre grande attraction. Elles commencent d\u00e8s le 10 mars et c\u2019est surtout \u00e0 Russafa que cela se passe ! Calle Cuba, calle Suecia\u2026. mais aussi derri\u00e8re la Estacion del Norte et Avenue Malvarosa.<\/p>\n<p>Tr\u00e8s populaires, ces illuminations d\u00e9butent \u00e0 20h30 et constituent un spectacle son et lumi\u00e8re sans \u00e9quivalent avec une d\u00e9bauche de d\u00e9cibels et de lumens qui vous saisit ! On estime \u00e0 300 000 le nombre d\u2019ampoules install\u00e9es dans chaque rue illumin\u00e9e.<\/p>\n<p>Enfin, \u00e0 ne pas manquer le 18 au soir, les f\u00e9eriques feux d\u2019artifice de la Nit del Foc : 22 minutes et 4.500 kg de poudre vous laisseront bouche b\u00e9e ! Corridas, verbenas, concerts et p\u00e9tarades diverses s\u2019ajouteront \u00e0 ce programme d\u00e9j\u00e0 charg\u00e9.<\/p>\n<p>&nbsp;Et puis, le 19 mars\u2026la f\u00eate continue mais dans la nuit, toutes les Fallas seront br\u00fbl\u00e9es (oui oui, ce sont des centaines de milliers d\u2019euros et des heures et des heures d\u2019efforts qui partiront en fum\u00e9e )\u2026! Les Falleros et touristes seront \u00e9puis\u00e9s par toutes cette d\u00e9mesure et ces nuits sans doute trop festives\u2026 Le 20 au matin, Valence se r\u00e9veille p\u00e9niblement mais la fr\u00e9n\u00e9sie et le parfait chaos c\u00e8de la place au printemps et \u00e0 la pr\u00e9paration d\u2019une nouvelle ann\u00e9e Fallera.<\/p>\n<\/p>\n<p class=\"has-text-align-right\">Laurence Lemoine<\/p>\n<p class=\"has-text-align-right\"><a href=\"https:\/\/www.valencia-expat-services.com\/\">Valencia Expat services<\/a><br \/><a href=\"http:\/\/www.madrid-expat-services.com\/\">Madrid<\/a>&nbsp;<a href=\"https:\/\/barcelona-expat-services.es\/fr\/\">Barcelone<\/a>&nbsp;<a href=\"http:\/\/www.javea-denia-expat-services.com\/\">Javea-Denia<\/a><\/p>\n<p><\/span><\/span><\/p>\n","protected":false},"excerpt":{"rendered":"<p>La troisi\u00e8me ville d\u2019Espagne est en pleine effervescence alors que commencent ses fameuses grandes fetes traditionnelles : LES FALLAS\u2026 Inclassifiables, uniques et inimaginables, il est en effet difficile de d\u00e9crire ces festivit\u00e9s riches en activit\u00e9s aussi vari\u00e9es que spectaculaires et originales\u2026 Car ces grandes f\u00eates traditionnelles doivent \u00eatre v\u00e9cues in situ pour pouvoir en comprendre [&hellip;]<\/p>\n","protected":false},"author":13,"featured_media":31010,"comment_status":"open","ping_status":"closed","sticky":false,"template":"","format":"standard","meta":{"om_disable_all_campaigns":false,"_monsterinsights_skip_tracking":false,"_monsterinsights_sitenote_active":false,"_monsterinsights_sitenote_note":"","_monsterinsights_sitenote_category":0,"_uf_show_specific_survey":0,"_uf_disable_surveys":false,"footnotes":""},"categories":[212],"tags":[],"class_list":["post-69206","post","type-post","status-publish","format-standard","has-post-thumbnail","hentry","category-breaking-news"],"acf":[],"_links":{"self":[{"href":"https:\/\/immo.lecourrier.es\/index.php\/wp-json\/wp\/v2\/posts\/69206","targetHints":{"allow":["GET"]}}],"collection":[{"href":"https:\/\/immo.lecourrier.es\/index.php\/wp-json\/wp\/v2\/posts"}],"about":[{"href":"https:\/\/immo.lecourrier.es\/index.php\/wp-json\/wp\/v2\/types\/post"}],"author":[{"embeddable":true,"href":"https:\/\/immo.lecourrier.es\/index.php\/wp-json\/wp\/v2\/users\/13"}],"replies":[{"embeddable":true,"href":"https:\/\/immo.lecourrier.es\/index.php\/wp-json\/wp\/v2\/comments?post=69206"}],"version-history":[{"count":0,"href":"https:\/\/immo.lecourrier.es\/index.php\/wp-json\/wp\/v2\/posts\/69206\/revisions"}],"wp:featuredmedia":[{"embeddable":true,"href":"https:\/\/immo.lecourrier.es\/index.php\/wp-json\/wp\/v2\/media\/31010"}],"wp:attachment":[{"href":"https:\/\/immo.lecourrier.es\/index.php\/wp-json\/wp\/v2\/media?parent=69206"}],"wp:term":[{"taxonomy":"category","embeddable":true,"href":"https:\/\/immo.lecourrier.es\/index.php\/wp-json\/wp\/v2\/categories?post=69206"},{"taxonomy":"post_tag","embeddable":true,"href":"https:\/\/immo.lecourrier.es\/index.php\/wp-json\/wp\/v2\/tags?post=69206"}],"curies":[{"name":"wp","href":"https:\/\/api.w.org\/{rel}","templated":true}]}}