{"id":69205,"date":"2026-03-08T20:41:33","date_gmt":"2026-03-08T20:41:33","guid":{"rendered":"https:\/\/immo.lecourrier.es\/index.php\/2026\/03\/08\/hotel-mandarin-oriental-a-barcelone-a-vendre-pour-240-me-2\/"},"modified":"2026-04-30T10:30:20","modified_gmt":"2026-04-30T10:30:20","slug":"hotel-mandarin-oriental-a-barcelone-a-vendre-pour-240-me-2","status":"publish","type":"post","link":"https:\/\/immo.lecourrier.es\/index.php\/2026\/03\/08\/hotel-mandarin-oriental-a-barcelone-a-vendre-pour-240-me-2\/","title":{"rendered":"H\u00f4tel Mandarin Oriental \u00e0 Barcelone \u00e0 vendre pour 240 M\u20ac"},"content":{"rendered":"<p><span dir=\"auto\" style=\"vertical-align: inherit\"><span dir=\"auto\" style=\"vertical-align: inherit\"><\/p>\n<p><em>Le prix par chambre est d&#8217;environ 2 millions d&#8217;euros.<\/em><\/p>\n<p><em>L&#8217;h\u00f4tel cinq \u00e9toiles Mandarin Oriental Barcelona, un actif appartenant au fonds am\u00e9ricain <strong>Farallon Capital Management<\/strong> et Reig Capital, a \u00e9t\u00e9 mis sur le march\u00e9 pour un prix d&#8217;environ 240 millions d&#8217;euros, selon des informations publi\u00e9es par El Economista. Le processus de vente serait entre les mains de JLL, bien que le cabinet de conseil ait refus\u00e9 de confirmer l&#8217;information \u00e0 HOSTELTUR.<\/em><\/p>\n<p>Le b\u00e2timent o\u00f9 se trouve l&#8217;h\u00f4tel a \u00e9t\u00e9 construit en 1955 et a \u00e9t\u00e9 le si\u00e8ge de la Banco Hispano Americano. L&#8217;\u00e9tablissement dispose de 120 suites et chambres, de deux restaurants \u00e9toil\u00e9s et d&#8217;un spa.<\/p>\n<p>Le <strong>Mandarin Oriental Barcelona<\/strong> a ouvert ses portes en 2009, devenant ainsi le cinqui\u00e8me h\u00f4tel de la marque en Europe et le premier en Espagne. \u00c0 l&#8217;\u00e9poque, 150 millions d&#8217;euros ont \u00e9t\u00e9 investis dans son lancement, selon le Mandarin Hotel Barcelona.<\/p>\n<p>Selon des sources consult\u00e9es par El Economista, ce prix est d\u00fb \u00e0 sa situation sur le Paseo de Gracia, \u00e0 son appartenance \u00e0 la cat\u00e9gorie grand luxe et au fait que la transaction inclura deux locaux commerciaux situ\u00e9s dans la partie inf\u00e9rieure de l&#8217;immeuble.<\/p>\n<p>Ce n&#8217;est pas la premi\u00e8re fois que l&#8217;actif est mis sur le march\u00e9, bien qu&#8217;en f\u00e9vrier 2021, alors qu&#8217;il \u00e9tait sur le point de rouvrir apr\u00e8s la pand\u00e9mie, le groupe Reig d\u00e9clarait qu&#8217;il n&#8217;avait pas entam\u00e9 de processus de vente.<\/p>\n<p>\u00c0 cette \u00e9poque, comme l&#8217;explique HOSTELTUR, il y avait une sp\u00e9culation suite \u00e0 la vente par CaixaBank d&#8217;un paquet de cr\u00e9dits contract\u00e9s par le groupe Reig, class\u00e9s comme difficiles \u00e0 recouvrer mais avec des garanties immobili\u00e8res. Ces cr\u00e9dits ont \u00e9t\u00e9 acquis d\u00e9but 2020 par le fonds am\u00e9ricain <strong>Farallon<\/strong> et \u00e9taient li\u00e9s \u00e0 la banque Cr\u00e8dit Andorr\u00e0 ainsi qu&#8217;\u00e0 l&#8217;h\u00f4tel de luxe situ\u00e9 sur le Paseo de Gracia.<\/p>\n<p><\/span><\/span><\/p>\n","protected":false},"excerpt":{"rendered":"<p>Le prix par chambre est d&#8217;environ 2 millions d&#8217;euros. L&#8217;h\u00f4tel cinq \u00e9toiles Mandarin Oriental Barcelona, un actif appartenant au fonds am\u00e9ricain Farallon Capital Management et Reig Capital, a \u00e9t\u00e9 mis sur le march\u00e9 pour un prix d&#8217;environ 240 millions d&#8217;euros, selon des informations publi\u00e9es par El Economista. Le processus de vente serait entre les mains [&hellip;]<\/p>\n","protected":false},"author":13,"featured_media":24620,"comment_status":"open","ping_status":"closed","sticky":false,"template":"","format":"standard","meta":{"om_disable_all_campaigns":false,"_monsterinsights_skip_tracking":false,"_monsterinsights_sitenote_active":false,"_monsterinsights_sitenote_note":"","_monsterinsights_sitenote_category":0,"_uf_show_specific_survey":0,"_uf_disable_surveys":false,"footnotes":""},"categories":[212,258],"tags":[],"class_list":["post-69205","post","type-post","status-publish","format-standard","has-post-thumbnail","hentry","category-breaking-news","category-hotels-living"],"acf":[],"_links":{"self":[{"href":"https:\/\/immo.lecourrier.es\/index.php\/wp-json\/wp\/v2\/posts\/69205","targetHints":{"allow":["GET"]}}],"collection":[{"href":"https:\/\/immo.lecourrier.es\/index.php\/wp-json\/wp\/v2\/posts"}],"about":[{"href":"https:\/\/immo.lecourrier.es\/index.php\/wp-json\/wp\/v2\/types\/post"}],"author":[{"embeddable":true,"href":"https:\/\/immo.lecourrier.es\/index.php\/wp-json\/wp\/v2\/users\/13"}],"replies":[{"embeddable":true,"href":"https:\/\/immo.lecourrier.es\/index.php\/wp-json\/wp\/v2\/comments?post=69205"}],"version-history":[{"count":0,"href":"https:\/\/immo.lecourrier.es\/index.php\/wp-json\/wp\/v2\/posts\/69205\/revisions"}],"wp:featuredmedia":[{"embeddable":true,"href":"https:\/\/immo.lecourrier.es\/index.php\/wp-json\/wp\/v2\/media\/24620"}],"wp:attachment":[{"href":"https:\/\/immo.lecourrier.es\/index.php\/wp-json\/wp\/v2\/media?parent=69205"}],"wp:term":[{"taxonomy":"category","embeddable":true,"href":"https:\/\/immo.lecourrier.es\/index.php\/wp-json\/wp\/v2\/categories?post=69205"},{"taxonomy":"post_tag","embeddable":true,"href":"https:\/\/immo.lecourrier.es\/index.php\/wp-json\/wp\/v2\/tags?post=69205"}],"curies":[{"name":"wp","href":"https:\/\/api.w.org\/{rel}","templated":true}]}}