{"id":69203,"date":"2026-03-08T20:41:23","date_gmt":"2026-03-08T20:41:23","guid":{"rendered":"https:\/\/immo.lecourrier.es\/index.php\/2026\/03\/08\/necesito-un-trastero-investira-50-millions-deuros-pour-atteindre-100-000-metres-de-self-storage-2\/"},"modified":"2026-04-30T10:25:31","modified_gmt":"2026-04-30T10:25:31","slug":"necesito-un-trastero-investira-50-millions-deuros-pour-atteindre-100-000-metres-de-self-storage-2","status":"publish","type":"post","link":"https:\/\/immo.lecourrier.es\/index.php\/2026\/03\/08\/necesito-un-trastero-investira-50-millions-deuros-pour-atteindre-100-000-metres-de-self-storage-2\/","title":{"rendered":"Necesito un Trastero investira 50 millions d&#8217;euros pour atteindre 100.000 m\u00e8tres de &#8220;self storage&#8221;."},"content":{"rendered":"<p><span dir=\"auto\" style=\"vertical-align: inherit\"><span dir=\"auto\" style=\"vertical-align: inherit\"><\/p>\n<p><em>Au cours des deux premiers mois de l&#8217;ann\u00e9e, l&#8217;entreprise a acquis plus de 20.000 m\u00e8tres carr\u00e9s de nouveaux espaces. L&#8217;entreprise pr\u00e9voit un chiffre d&#8217;affaires de cinq millions, soit 40% de plus qu&#8217;en 2022.<\/em><\/p>\n<p>Necesito un Trastero poursuit son expansion en Espagne. La soci\u00e9t\u00e9 espagnole de <em>self storage<\/em> contr\u00f4l\u00e9e par PineBridge Benson Elliot <strong>investira cinquante millions d&#8217;euros dans des acquisitions au cours de l&#8217;ann\u00e9e pour porter son offre sur le march\u00e9 national \u00e0 plus de 100.000 m\u00e8tres carr\u00e9s<\/strong>, selon un communiqu\u00e9 publi\u00e9 par la soci\u00e9t\u00e9.<\/p>\n<p>&#8220;Cet investissement nous permettra de dynamiser la strat\u00e9gie d&#8217;expansion que nous mettons en \u0153uvre depuis le d\u00e9but de l&#8217;ann\u00e9e; en janvier et f\u00e9vrier 2023, nous avons achet\u00e9 plus de 20.000 m\u00e8tres carr\u00e9s, signe que nous atteignons nos objectifs et le moment important que traverse l&#8217;entreprise&#8221;, d\u00e9clare Iv\u00e1n Maldonado, PDG de Necesito un Trastero.<\/p>\n<p>&#8220;La strat\u00e9gie d&#8217;expansion de Necesito un Trastero est bas\u00e9e sur une croissance acc\u00e9l\u00e9r\u00e9e par l&#8217;achat de franchis\u00e9s, de concurrents et d&#8217;actifs de plus de 1.000 m\u00e8tres carr\u00e9s&#8221;, souligne M. Maldonado.<\/p>\n<p>Avec plus de quatre-vingts succursales ouvertes \u00e0 ce jour et environ 35.000 m\u00e8tres carr\u00e9s de stockage en Espagne, l&#8217;entreprise pr\u00e9voit une forte croissance de son chiffre d&#8217;affaires d&#8217;ici \u00e0 2023. Selon le rapport de pr\u00e9vision du chiffre d&#8217;affaires total, <strong>Necesito un Trastero pr\u00e9voit d&#8217;atteindre un chiffre d&#8217;affaires de cinq millions d&#8217;euros cette ann\u00e9e<\/strong>, soit une augmentation de 39% par rapport \u00e0 2022, qui s&#8217;est achev\u00e9e avec 3,6 millions d&#8217;euros.<\/p>\n<p><strong>Necesito un Trastero a r\u00e9cemment achet\u00e9 un immeuble de 4.500 m\u00e8tres r\u00e9partis sur six \u00e9tages \u00e0 Vallecas (Madrid)<\/strong><\/p>\n<p>Necesito un Trastero <strong>a r\u00e9cemment conclu l&#8217;achat d&#8217;un b\u00e2timent de 4.500 m\u00e8tres r\u00e9partis sur six \u00e9tages \u00e0 Vallecas (Madrid)<\/strong>, s&#8217;\u00e9tendant ainsi \u00e0 14.000 m\u00e8tres carr\u00e9s entre les douze succursales situ\u00e9es dans la ville de Madrid.<\/p>\n<p>&#8220;Nous sommes tr\u00e8s heureux de poursuivre notre politique d&#8217;expansion nationale et de continuer \u00e0 ajouter des op\u00e9rations; avec cette nouvelle acquisition, Necesito un Trastero aura 23 succursales dans la Communaut\u00e9 de Madrid&#8221;, a d\u00e9clar\u00e9 M. Maldonado. L&#8217;immeuble repr\u00e9sente l&#8217;incorporation de l&#8217;un des plus grands actifs de Necesito un Trastero, apr\u00e8s l&#8217;agence situ\u00e9e dans la rue Alfonso G\u00f3mez, dans le quartier de Canillejas \u00e0 Madrid.<\/p>\n<p>En janvier dernier, <strong>la soci\u00e9t\u00e9 a \u00e9galement annonc\u00e9 l&#8217;achat des actifs de Minimax Trasteros<\/strong>, avec divers locaux dans le quartier de Las Ventas, Avenida de Am\u00e9rica et pr\u00e8s du stade Civitas Metropolitano.<\/p>\n<p>&#8220;L&#8217;objectif est de r\u00e9aliser les nouvelles ouvertures dans les prochains mois, pour lesquelles nous mettons en \u0153uvre une politique d&#8217;embauche et d&#8217;expansion de l&#8217;\u00e9quipe dans toute l&#8217;Espagne afin de maintenir la qualit\u00e9 de notre service \u00e0 la client\u00e8le et la politique d&#8217;am\u00e9lioration continue&#8221;, a d\u00e9clar\u00e9 le PDG de l&#8217;entreprise.<\/p>\n<p><\/span><\/span><\/p>\n","protected":false},"excerpt":{"rendered":"<p>Au cours des deux premiers mois de l&#8217;ann\u00e9e, l&#8217;entreprise a acquis plus de 20.000 m\u00e8tres carr\u00e9s de nouveaux espaces. L&#8217;entreprise pr\u00e9voit un chiffre d&#8217;affaires de cinq millions, soit 40% de plus qu&#8217;en 2022. Necesito un Trastero poursuit son expansion en Espagne. La soci\u00e9t\u00e9 espagnole de self storage contr\u00f4l\u00e9e par PineBridge Benson Elliot investira cinquante millions [&hellip;]<\/p>\n","protected":false},"author":13,"featured_media":24613,"comment_status":"open","ping_status":"closed","sticky":false,"template":"","format":"standard","meta":{"om_disable_all_campaigns":false,"_monsterinsights_skip_tracking":false,"_monsterinsights_sitenote_active":false,"_monsterinsights_sitenote_note":"","_monsterinsights_sitenote_category":0,"_uf_show_specific_survey":0,"_uf_disable_surveys":false,"footnotes":""},"categories":[212,4504],"tags":[],"class_list":["post-69203","post","type-post","status-publish","format-standard","has-post-thumbnail","hentry","category-breaking-news","category-resilience-agri"],"acf":[],"_links":{"self":[{"href":"https:\/\/immo.lecourrier.es\/index.php\/wp-json\/wp\/v2\/posts\/69203","targetHints":{"allow":["GET"]}}],"collection":[{"href":"https:\/\/immo.lecourrier.es\/index.php\/wp-json\/wp\/v2\/posts"}],"about":[{"href":"https:\/\/immo.lecourrier.es\/index.php\/wp-json\/wp\/v2\/types\/post"}],"author":[{"embeddable":true,"href":"https:\/\/immo.lecourrier.es\/index.php\/wp-json\/wp\/v2\/users\/13"}],"replies":[{"embeddable":true,"href":"https:\/\/immo.lecourrier.es\/index.php\/wp-json\/wp\/v2\/comments?post=69203"}],"version-history":[{"count":0,"href":"https:\/\/immo.lecourrier.es\/index.php\/wp-json\/wp\/v2\/posts\/69203\/revisions"}],"wp:featuredmedia":[{"embeddable":true,"href":"https:\/\/immo.lecourrier.es\/index.php\/wp-json\/wp\/v2\/media\/24613"}],"wp:attachment":[{"href":"https:\/\/immo.lecourrier.es\/index.php\/wp-json\/wp\/v2\/media?parent=69203"}],"wp:term":[{"taxonomy":"category","embeddable":true,"href":"https:\/\/immo.lecourrier.es\/index.php\/wp-json\/wp\/v2\/categories?post=69203"},{"taxonomy":"post_tag","embeddable":true,"href":"https:\/\/immo.lecourrier.es\/index.php\/wp-json\/wp\/v2\/tags?post=69203"}],"curies":[{"name":"wp","href":"https:\/\/api.w.org\/{rel}","templated":true}]}}