{"id":69190,"date":"2026-03-08T20:29:43","date_gmt":"2026-03-08T20:29:43","guid":{"rendered":"https:\/\/immo.lecourrier.es\/index.php\/2026\/03\/08\/volotea-lance-une-offre-record-a-bilbao-700-000-sieges-et-22-routes-2\/"},"modified":"2026-04-30T10:15:21","modified_gmt":"2026-04-30T10:15:21","slug":"volotea-lance-une-offre-record-a-bilbao-700-000-sieges-et-22-routes-2","status":"publish","type":"post","link":"https:\/\/immo.lecourrier.es\/index.php\/2026\/03\/08\/volotea-lance-une-offre-record-a-bilbao-700-000-sieges-et-22-routes-2\/","title":{"rendered":"Volotea lance une offre record \u00e0 Bilbao: 700.000 si\u00e8ges et 22 routes"},"content":{"rendered":"<p><span dir=\"auto\" style=\"vertical-align: inherit\"><span dir=\"auto\" style=\"vertical-align: inherit\"><\/p>\n<p><em>Volotea, <strong>la compagnie a\u00e9rienne espagnole qui relie les petites et moyennes villes europ\u00e9ennes, a annonc\u00e9 son programme pour 2023 \u00e0 l&#8217;a\u00e9roport de Bilbao, qui sera son offre la plus importante en termes de capacit\u00e9, avec l&#8217;exploitation de 22 routes et 700.000 si\u00e8ges<\/strong>, soit 41% de plus que l&#8217;ann\u00e9e derni\u00e8re et 147% de plus qu&#8217;en 2019, et g\u00e9n\u00e9rera 45 nouveaux emplois pour l&#8217;installation de Bilbao, qui se positionne, avec les Asturies, comme les principales bases op\u00e9rationnelles de la compagnie a\u00e9rienne.<\/em><\/p>\n<p>Les porte-parole de la compagnie expliquent que cette augmentation de capacit\u00e9 est due, en partie, au changement de flotte de la base biscayenne <strong>\u00e0 partir du mois prochain, passant du mod\u00e8le Airbus A319 au mod\u00e8le A320 \u00e0 partir d&#8217;avril prochain<\/strong>. Avec ce mod\u00e8le, Volotea offrira 15% de si\u00e8ges suppl\u00e9mentaires par vol, faisant de Bilbao la premi\u00e8re base espagnole de la compagnie en termes de nombre de si\u00e8ges offerts.<\/p>\n<p>Volotea a \u00e9galement pr\u00e9sent\u00e9 trois nouvelles routes qui, \u00e0 partir d&#8217;octobre, relieront Bilbao \u00e0 Tenerife Sud (exclusivement) les mercredis et dimanches, et \u00e0 Gran Canaria les mardis et samedis. De plus, en septembre, elle exploitera une nouvelle liaison Bilbao-Lyon (en exclusivit\u00e9) les jeudis et dimanches). Pour l&#8217;hiver, la compagnie \u00e9tudie la possibilit\u00e9 de relier la base \u00e0 un nouveau march\u00e9 international, qui reste \u00e0 d\u00e9terminer.<\/p>\n<p>Gabriel Schmilovich Isgut, directeur de la strat\u00e9gie de Volotea, a d\u00e9clar\u00e9 que la compagnie <strong>f\u00eaterait cette ann\u00e9e les 2 millions de passagers transport\u00e9s depuis le d\u00e9but des op\u00e9rations \u00e0 Bilbao en 2012<\/strong>.<\/p>\n<p>En 2023, <strong>Volotea assurera plus de 4.000 vols reliant l&#8217;a\u00e9roport de Bilbao \u00e0 22 destinations dans six pays<\/strong>: Espagne (La Corogne, Alicante, Grande Canarie, Ibiza, Majorque, Minorque, Malaga, S\u00e9ville, T\u00e9n\u00e9riffe Sud et Valence); France (Lyon); Gr\u00e8ce (Ath\u00e8nes et Santorin); Maroc (Marrakech); Italie (Cagliari, Florence, Naples, Olbia, Rome et Venise) et Portugal (Faro et Porto).<\/p>\n<p><\/span><\/span><\/p>\n","protected":false},"excerpt":{"rendered":"<p>Volotea, la compagnie a\u00e9rienne espagnole qui relie les petites et moyennes villes europ\u00e9ennes, a annonc\u00e9 son programme pour 2023 \u00e0 l&#8217;a\u00e9roport de Bilbao, qui sera son offre la plus importante en termes de capacit\u00e9, avec l&#8217;exploitation de 22 routes et 700.000 si\u00e8ges, soit 41% de plus que l&#8217;ann\u00e9e derni\u00e8re et 147% de plus qu&#8217;en 2019, [&hellip;]<\/p>\n","protected":false},"author":13,"featured_media":24537,"comment_status":"open","ping_status":"closed","sticky":false,"template":"","format":"standard","meta":{"om_disable_all_campaigns":false,"_monsterinsights_skip_tracking":false,"_monsterinsights_sitenote_active":false,"_monsterinsights_sitenote_note":"","_monsterinsights_sitenote_category":0,"_uf_show_specific_survey":0,"_uf_disable_surveys":false,"footnotes":""},"categories":[212,4508],"tags":[],"class_list":["post-69190","post","type-post","status-publish","format-standard","has-post-thumbnail","hentry","category-breaking-news","category-mag-blogs-communaute"],"acf":[],"_links":{"self":[{"href":"https:\/\/immo.lecourrier.es\/index.php\/wp-json\/wp\/v2\/posts\/69190","targetHints":{"allow":["GET"]}}],"collection":[{"href":"https:\/\/immo.lecourrier.es\/index.php\/wp-json\/wp\/v2\/posts"}],"about":[{"href":"https:\/\/immo.lecourrier.es\/index.php\/wp-json\/wp\/v2\/types\/post"}],"author":[{"embeddable":true,"href":"https:\/\/immo.lecourrier.es\/index.php\/wp-json\/wp\/v2\/users\/13"}],"replies":[{"embeddable":true,"href":"https:\/\/immo.lecourrier.es\/index.php\/wp-json\/wp\/v2\/comments?post=69190"}],"version-history":[{"count":0,"href":"https:\/\/immo.lecourrier.es\/index.php\/wp-json\/wp\/v2\/posts\/69190\/revisions"}],"wp:featuredmedia":[{"embeddable":true,"href":"https:\/\/immo.lecourrier.es\/index.php\/wp-json\/wp\/v2\/media\/24537"}],"wp:attachment":[{"href":"https:\/\/immo.lecourrier.es\/index.php\/wp-json\/wp\/v2\/media?parent=69190"}],"wp:term":[{"taxonomy":"category","embeddable":true,"href":"https:\/\/immo.lecourrier.es\/index.php\/wp-json\/wp\/v2\/categories?post=69190"},{"taxonomy":"post_tag","embeddable":true,"href":"https:\/\/immo.lecourrier.es\/index.php\/wp-json\/wp\/v2\/tags?post=69190"}],"curies":[{"name":"wp","href":"https:\/\/api.w.org\/{rel}","templated":true}]}}