{"id":69137,"date":"2026-03-08T20:00:49","date_gmt":"2026-03-08T20:00:49","guid":{"rendered":"https:\/\/immo.lecourrier.es\/index.php\/2026\/03\/08\/le-fonds-francais-log-in-achete-un-entrepot-de-douze-mille-metres-carres-a-alicante-2\/"},"modified":"2026-04-30T09:46:00","modified_gmt":"2026-04-30T09:46:00","slug":"le-fonds-francais-log-in-achete-un-entrepot-de-douze-mille-metres-carres-a-alicante-2","status":"publish","type":"post","link":"https:\/\/immo.lecourrier.es\/index.php\/2026\/03\/08\/le-fonds-francais-log-in-achete-un-entrepot-de-douze-mille-metres-carres-a-alicante-2\/","title":{"rendered":"Le fonds fran\u00e7ais Log In ach\u00e8te un entrep\u00f4t de douze mille m\u00e8tres carr\u00e9s \u00e0 Alicante"},"content":{"rendered":"<p><span dir=\"auto\" style=\"vertical-align: inherit\"><span dir=\"auto\" style=\"vertical-align: inherit\"><\/p>\n<p><em>L&#8217;actif industriel est lou\u00e9 dans le cadre d&#8217;un contrat \u00e0 long terme \u00e0 Blinker, un groupe allemand sp\u00e9cialis\u00e9 dans les mat\u00e9riaux pour la r\u00e9paration et l&#8217;entretien professionnels.<\/em><\/p>\n<p>Log In investit \u00e0 Alicante. Le fonds fran\u00e7ais sp\u00e9cialis\u00e9 dans l&#8217;industrie et la logistique, qui g\u00e8re Theoreim en association avec Principal, a acquis un entrep\u00f4t industriel de pr\u00e8s de douze mille m\u00e8tres carr\u00e9s dans la zone industrielle Las Atalayas, \u00e0 Alicante.<\/p>\n<p>L&#8217;entrep\u00f4t est lou\u00e9 dans le cadre d&#8217;un contrat \u00e0 long terme \u00e0 Blinker, une entreprise sp\u00e9cialis\u00e9e dans les mat\u00e9riaux et les services de r\u00e9paration, d&#8217;entretien et d&#8217;installation professionnelle.<strong> D&#8217;une superficie de pr\u00e8s de douze mille m\u00e8tres carr\u00e9s, le b\u00e2timent dispose de vastes espaces de bureaux et d&#8217;un entrep\u00f4t robotis\u00e9.<\/strong><\/p>\n<p>L&#8217;entrep\u00f4t est situ\u00e9 dans une enclave bien connect\u00e9e aux principales infrastructures. De plus, des entreprises telles que Grupo Famosa, DHL, Correos, Moldtrans, Pikolin, El Corte Ingl\u00e9s, Seus et Nacex ont leurs installations dans cette zone. La transaction de vente et d&#8217;achat a \u00e9t\u00e9 conseill\u00e9e par les soci\u00e9t\u00e9s de conseil JLL et Equilibra Property Investments.<\/p>\n<p>Log In a r\u00e9cemment conclu son premier investissement sur le march\u00e9 logistique espagnol. Le fonds a acquis un entrep\u00f4t industriel de 16.800 m\u00e8tres carr\u00e9s dans une zone industrielle situ\u00e9e \u00e0 la p\u00e9riph\u00e9rie de Pampelune.<\/p>\n<p><strong>L&#8217;ann\u00e9e derni\u00e8re, les investissements dans le secteur de la logistique industrielle ont atteint 54 milliards d&#8217;euros en Europe<\/strong><\/p>\n<p>Le volume d&#8217;investissement immobilier dans le secteur industriel et logistique en Europe a atteint 54 milliards d&#8217;euros l&#8217;ann\u00e9e derni\u00e8re, un chiffre inf\u00e9rieur au record de 2021, mais qui reste sup\u00e9rieur de 24% \u00e0 la moyenne des cinq derni\u00e8res ann\u00e9es.<\/p>\n<p>Cet app\u00e9tit pour la logistique se refl\u00e8te dans sa part croissante dans l&#8217;investissement total. <strong>Depuis 2017, le volume des investissements logistiques en Europe est pass\u00e9 d&#8217;une part de 13% du volume total des investissements immobiliers europ\u00e9ens \u00e0 19% en 2022.<\/strong><\/p>\n<p>Malgr\u00e9 l&#8217;incertitude \u00e9conomique, la contractualisation d&#8217;espaces industriels-logistiques en Europe a atteint 37,5 millions de m\u00e8tres carr\u00e9s en 2022, soit 6% de moins qu&#8217;en 2021, ann\u00e9e record pour le secteur avec 40,2 millions de m\u00e8tres carr\u00e9s.<\/p>\n<p>D&#8217;autre part, les donn\u00e9es sur les contrats logistiques \u00e0 Madrid et dans la zone centrale dans le calcul g\u00e9n\u00e9ral de 2022 <strong>se sont \u00e9lev\u00e9es \u00e0 1,3 million de m\u00e8tres carr\u00e9s,<\/strong> tandis qu&#8217;\u00e0 Barcelone, <strong>les donn\u00e9es d&#8217;absorption ont augment\u00e9 \u00e0 841.000 m\u00e8tres carr\u00e9s.<\/strong><\/p>\n<figure class=\"wp-block-image size-large\"><a href=\"https:\/\/www.opea.io\"><img decoding=\"async\" src=\"https:\/\/immo.lecourrier.es\/wp-content\/uploads\/2024\/04\/Capture-decran-2023-03-30-a-10.04.29-1024x105.jpg\"><\/a><\/figure>\n<\/p>\n<p><\/span><\/span><\/p>\n","protected":false},"excerpt":{"rendered":"<p>L&#8217;actif industriel est lou\u00e9 dans le cadre d&#8217;un contrat \u00e0 long terme \u00e0 Blinker, un groupe allemand sp\u00e9cialis\u00e9 dans les mat\u00e9riaux pour la r\u00e9paration et l&#8217;entretien professionnels. Log In investit \u00e0 Alicante. Le fonds fran\u00e7ais sp\u00e9cialis\u00e9 dans l&#8217;industrie et la logistique, qui g\u00e8re Theoreim en association avec Principal, a acquis un entrep\u00f4t industriel de pr\u00e8s [&hellip;]<\/p>\n","protected":false},"author":13,"featured_media":24396,"comment_status":"open","ping_status":"closed","sticky":false,"template":"","format":"standard","meta":{"om_disable_all_campaigns":false,"_monsterinsights_skip_tracking":false,"_monsterinsights_sitenote_active":false,"_monsterinsights_sitenote_note":"","_monsterinsights_sitenote_category":0,"_uf_show_specific_survey":0,"_uf_disable_surveys":false,"footnotes":""},"categories":[212,234],"tags":[],"class_list":["post-69137","post","type-post","status-publish","format-standard","has-post-thumbnail","hentry","category-breaking-news","category-logistique-retail"],"acf":[],"_links":{"self":[{"href":"https:\/\/immo.lecourrier.es\/index.php\/wp-json\/wp\/v2\/posts\/69137","targetHints":{"allow":["GET"]}}],"collection":[{"href":"https:\/\/immo.lecourrier.es\/index.php\/wp-json\/wp\/v2\/posts"}],"about":[{"href":"https:\/\/immo.lecourrier.es\/index.php\/wp-json\/wp\/v2\/types\/post"}],"author":[{"embeddable":true,"href":"https:\/\/immo.lecourrier.es\/index.php\/wp-json\/wp\/v2\/users\/13"}],"replies":[{"embeddable":true,"href":"https:\/\/immo.lecourrier.es\/index.php\/wp-json\/wp\/v2\/comments?post=69137"}],"version-history":[{"count":0,"href":"https:\/\/immo.lecourrier.es\/index.php\/wp-json\/wp\/v2\/posts\/69137\/revisions"}],"wp:featuredmedia":[{"embeddable":true,"href":"https:\/\/immo.lecourrier.es\/index.php\/wp-json\/wp\/v2\/media\/24396"}],"wp:attachment":[{"href":"https:\/\/immo.lecourrier.es\/index.php\/wp-json\/wp\/v2\/media?parent=69137"}],"wp:term":[{"taxonomy":"category","embeddable":true,"href":"https:\/\/immo.lecourrier.es\/index.php\/wp-json\/wp\/v2\/categories?post=69137"},{"taxonomy":"post_tag","embeddable":true,"href":"https:\/\/immo.lecourrier.es\/index.php\/wp-json\/wp\/v2\/tags?post=69137"}],"curies":[{"name":"wp","href":"https:\/\/api.w.org\/{rel}","templated":true}]}}