{"id":69131,"date":"2026-03-08T19:58:21","date_gmt":"2026-03-08T19:58:21","guid":{"rendered":"https:\/\/immo.lecourrier.es\/index.php\/2026\/03\/08\/air-europa-lance-des-vols-quotidiens-vers-le-paraguay-en-hausse-de-35-par-rapport-a-2019-2\/"},"modified":"2026-04-30T09:38:10","modified_gmt":"2026-04-30T09:38:10","slug":"air-europa-lance-des-vols-quotidiens-vers-le-paraguay-en-hausse-de-35-par-rapport-a-2019-2","status":"publish","type":"post","link":"https:\/\/immo.lecourrier.es\/index.php\/2026\/03\/08\/air-europa-lance-des-vols-quotidiens-vers-le-paraguay-en-hausse-de-35-par-rapport-a-2019-2\/","title":{"rendered":"Air Europa lance des vols quotidiens vers le Paraguay, en hausse de 35% par rapport \u00e0 2019"},"content":{"rendered":"<p><span dir=\"auto\" style=\"vertical-align: inherit\"><span dir=\"auto\" style=\"vertical-align: inherit\"><\/p>\n<p><em>Air Europa a renforc\u00e9 ses op\u00e9rations avec le Paraguay, en reliant quotidiennement Madrid et Asunci\u00f3n.<\/em><\/p>\n<p>Air Europa <strong>a renforc\u00e9 son op\u00e9ration avec le Paraguay, augmentant le nombre de si\u00e8ges offerts de 38% et le nombre de vols de 35% par rapport \u00e0 2019<\/strong>, ajoutant une nouvelle fr\u00e9quence passant \u00e0 des <strong>vols quotidiens entre Madrid et Asunci\u00f3n, ce qui a historiquement stimul\u00e9 la connectivit\u00e9 a\u00e9rienne du pays sud-am\u00e9ricain<\/strong>.<\/p>\n<p>Pour la premi\u00e8re fois, le Paraguay sera reli\u00e9 \u00e0 l&#8217;Europe par un vol quotidien sans escale, ce qui, \u00e0 son tour, place la compagnie a\u00e9rienne espagnole \u00e0 des niveaux pr\u00e9-pand\u00e9miques, op\u00e9rant plus de 700 vols tout au long de 2023, un chiffre qui repr\u00e9sente une augmentation de 35% par rapport au nombre de vols en 2019 et plus de 38% d&#8217;augmentation des si\u00e8ges offerts.<\/p>\n<p>L&#8217;augmentation des op\u00e9rations r\u00e9pond au plan d&#8217;expansion et de croissance de la compagnie a\u00e9rienne, qui lui permet, gr\u00e2ce \u00e0 l&#8217;expansion et \u00e0 l&#8217;unification de sa flotte, de r\u00e9pondre \u00e0 la croissance soutenue de la demande, tout en r\u00e9cup\u00e9rant des routes et en ajoutant des fr\u00e9quences.<\/p>\n<p>Air Europa a lanc\u00e9 la liaison avec la capitale paraguayenne en novembre 2019, avec la flotte Boeing 787 Dreamliner, des <strong>avions qui<\/strong> <strong>lui permettent d&#8217;op\u00e9rer de mani\u00e8re plus efficace et durable, avec des \u00e9conomies de consommation de carburant et d&#8217;\u00e9missions de CO\u2082 de 20%, ainsi qu&#8217;une r\u00e9duction de 60% de l&#8217;impact sonore. <\/strong>En outre, la cabine du Dreamliner offre plus de confort et de commodit\u00e9 aux passagers gr\u00e2ce \u00e0 son syst\u00e8me d&#8217;\u00e9clairage, son taux d&#8217;humidit\u00e9 plus \u00e9lev\u00e9 et ses fen\u00eatres plus grandes.<\/p>\n<p>\u00c0 leur arriv\u00e9e au hub d&#8217;Air Europa \u00e0 Madrid-Barajas, tous les passagers en provenance d&#8217;Asunci\u00f3n b\u00e9n\u00e9ficieront de correspondances pratiques avec des vols vers plus de 30 destinations europ\u00e9ennes et nationales de la compagnie.<\/p>\n<p><\/span><\/span><\/p>\n","protected":false},"excerpt":{"rendered":"<p>Air Europa a renforc\u00e9 ses op\u00e9rations avec le Paraguay, en reliant quotidiennement Madrid et Asunci\u00f3n. Air Europa a renforc\u00e9 son op\u00e9ration avec le Paraguay, augmentant le nombre de si\u00e8ges offerts de 38% et le nombre de vols de 35% par rapport \u00e0 2019, ajoutant une nouvelle fr\u00e9quence passant \u00e0 des vols quotidiens entre Madrid et [&hellip;]<\/p>\n","protected":false},"author":13,"featured_media":24377,"comment_status":"open","ping_status":"closed","sticky":false,"template":"","format":"standard","meta":{"om_disable_all_campaigns":false,"_monsterinsights_skip_tracking":false,"_monsterinsights_sitenote_active":false,"_monsterinsights_sitenote_note":"","_monsterinsights_sitenote_category":0,"_uf_show_specific_survey":0,"_uf_disable_surveys":false,"footnotes":""},"categories":[212,4508],"tags":[],"class_list":["post-69131","post","type-post","status-publish","format-standard","has-post-thumbnail","hentry","category-breaking-news","category-mag-blogs-communaute"],"acf":[],"_links":{"self":[{"href":"https:\/\/immo.lecourrier.es\/index.php\/wp-json\/wp\/v2\/posts\/69131","targetHints":{"allow":["GET"]}}],"collection":[{"href":"https:\/\/immo.lecourrier.es\/index.php\/wp-json\/wp\/v2\/posts"}],"about":[{"href":"https:\/\/immo.lecourrier.es\/index.php\/wp-json\/wp\/v2\/types\/post"}],"author":[{"embeddable":true,"href":"https:\/\/immo.lecourrier.es\/index.php\/wp-json\/wp\/v2\/users\/13"}],"replies":[{"embeddable":true,"href":"https:\/\/immo.lecourrier.es\/index.php\/wp-json\/wp\/v2\/comments?post=69131"}],"version-history":[{"count":0,"href":"https:\/\/immo.lecourrier.es\/index.php\/wp-json\/wp\/v2\/posts\/69131\/revisions"}],"wp:featuredmedia":[{"embeddable":true,"href":"https:\/\/immo.lecourrier.es\/index.php\/wp-json\/wp\/v2\/media\/24377"}],"wp:attachment":[{"href":"https:\/\/immo.lecourrier.es\/index.php\/wp-json\/wp\/v2\/media?parent=69131"}],"wp:term":[{"taxonomy":"category","embeddable":true,"href":"https:\/\/immo.lecourrier.es\/index.php\/wp-json\/wp\/v2\/categories?post=69131"},{"taxonomy":"post_tag","embeddable":true,"href":"https:\/\/immo.lecourrier.es\/index.php\/wp-json\/wp\/v2\/tags?post=69131"}],"curies":[{"name":"wp","href":"https:\/\/api.w.org\/{rel}","templated":true}]}}