{"id":69126,"date":"2026-03-08T19:55:48","date_gmt":"2026-03-08T19:55:48","guid":{"rendered":"https:\/\/immo.lecourrier.es\/index.php\/2026\/03\/08\/les-transactions-immobilieres-chutent-de-41-au-premier-trimestre-en-espagne-2\/"},"modified":"2026-04-30T09:35:18","modified_gmt":"2026-04-30T09:35:18","slug":"les-transactions-immobilieres-chutent-de-41-au-premier-trimestre-en-espagne-2","status":"publish","type":"post","link":"https:\/\/immo.lecourrier.es\/index.php\/2026\/03\/08\/les-transactions-immobilieres-chutent-de-41-au-premier-trimestre-en-espagne-2\/","title":{"rendered":"Les transactions immobili\u00e8res chutent de 41% au premier trimestre en Espagne"},"content":{"rendered":"<p><span dir=\"auto\" style=\"vertical-align: inherit\"><span dir=\"auto\" style=\"vertical-align: inherit\"><\/p>\n<p><em>Le volume des ventes et des achats s&#8217;est \u00e9lev\u00e9 \u00e0 2,1 milliards d&#8217;euros au cours des trois premiers mois de l&#8217;ann\u00e9e, contre 3,6 milliards d&#8217;euros au cours de la m\u00eame p\u00e9riode en 2022. L&#8217;activit\u00e9 s&#8217;est ralentie en raison de l&#8217;incertitude \u00e9conomique et de la hausse du co\u00fbt du financement.<\/em><\/p>\n<p>Les transactions immobili\u00e8res ralentissent, mais ne sont pas gel\u00e9es pour autant. Les ventes et achats immobiliers s&#8217;\u00e9l\u00e8vent \u00e0 2,1 milliards d&#8217;euros sur les trois premiers mois de l&#8217;ann\u00e9e, soit 41% de moins que les 3,6 milliards enregistr\u00e9s sur la m\u00eame p\u00e9riode de 2022.<\/p>\n<p>Apr\u00e8s l&#8217;effondrement du mois de f\u00e9vrier, o\u00f9 le montant et le nombre de transactions ont fortement diminu\u00e9, le march\u00e9 de la vente et de l&#8217;achat d&#8217;actifs est redevenu plus dynamique au cours du mois de mars et des transactions d&#8217;une valeur de 950 millions d&#8217;euros ont \u00e9t\u00e9 conclues. <strong>Mars devient ainsi le meilleur mois de l&#8217;ann\u00e9e 2023 en termes de volume, apr\u00e8s janvier (840 millions d&#8217;euros) et f\u00e9vrier (331 millions d&#8217;euros).<\/strong><\/p>\n<p>L&#8217;analyse d&#8217;EjePrime porte sur les grandes transactions de bureaux, de logistique-industrie, de commerces, d&#8217;h\u00f4tels, de logements locatifs et collectifs, ainsi que sur d&#8217;autres actifs alternatifs. Elle n&#8217;inclut pas les terrains destin\u00e9s \u00e0 des d\u00e9veloppements r\u00e9sidentiels.<\/p>\n<p>Le montant des transactions au premier trimestre est loin de celui collect\u00e9 un an plus t\u00f4t, <strong>mais on ne peut en aucun cas parler d&#8217;un march\u00e9 paralys\u00e9 par l&#8217;incertitude \u00e9conomique<\/strong> et la hausse des co\u00fbts de financement. Le nombre de transactions a \u00e9t\u00e9 important, bien que g\u00e9n\u00e9ralement inf\u00e9rieur \u00e0 celui de l&#8217;ann\u00e9e pr\u00e9c\u00e9dente.<\/p>\n<p>Ainsi, les grandes transactions du premier trimestre 2022, lors de la cession d&#8217;importants portefeuilles r\u00e9sidentiels (Patrizia a achet\u00e9 deux mille immeubles locatifs \u00e0 BCorp), h\u00f4teliers (Eurazeo a acquis la cha\u00eene Ayre) et logistiques (EQT Exeter a acquis 300.000 m\u00e8tres carr\u00e9s d&#8217;espace logistique), entre autres, se sont d\u00e9roul\u00e9es au compte-gouttes au cours de l&#8217;ann\u00e9e.<\/p>\n<p>Parmi elles, seules se distinguent l&#8217;acquisition d&#8217;un portefeuille de 1.763 immeubles locatifs par DWS pour 250 millions d&#8217;euros, d&#8217;un portefeuille de bureaux par le family office Prallariz pour 300 millions d&#8217;euros et, enfin, d&#8217;un portefeuille de 235 supermarch\u00e9s par Alcampo pour 267 millions d&#8217;euros. La hausse des taux d&#8217;int\u00e9r\u00eat et, avec elle, l&#8217;augmentation du co\u00fbt du financement g\u00e8lent les grandes transactions o\u00f9 le poids de la dette est important.<\/p>\n<p><strong>Apr\u00e8s la chute de f\u00e9vrier, le dynamisme a repris en mars avec des transactions pour 950 millions d&#8217;euros<\/strong><\/p>\n<p>En mars, <strong>les deux transactions les plus importantes en termes de valeur ont \u00e9t\u00e9 le portefeuille de 235 supermarch\u00e9s acquis par Alcampo aupr\u00e8s de Dia et la transaction de l&#8217;h\u00f4tel Sofia \u00e0 Barcelone<\/strong>, achet\u00e9 par Axa en alliance avec Blasson.<\/p>\n<p>Outre l&#8217;achat de l&#8217;h\u00f4tel Sofia, d&#8217;autres transactions importantes ont eu lieu dans le secteur h\u00f4telier en mars. Le fonds Perial a acquis l&#8217;h\u00f4tel Dolce Sitge et la soci\u00e9t\u00e9 immobili\u00e8re am\u00e9ricaine Hines a acquis une tour avec licence h\u00f4teli\u00e8re \u00e0 Esplugues de Llobregat (Barcelone) pour 85 millions d&#8217;euros. L&#8217;h\u00f4tel Radisson Blu et le Tryp Chamart\u00edn, tous deux \u00e0 Madrid, sont d&#8217;autres \u00e9tablissements qui ont chang\u00e9 de mains.<\/p>\n<p><\/span><\/span><\/p>\n","protected":false},"excerpt":{"rendered":"<p>Le volume des ventes et des achats s&#8217;est \u00e9lev\u00e9 \u00e0 2,1 milliards d&#8217;euros au cours des trois premiers mois de l&#8217;ann\u00e9e, contre 3,6 milliards d&#8217;euros au cours de la m\u00eame p\u00e9riode en 2022. L&#8217;activit\u00e9 s&#8217;est ralentie en raison de l&#8217;incertitude \u00e9conomique et de la hausse du co\u00fbt du financement. Les transactions immobili\u00e8res ralentissent, mais ne [&hellip;]<\/p>\n","protected":false},"author":13,"featured_media":24360,"comment_status":"open","ping_status":"closed","sticky":false,"template":"","format":"standard","meta":{"om_disable_all_campaigns":false,"_monsterinsights_skip_tracking":false,"_monsterinsights_sitenote_active":false,"_monsterinsights_sitenote_note":"","_monsterinsights_sitenote_category":0,"_uf_show_specific_survey":0,"_uf_disable_surveys":false,"footnotes":""},"categories":[212],"tags":[],"class_list":["post-69126","post","type-post","status-publish","format-standard","has-post-thumbnail","hentry","category-breaking-news"],"acf":[],"_links":{"self":[{"href":"https:\/\/immo.lecourrier.es\/index.php\/wp-json\/wp\/v2\/posts\/69126","targetHints":{"allow":["GET"]}}],"collection":[{"href":"https:\/\/immo.lecourrier.es\/index.php\/wp-json\/wp\/v2\/posts"}],"about":[{"href":"https:\/\/immo.lecourrier.es\/index.php\/wp-json\/wp\/v2\/types\/post"}],"author":[{"embeddable":true,"href":"https:\/\/immo.lecourrier.es\/index.php\/wp-json\/wp\/v2\/users\/13"}],"replies":[{"embeddable":true,"href":"https:\/\/immo.lecourrier.es\/index.php\/wp-json\/wp\/v2\/comments?post=69126"}],"version-history":[{"count":0,"href":"https:\/\/immo.lecourrier.es\/index.php\/wp-json\/wp\/v2\/posts\/69126\/revisions"}],"wp:featuredmedia":[{"embeddable":true,"href":"https:\/\/immo.lecourrier.es\/index.php\/wp-json\/wp\/v2\/media\/24360"}],"wp:attachment":[{"href":"https:\/\/immo.lecourrier.es\/index.php\/wp-json\/wp\/v2\/media?parent=69126"}],"wp:term":[{"taxonomy":"category","embeddable":true,"href":"https:\/\/immo.lecourrier.es\/index.php\/wp-json\/wp\/v2\/categories?post=69126"},{"taxonomy":"post_tag","embeddable":true,"href":"https:\/\/immo.lecourrier.es\/index.php\/wp-json\/wp\/v2\/tags?post=69126"}],"curies":[{"name":"wp","href":"https:\/\/api.w.org\/{rel}","templated":true}]}}