{"id":69124,"date":"2026-03-08T19:55:38","date_gmt":"2026-03-08T19:55:38","guid":{"rendered":"https:\/\/immo.lecourrier.es\/index.php\/2026\/03\/08\/le-fonds-hongrois-indotek-achete-deux-centres-commerciaux-a-merlin-properties-pour-22-millions-2\/"},"modified":"2026-04-30T09:35:16","modified_gmt":"2026-04-30T09:35:16","slug":"le-fonds-hongrois-indotek-achete-deux-centres-commerciaux-a-merlin-properties-pour-22-millions-2","status":"publish","type":"post","link":"https:\/\/immo.lecourrier.es\/index.php\/2026\/03\/08\/le-fonds-hongrois-indotek-achete-deux-centres-commerciaux-a-merlin-properties-pour-22-millions-2\/","title":{"rendered":"Le fonds hongrois Indotek ach\u00e8te deux centres commerciaux \u00e0 Merlin Properties pour 22 millions"},"content":{"rendered":"<p><span dir=\"auto\" style=\"vertical-align: inherit\"><span dir=\"auto\" style=\"vertical-align: inherit\"><\/p>\n<p><em>Les centres commerciaux acquis par Indotek, Vilamarina et Factory Bonaire, sont situ\u00e9s respectivement \u00e0 Viladecans et Aldaia.<\/em><\/p>\n<p>Le fonds hongrois <strong>Indotek<\/strong> finalise l&#8217;achat des centres commerciaux <strong>Vilamarina<\/strong> et <strong>Factory Bonaire<\/strong>, situ\u00e9s respectivement \u00e0 <strong>Viladecans (Barcelone)<\/strong> et <strong>Aldaia (Valence)<\/strong>, \u00e0 la socimi <strong>Merlin Properties<\/strong> pour environ 22 millions d&#8217;euros, selon Cinco D\u00edas.<\/p>\n<p>Il s&#8217;agit de deux propri\u00e9t\u00e9s non strat\u00e9giques pour <strong>Merlin Properties<\/strong>. Ces centres font partie du portefeuille de la soci\u00e9t\u00e9 immobili\u00e8re espagnole depuis 2016.<\/p>\n<p>La principale raison pour laquelle la socimi c\u00e8de <strong>Factory Bonaire<\/strong> est la petite taille de l&#8217;actif, en plus d&#8217;\u00eatre le seul point de vente de son portefeuille, un segment sur lequel la soci\u00e9t\u00e9 ne souhaite pas se concentrer.<\/p>\n<p>Le cas de <strong>Vilamarina<\/strong> est diff\u00e9rent. Il s&#8217;agit d&#8217;un centre commercial de taille moyenne qui n\u00e9cessite un investissement en capital important pour son repositionnement. <strong>Merlin Properties<\/strong> ne souhaite pas allouer de ressources \u00e0 ce type de biens, car les investisseurs ont p\u00e9nalis\u00e9 les propri\u00e9taires de commerces de d\u00e9tail sur le march\u00e9 boursier en raison de l&#8217;incertitude li\u00e9e au commerce \u00e9lectronique. Il est donc plus facile pour un fonds non cot\u00e9 comme <strong>Indotek<\/strong>, une soci\u00e9t\u00e9 contr\u00f4l\u00e9e par l&#8217;homme d&#8217;affaires hongrois <strong>D\u00e1niel Jellinek<\/strong>, d&#8217;entreprendre une r\u00e9novation.<\/p>\n<p><strong>Derni\u00e8res nouvelles sur le retail<\/strong><\/p>\n<p><strong>Silicius<\/strong> vend deux actifs commerciaux \u00e0 <strong>Getafe<\/strong> et <strong>San Sebasti\u00e1n<\/strong> pour 24,6 millions d&#8217;euros. La socimi a transig\u00e9 un espace commercial lou\u00e9 \u00e0 <strong>Leroy Merlin<\/strong> dans la municipalit\u00e9 de Madrid et des locaux lou\u00e9s \u00e0 <strong>Eroski<\/strong> dans la capitale du Gipuzkoa.<\/p>\n<p>Un investisseur priv\u00e9 ach\u00e8te un immeuble commercial \u00e0 <strong>San Sebastian<\/strong> pour 1,6 million d&#8217;euros. Le bien achet\u00e9 dans la ville basque est lou\u00e9 \u00e0 <strong>Global Exchange<\/strong> et <strong>se trouve au Boulevard 6<\/strong>.<\/p>\n<p><strong>Aena<\/strong> lance un appel d&#8217;offres pour la construction d&#8217;un supermarch\u00e9 \u00e0 <strong>Barajas<\/strong> pour 14,2 millions d&#8217;euros. Le gestionnaire de l&#8217;a\u00e9roport a lanc\u00e9 un appel d&#8217;offres pour le droit de superficie d&#8217;un terrain pour la construction d&#8217;un supermarch\u00e9 \u00e0 l&#8217;a\u00e9roport <strong>Adolfo Su\u00e1rez Madrid-Barajas<\/strong>.<\/p>\n<p><\/span><\/span><\/p>\n","protected":false},"excerpt":{"rendered":"<p>Les centres commerciaux acquis par Indotek, Vilamarina et Factory Bonaire, sont situ\u00e9s respectivement \u00e0 Viladecans et Aldaia. Le fonds hongrois Indotek finalise l&#8217;achat des centres commerciaux Vilamarina et Factory Bonaire, situ\u00e9s respectivement \u00e0 Viladecans (Barcelone) et Aldaia (Valence), \u00e0 la socimi Merlin Properties pour environ 22 millions d&#8217;euros, selon Cinco D\u00edas. Il s&#8217;agit de deux [&hellip;]<\/p>\n","protected":false},"author":13,"featured_media":24353,"comment_status":"open","ping_status":"closed","sticky":false,"template":"","format":"standard","meta":{"om_disable_all_campaigns":false,"_monsterinsights_skip_tracking":false,"_monsterinsights_sitenote_active":false,"_monsterinsights_sitenote_note":"","_monsterinsights_sitenote_category":0,"_uf_show_specific_survey":0,"_uf_disable_surveys":false,"footnotes":""},"categories":[212],"tags":[],"class_list":["post-69124","post","type-post","status-publish","format-standard","has-post-thumbnail","hentry","category-breaking-news"],"acf":[],"_links":{"self":[{"href":"https:\/\/immo.lecourrier.es\/index.php\/wp-json\/wp\/v2\/posts\/69124","targetHints":{"allow":["GET"]}}],"collection":[{"href":"https:\/\/immo.lecourrier.es\/index.php\/wp-json\/wp\/v2\/posts"}],"about":[{"href":"https:\/\/immo.lecourrier.es\/index.php\/wp-json\/wp\/v2\/types\/post"}],"author":[{"embeddable":true,"href":"https:\/\/immo.lecourrier.es\/index.php\/wp-json\/wp\/v2\/users\/13"}],"replies":[{"embeddable":true,"href":"https:\/\/immo.lecourrier.es\/index.php\/wp-json\/wp\/v2\/comments?post=69124"}],"version-history":[{"count":0,"href":"https:\/\/immo.lecourrier.es\/index.php\/wp-json\/wp\/v2\/posts\/69124\/revisions"}],"wp:featuredmedia":[{"embeddable":true,"href":"https:\/\/immo.lecourrier.es\/index.php\/wp-json\/wp\/v2\/media\/24353"}],"wp:attachment":[{"href":"https:\/\/immo.lecourrier.es\/index.php\/wp-json\/wp\/v2\/media?parent=69124"}],"wp:term":[{"taxonomy":"category","embeddable":true,"href":"https:\/\/immo.lecourrier.es\/index.php\/wp-json\/wp\/v2\/categories?post=69124"},{"taxonomy":"post_tag","embeddable":true,"href":"https:\/\/immo.lecourrier.es\/index.php\/wp-json\/wp\/v2\/tags?post=69124"}],"curies":[{"name":"wp","href":"https:\/\/api.w.org\/{rel}","templated":true}]}}