{"id":69120,"date":"2026-03-08T19:50:41","date_gmt":"2026-03-08T19:50:41","guid":{"rendered":"https:\/\/immo.lecourrier.es\/index.php\/2026\/03\/08\/maitre-salvador-jimenez-rodriguez-avocat-pour-les-francophones-a-seville-2\/"},"modified":"2026-04-25T03:17:49","modified_gmt":"2026-04-25T03:17:49","slug":"maitre-salvador-jimenez-rodriguez-avocat-pour-les-francophones-a-seville-2","status":"publish","type":"post","link":"https:\/\/immo.lecourrier.es\/index.php\/2026\/03\/08\/maitre-salvador-jimenez-rodriguez-avocat-pour-les-francophones-a-seville-2\/","title":{"rendered":"Ma\u00eetre Salvador JIM\u00c9NEZ RODR\u00cdGUEZ, avocat pour les francophones \u00e0 S\u00e9ville"},"content":{"rendered":"<p><span dir=\"auto\" style=\"vertical-align: inherit\"><span dir=\"auto\" style=\"vertical-align: inherit\"><\/p>\n<p>Ma\u00eetre Salvador JIM\u00c9NEZ RODR\u00cdGUEZ<\/p>\n<p>Avocat inscrit au Barreau de S\u00e9ville et sp\u00e9cialis\u00e9 dans les transactions immobili\u00e8res avec plus de<br \/>vingt ans d\u2019exp\u00e9rience dans l\u2019accompagnement et l\u2019assistance d\u2019investisseurs fran\u00e7ais francophones en Andalousie.<\/p>\n<p>s.jimenez@mhabogados.es<br \/>http:\/\/clik.la\/sjimenez<\/p>\n<p><\/span><\/span><\/p>\n","protected":false},"excerpt":{"rendered":"<p>Ma\u00eetre Salvador JIM\u00c9NEZ RODR\u00cdGUEZ Avocat inscrit au Barreau de S\u00e9ville et sp\u00e9cialis\u00e9 dans les transactions immobili\u00e8res avec plus devingt ans d\u2019exp\u00e9rience dans l\u2019accompagnement et l\u2019assistance d\u2019investisseurs fran\u00e7ais francophones en Andalousie. s.jimenez@mhabogados.eshttp:\/\/clik.la\/sjimenez<\/p>\n","protected":false},"author":13,"featured_media":24339,"comment_status":"open","ping_status":"closed","sticky":false,"template":"","format":"standard","meta":{"om_disable_all_campaigns":false,"_monsterinsights_skip_tracking":false,"_monsterinsights_sitenote_active":false,"_monsterinsights_sitenote_note":"","_monsterinsights_sitenote_category":0,"_uf_show_specific_survey":0,"_uf_disable_surveys":false,"footnotes":""},"categories":[4454],"tags":[],"class_list":["post-69120","post","type-post","status-publish","format-standard","has-post-thumbnail","hentry","category-prestataires"],"acf":[],"_links":{"self":[{"href":"https:\/\/immo.lecourrier.es\/index.php\/wp-json\/wp\/v2\/posts\/69120","targetHints":{"allow":["GET"]}}],"collection":[{"href":"https:\/\/immo.lecourrier.es\/index.php\/wp-json\/wp\/v2\/posts"}],"about":[{"href":"https:\/\/immo.lecourrier.es\/index.php\/wp-json\/wp\/v2\/types\/post"}],"author":[{"embeddable":true,"href":"https:\/\/immo.lecourrier.es\/index.php\/wp-json\/wp\/v2\/users\/13"}],"replies":[{"embeddable":true,"href":"https:\/\/immo.lecourrier.es\/index.php\/wp-json\/wp\/v2\/comments?post=69120"}],"version-history":[{"count":0,"href":"https:\/\/immo.lecourrier.es\/index.php\/wp-json\/wp\/v2\/posts\/69120\/revisions"}],"wp:featuredmedia":[{"embeddable":true,"href":"https:\/\/immo.lecourrier.es\/index.php\/wp-json\/wp\/v2\/media\/24339"}],"wp:attachment":[{"href":"https:\/\/immo.lecourrier.es\/index.php\/wp-json\/wp\/v2\/media?parent=69120"}],"wp:term":[{"taxonomy":"category","embeddable":true,"href":"https:\/\/immo.lecourrier.es\/index.php\/wp-json\/wp\/v2\/categories?post=69120"},{"taxonomy":"post_tag","embeddable":true,"href":"https:\/\/immo.lecourrier.es\/index.php\/wp-json\/wp\/v2\/tags?post=69120"}],"curies":[{"name":"wp","href":"https:\/\/api.w.org\/{rel}","templated":true}]}}