{"id":69012,"date":"2026-03-08T18:36:20","date_gmt":"2026-03-08T18:36:20","guid":{"rendered":"https:\/\/immo.lecourrier.es\/index.php\/2026\/03\/08\/agence-vivacosta-specialisee-dans-les-proprietes-de-haute-qualite-sur-la-costa-blanca-2\/"},"modified":"2026-04-25T02:04:14","modified_gmt":"2026-04-25T02:04:14","slug":"agence-vivacosta-specialisee-dans-les-proprietes-de-haute-qualite-sur-la-costa-blanca-2","status":"publish","type":"post","link":"https:\/\/immo.lecourrier.es\/index.php\/2026\/03\/08\/agence-vivacosta-specialisee-dans-les-proprietes-de-haute-qualite-sur-la-costa-blanca-2\/","title":{"rendered":"Agence VivaCosta: sp\u00e9cialis\u00e9e dans les propri\u00e9t\u00e9s de haute qualit\u00e9 sur la Costa Blanca"},"content":{"rendered":"<p><span dir=\"auto\" style=\"vertical-align: inherit\"><span dir=\"auto\" style=\"vertical-align: inherit\"><\/p>\n<p><em>Membre de l&#8217;API ASA-27 (Agence immobili\u00e8re agr\u00e9\u00e9e Espagnole)&nbsp;, <a href=\"https:\/\/vivacosta.es\/fr\/\">VivaCosta<\/a> d\u00e9j\u00e0 eu le privil\u00e8ge d&#8217;aider de nombreuses personnes \u00e0 r\u00e9aliser leur r\u00eave de venir vivre en Espagne. Lorsque vous d\u00e9marrez la recherche de la maison de vos r\u00eaves en Espagne, de nombreux \u00e9l\u00e9ments sont en effet \u00e0 prendre en consid\u00e9ration. C&#8217;est pourquoi nous vous guidons tout au long de ce processus. Nous nous chargeons des diff\u00e9rentes \u00e9tapes afin de vous \u00e9pargner d&#8217;inutiles tracasseries.<\/em><\/p>\n<p>Nous offrons un service privil\u00e9gi\u00e9 qui s&#8217;appuie sur une connaissance unique des propri\u00e9t\u00e9s haut de gamme de la Costa Blanca. En venant chez nous, vous profiterez d&#8217;un large \u00e9ventail de biens immobiliers, d\u00e9ploy\u00e9 \u00e0 travers un r\u00e9seau de tout premier ordre.<\/p>\n<p>Une approche de qualit\u00e9 qui vous accompagnera, depuis la phase de recherche du bien, jusqu\u2019\u00e0 la remise des cl\u00e9s. Notre expertise s&#8217;appuie sur un panel de promoteurs et de constructeurs dot\u00e9s d\u2019une exp\u00e9rience et d\u2019une r\u00e9putation sans \u00e9quivalent.<\/p>\n<figure class=\"wp-block-image size-large\"><img decoding=\"async\" src=\"https:\/\/immo.lecourrier.es\/wp-content\/uploads\/2024\/04\/o_1d5tmsirdvm9ksbmfb1o6r1gf8d-1024x221.jpg\"><\/figure>\n<p>A travers un service personnalis\u00e9, nous prenons l&#8217;engagement de vous satisfaire \u00e0 chaque \u00e9tape.<\/p>\n<p>En ce qui concerne le choix de la langue, nous serons toujours heureux de vous accompagner en espagnol, en fran\u00e7ais, en n\u00e9erlandais, alemand ou en anglais.<\/p>\n<p>Nous vous guiderons tout au long du processus: tout commence par un entretien t\u00e9l\u00e9phonique pr\u00e9alable et sans engagement. Le service personnalis\u00e9 \u00e9tant notre priorit\u00e9, nous travaillons toujours avec vous en vue de d\u00e9finir vos pr\u00e9f\u00e9rences. \u00c9couter attentivement vos souhaits nous permettra d&#8217;identifier la villa de vos r\u00eaves. Vous h\u00e9sitez quant au type de bien que vous recherchez?<\/p>\n<p>Faites de vos r\u00eaves une r\u00e9alit\u00e9 en nous permettant de vous guider, et prenez contact avec nous !<\/p>\n<figure class=\"wp-block-image size-large is-resized\"><img decoding=\"async\" src=\"https:\/\/immo.lecourrier.es\/wp-content\/uploads\/2024\/04\/Capture-decran-2023-04-27-a-10.45.55-1024x615.png\"><\/figure>\n<p>Faites de vos r\u00eaves une r\u00e9alit\u00e9 en nous permettant de vous guider, et prenez contact avec nous !<\/p>\n<div class=\"wp-block-image\">\n<figure class=\"alignleft size-full\"><img decoding=\"async\" src=\"https:\/\/immo.lecourrier.es\/wp-content\/uploads\/2024\/04\/unnamed-1-1.png\"><\/figure>\n<\/div>\n<p><strong>Andr\u00e9 Beckers <\/strong><br \/>CEO\/ Director <br \/>Specialist in Costa Blanca North<br \/><a href=\"tel:0034%20656%2032%0D%20%20%20%20%20%20%20%20%20%20%20%20%20%20%20%20%20%20%20%20%20%20%20%20%20%20%20%20%20%20%20%20%20%20%20%20%20%20%20%20%20%20%20%2091%2034\" target=\"_blank\" rel=\"noreferrer noopener\">0034 656 32 91 34<\/a>\u00a0<br \/>\u00a0<a href=\"mailto:a.beckers@vivacosta.es\" target=\"_blank\" rel=\"noreferrer noopener\">a.beckers@vivacosta.es<\/a><br \/><a href=\"https:\/\/vivacosta.es\">https:\/\/vivacosta.es<br \/><\/a>??????????<\/p>\n<figure class=\"wp-block-image size-full\"><a href=\"https:\/\/vivacosta.es\/fr\/\"><img decoding=\"async\" src=\"https:\/\/immo.lecourrier.es\/wp-content\/uploads\/2024\/04\/unnamed-2-1.jpg\"><\/a><\/figure>\n<p><\/span><\/span><\/p>\n","protected":false},"excerpt":{"rendered":"<p>Membre de l&#8217;API ASA-27 (Agence immobili\u00e8re agr\u00e9\u00e9e Espagnole)&nbsp;, VivaCosta d\u00e9j\u00e0 eu le privil\u00e8ge d&#8217;aider de nombreuses personnes \u00e0 r\u00e9aliser leur r\u00eave de venir vivre en Espagne. Lorsque vous d\u00e9marrez la recherche de la maison de vos r\u00eaves en Espagne, de nombreux \u00e9l\u00e9ments sont en effet \u00e0 prendre en consid\u00e9ration. C&#8217;est pourquoi nous vous guidons tout [&hellip;]<\/p>\n","protected":false},"author":13,"featured_media":24005,"comment_status":"open","ping_status":"closed","sticky":false,"template":"","format":"standard","meta":{"om_disable_all_campaigns":false,"_monsterinsights_skip_tracking":false,"_monsterinsights_sitenote_active":false,"_monsterinsights_sitenote_note":"","_monsterinsights_sitenote_category":0,"_uf_show_specific_survey":0,"_uf_disable_surveys":false,"footnotes":""},"categories":[4454],"tags":[],"class_list":["post-69012","post","type-post","status-publish","format-standard","has-post-thumbnail","hentry","category-prestataires"],"acf":[],"_links":{"self":[{"href":"https:\/\/immo.lecourrier.es\/index.php\/wp-json\/wp\/v2\/posts\/69012","targetHints":{"allow":["GET"]}}],"collection":[{"href":"https:\/\/immo.lecourrier.es\/index.php\/wp-json\/wp\/v2\/posts"}],"about":[{"href":"https:\/\/immo.lecourrier.es\/index.php\/wp-json\/wp\/v2\/types\/post"}],"author":[{"embeddable":true,"href":"https:\/\/immo.lecourrier.es\/index.php\/wp-json\/wp\/v2\/users\/13"}],"replies":[{"embeddable":true,"href":"https:\/\/immo.lecourrier.es\/index.php\/wp-json\/wp\/v2\/comments?post=69012"}],"version-history":[{"count":0,"href":"https:\/\/immo.lecourrier.es\/index.php\/wp-json\/wp\/v2\/posts\/69012\/revisions"}],"wp:featuredmedia":[{"embeddable":true,"href":"https:\/\/immo.lecourrier.es\/index.php\/wp-json\/wp\/v2\/media\/24005"}],"wp:attachment":[{"href":"https:\/\/immo.lecourrier.es\/index.php\/wp-json\/wp\/v2\/media?parent=69012"}],"wp:term":[{"taxonomy":"category","embeddable":true,"href":"https:\/\/immo.lecourrier.es\/index.php\/wp-json\/wp\/v2\/categories?post=69012"},{"taxonomy":"post_tag","embeddable":true,"href":"https:\/\/immo.lecourrier.es\/index.php\/wp-json\/wp\/v2\/tags?post=69012"}],"curies":[{"name":"wp","href":"https:\/\/api.w.org\/{rel}","templated":true}]}}