{"id":68970,"date":"2026-03-08T18:08:39","date_gmt":"2026-03-08T18:08:39","guid":{"rendered":"https:\/\/immo.lecourrier.es\/index.php\/2026\/03\/08\/panattoni-investit-90-millions-deuros-dans-une-plateforme-logistique-a-burgos-2\/"},"modified":"2026-04-25T01:38:50","modified_gmt":"2026-04-25T01:38:50","slug":"panattoni-investit-90-millions-deuros-dans-une-plateforme-logistique-a-burgos-2","status":"publish","type":"post","link":"https:\/\/immo.lecourrier.es\/index.php\/2026\/03\/08\/panattoni-investit-90-millions-deuros-dans-une-plateforme-logistique-a-burgos-2\/","title":{"rendered":"Panattoni investit 90 millions d&#8217;euros dans une plateforme logistique \u00e0 Burgos"},"content":{"rendered":"<p><span dir=\"auto\" style=\"vertical-align: inherit\"><span dir=\"auto\" style=\"vertical-align: inherit\"><\/p>\n<p><em>Le promoteur construira 131.000 m2 d&#8217;espace logistique, qui pourra \u00eatre divis\u00e9 en fonction des besoins de ses futurs locataires. Le projet sera r\u00e9alis\u00e9 en deux phases et la construction de la premi\u00e8re phase commencera imm\u00e9diatement.<\/em> <\/p>\n<p>Panattoni investit \u00e0 Miranda de Ebro (Burgos). La soci\u00e9t\u00e9 immobili\u00e8re am\u00e9ricaine a annonc\u00e9 aujourd&#8217;hui la construction d&#8217;une nouvelle plate-forme logistique d&#8217;une superficie locative brute d&#8217;environ 131.000 m2 dans la ville. <\/p>\n<p>Le projet, qui sera construit en 2 phases, comprendra 127.773 m2 d&#8217;entrep\u00f4ts et pr\u00e8s de 4.000 m2 de bureaux. Ce projet, dont la construction devrait d\u00e9buter cet \u00e9t\u00e9, repr\u00e9sente un investissement de plus de 90 millions d&#8217;euros. <\/p>\n<p><strong>Le projet initial sera construit sur un terrain de 284.779 m2 et consistera en 2 b\u00e2timents flexibles pouvant accueillir jusqu&#8217;\u00e0 8 locataires diff\u00e9rents<\/strong>, ainsi que des activit\u00e9s logistiques et industrielles. <\/p>\n<p>Compte tenu de la demande croissante d&#8217;installations logistiques XL, ce site permet <strong>\u00e9galement \u00e0 la soci\u00e9t\u00e9 de d\u00e9velopper un b\u00e2timent unique de 142.000 m2<\/strong>, reliant les 2 phases, qui pourrait \u00eatre l&#8217;un des centres de transport les plus strat\u00e9giques et les plus actifs de la p\u00e9ninsule ib\u00e9rique. <\/p>\n<p>Le &#8220;Panattoni Park Miranda de Ebro&#8221; aura une hauteur de stockage vertical libre de 11,5 m\u00e8tres, 156 quais de chargement et de d\u00e9chargement (72 dans la premi\u00e8re phase et 84 dans la deuxi\u00e8me phase de construction), 35 m\u00e8tres d&#8217;aire de man\u0153uvre pour les camions, 1.292 places de parking pour les voitures et 24 places de parking pour les camions.<\/p>\n<p><strong>Panattoni d\u00e9veloppera cet actif en raison de la p\u00e9nurie de grandes surfaces en Espagne et dans le sud de la France<\/strong><\/p>\n<p>Comme le souligne Panattoni,<strong> les r\u00e8gles d&#8217;urbanisme de Burgos permettent une certaine flexibilit\u00e9 en termes de taille, de forme, de constructibilit\u00e9 et de hauteur maximale<\/strong>, de sorte que &#8220;cela peut \u00eatre un actif tr\u00e8s appropri\u00e9 pour un investissement cl\u00e9 en main&#8221;. <\/p>\n<p>La construction de ce nouveau projet Panattoni r\u00e9pond \u00e0 la forte demande et \u00e0 la faible offre d&#8217;installations logistiques dans les zones voisines, tant en Espagne qu&#8217;en France, suscitant l&#8217;int\u00e9r\u00eat des d\u00e9taillants et des hommes d&#8217;affaires galiciens qui choisissent de s&#8217;installer dans ces zones frontali\u00e8res, selon un communiqu\u00e9 de l&#8217;entreprise. <\/p>\n<p>En ce sens, le projet b\u00e9n\u00e9ficie d&#8217;une situation enviable, \u00e9tant donn\u00e9 sa proximit\u00e9 avec plusieurs provinces de Castille et L\u00e9on, La Rioja, la Communaut\u00e9 de Madrid, le Pays basque et la fronti\u00e8re fran\u00e7aise. Le terrain se trouve \u00e0 seulement 5 kilom\u00e8tres de l&#8217;autoroute A68, qui relie Saragosse et Bilbao, et \u00e0 8 kilom\u00e8tres de l&#8217;autoroute A1, qui relie Madrid \u00e0 la France en passant par le Pays basque. En outre, cet endroit est tr\u00e8s bien desservi par les transports ferroviaires.<\/p>\n<figure class=\"wp-block-image size-large\"><a href=\"https:\/\/www.opea.io\/\"><img decoding=\"async\" src=\"https:\/\/immo.lecourrier.es\/wp-content\/uploads\/2026\/03\/image-25-2-1024x105.jpg\"><\/a><\/figure>\n<\/p>\n<p><\/span><\/span><\/p>\n","protected":false},"excerpt":{"rendered":"<p>Le promoteur construira 131.000 m2 d&#8217;espace logistique, qui pourra \u00eatre divis\u00e9 en fonction des besoins de ses futurs locataires. Le projet sera r\u00e9alis\u00e9 en deux phases et la construction de la premi\u00e8re phase commencera imm\u00e9diatement. Panattoni investit \u00e0 Miranda de Ebro (Burgos). La soci\u00e9t\u00e9 immobili\u00e8re am\u00e9ricaine a annonc\u00e9 aujourd&#8217;hui la construction d&#8217;une nouvelle plate-forme logistique [&hellip;]<\/p>\n","protected":false},"author":13,"featured_media":23892,"comment_status":"open","ping_status":"closed","sticky":false,"template":"","format":"standard","meta":{"om_disable_all_campaigns":false,"_monsterinsights_skip_tracking":false,"_monsterinsights_sitenote_active":false,"_monsterinsights_sitenote_note":"","_monsterinsights_sitenote_category":0,"_uf_show_specific_survey":0,"_uf_disable_surveys":false,"footnotes":""},"categories":[212,234],"tags":[],"class_list":["post-68970","post","type-post","status-publish","format-standard","has-post-thumbnail","hentry","category-breaking-news","category-logistique-retail"],"acf":[],"_links":{"self":[{"href":"https:\/\/immo.lecourrier.es\/index.php\/wp-json\/wp\/v2\/posts\/68970","targetHints":{"allow":["GET"]}}],"collection":[{"href":"https:\/\/immo.lecourrier.es\/index.php\/wp-json\/wp\/v2\/posts"}],"about":[{"href":"https:\/\/immo.lecourrier.es\/index.php\/wp-json\/wp\/v2\/types\/post"}],"author":[{"embeddable":true,"href":"https:\/\/immo.lecourrier.es\/index.php\/wp-json\/wp\/v2\/users\/13"}],"replies":[{"embeddable":true,"href":"https:\/\/immo.lecourrier.es\/index.php\/wp-json\/wp\/v2\/comments?post=68970"}],"version-history":[{"count":0,"href":"https:\/\/immo.lecourrier.es\/index.php\/wp-json\/wp\/v2\/posts\/68970\/revisions"}],"wp:featuredmedia":[{"embeddable":true,"href":"https:\/\/immo.lecourrier.es\/index.php\/wp-json\/wp\/v2\/media\/23892"}],"wp:attachment":[{"href":"https:\/\/immo.lecourrier.es\/index.php\/wp-json\/wp\/v2\/media?parent=68970"}],"wp:term":[{"taxonomy":"category","embeddable":true,"href":"https:\/\/immo.lecourrier.es\/index.php\/wp-json\/wp\/v2\/categories?post=68970"},{"taxonomy":"post_tag","embeddable":true,"href":"https:\/\/immo.lecourrier.es\/index.php\/wp-json\/wp\/v2\/tags?post=68970"}],"curies":[{"name":"wp","href":"https:\/\/api.w.org\/{rel}","templated":true}]}}