{"id":68967,"date":"2026-03-08T18:08:24","date_gmt":"2026-03-08T18:08:24","guid":{"rendered":"https:\/\/immo.lecourrier.es\/index.php\/2026\/03\/08\/le-commerce-electronique-cede-le-trone-des-contrats-logistiques-en-espagne-2\/"},"modified":"2026-04-25T01:38:47","modified_gmt":"2026-04-25T01:38:47","slug":"le-commerce-electronique-cede-le-trone-des-contrats-logistiques-en-espagne-2","status":"publish","type":"post","link":"https:\/\/immo.lecourrier.es\/index.php\/2026\/03\/08\/le-commerce-electronique-cede-le-trone-des-contrats-logistiques-en-espagne-2\/","title":{"rendered":"Le commerce \u00e9lectronique c\u00e8de le tr\u00f4ne des contrats logistiques en Espagne"},"content":{"rendered":"<p><span dir=\"auto\" style=\"vertical-align: inherit\"><span dir=\"auto\" style=\"vertical-align: inherit\"><\/p>\n<p><em>Les op\u00e9rateurs de commerce \u00e9lectronique ont \u00e0 peine d\u00e9pass\u00e9 5% de l&#8217;espace contract\u00e9 sur les grands march\u00e9s de Madrid et de Barcelone. La grande logistique, qui s\u00e9curise les cha\u00eenes d&#8217;approvisionnement, est en t\u00eate avec 49% du total.<\/em> <\/p>\n<p>Le commerce \u00e9lectronique loue moins. Les op\u00e9rateurs de commerce \u00e9lectronique ont perdu leur position de leader en termes de prises de commandes dans la plupart des pays europ\u00e9ens l&#8217;ann\u00e9e derni\u00e8re, les taux de p\u00e9n\u00e9tration s&#8217;\u00e9tant stabilis\u00e9s apr\u00e8s le boom de Covid-19, selon les donn\u00e9es fournies par JLL.<\/p>\n<p>Sur les march\u00e9s de Madrid et de Barcelone, l&#8217;embauche par les op\u00e9rateurs de commerce \u00e9lectronique d\u00e9passe \u00e0 peine 5%, alors qu&#8217;elle \u00e9tait sup\u00e9rieure \u00e0 20% les deux ann\u00e9es pr\u00e9c\u00e9dentes. En fait, <strong>la surface lou\u00e9e d&#8217;entrep\u00f4ts logistiques par le commerce \u00e9lectronique a chut\u00e9 de 84% l&#8217;ann\u00e9e derni\u00e8re<\/strong>.<\/p>\n<p>Les op\u00e9rateurs logistiques sont d\u00e9sormais les leaders en termes de contrats sur les march\u00e9s de Madrid et de Barcelone, repr\u00e9sentant pr\u00e8s de la moiti\u00e9 (49%) de l&#8217;espace contract\u00e9 l&#8217;ann\u00e9e derni\u00e8re, favoris\u00e9s en partie par la r\u00e9duction des risques dans les cha\u00eenes d&#8217;approvisionnement \u00e0 l&#8217;\u00e9chelle mondiale.<\/p>\n<p>Le <strong>secteur du commerce de d\u00e9tail s&#8217;est \u00e9galement positionn\u00e9 comme un autre acteur cl\u00e9 de la demande logistique<\/strong>, enregistrant le volume de contrats le plus \u00e9lev\u00e9 depuis 2017. Ainsi, le commerce de d\u00e9tail a absorb\u00e9 43% de l&#8217;espace lou\u00e9 en 2022.<\/p>\n<p><strong>Le commerce de d\u00e9tail a augment\u00e9 son activit\u00e9 l&#8217;ann\u00e9e derni\u00e8re et a repr\u00e9sent\u00e9 43% des entrep\u00f4ts logistiques lou\u00e9s<br \/><\/strong><br \/>Parmi les entreprises de d\u00e9tail, celles sp\u00e9cialis\u00e9es dans le secteur alimentaire se distinguent, pouss\u00e9es par l&#8217;essor de cette activit\u00e9 au cours des 3 derni\u00e8res ann\u00e9es, dans le but d&#8217;am\u00e9liorer l&#8217;efficacit\u00e9 de la cha\u00eene d&#8217;approvisionnement. <\/p>\n<p>C&#8217;est le cas, selon le rapport de JLL, d&#8217;entreprises telles que Consum, Lidl, Covir\u00e1n, Dia et El Corte Ingl\u00e9s qui, au cours de l&#8217;ann\u00e9e \u00e9coul\u00e9e, ont sign\u00e9 de nouveaux contrats de location ou se sont concentr\u00e9es sur l&#8217;achat de terrains pour d\u00e9velopper de nouveaux produits logistiques de qualit\u00e9.<\/p>\n<p>Sur le march\u00e9 madril\u00e8ne, <strong>la baisse des contrats de premi\u00e8re couronne par rapport \u00e0 l&#8217;ann\u00e9e pr\u00e9c\u00e9dente (ils ont absorb\u00e9 20% de l&#8217;espace lou\u00e9, contre 40% en 2021) est pr\u00e9cis\u00e9ment due \u00e0 une activit\u00e9 plus mod\u00e9r\u00e9e des op\u00e9rateurs de commerce \u00e9lectronique<\/strong> en raison de l&#8217;incertitude \u00e9conomique, de l&#8217;augmentation des co\u00fbts de distribution et du ralentissement de la consommation, en particulier dans le commerce en ligne au profit de la boutique physique<\/p>\n<p><strong>Les d\u00e9taillants en alimentation sont particuli\u00e8rement actifs dans la recherche d&#8217;espaces plus efficaces<br \/><\/strong><br \/>Sur le march\u00e9 catalan, la faible disponibilit\u00e9 en premi\u00e8re couronne et dans les zones p\u00e9riph\u00e9riques proches de Barcelone a entra\u00een\u00e9 une r\u00e9duction de la demande dans ces zones par rapport \u00e0 l&#8217;ann\u00e9e pr\u00e9c\u00e9dente, ce qui a pouss\u00e9 les locataires \u00e0 prendre de l&#8217;espace en deuxi\u00e8me couronne. <\/p>\n<p><strong>Dans l&#8217;ensemble de l&#8217;Europe, la tendance \u00e0 un moindre dynamisme de la part des op\u00e9rateurs de commerce \u00e9lectronique se manifeste \u00e9galement<\/strong>. L&#8217;ann\u00e9e derni\u00e8re, les op\u00e9rateurs logistiques ont absorb\u00e9 48% de l&#8217;espace lou\u00e9, suivis par les groupes de d\u00e9tail ou de distribution (25%) et les entreprises manufacturi\u00e8res (16%). Les op\u00e9rateurs de commerce \u00e9lectronique, quant \u00e0 eux, ont r\u00e9duit la location d&#8217;espace de 59% par rapport \u00e0 2021 et n&#8217;ont sign\u00e9 que 11% de l&#8217;espace contract\u00e9 en 2022, selon JLL.<\/p>\n<figure class=\"wp-block-image size-large is-resized\"><a href=\"https:\/\/www.opea.io\/\"><img decoding=\"async\" src=\"https:\/\/immo.lecourrier.es\/wp-content\/uploads\/2026\/03\/image-26-1-1024x105.png\"><\/a><\/figure>\n<\/p>\n<p><\/span><\/span><\/p>\n","protected":false},"excerpt":{"rendered":"<p>Les op\u00e9rateurs de commerce \u00e9lectronique ont \u00e0 peine d\u00e9pass\u00e9 5% de l&#8217;espace contract\u00e9 sur les grands march\u00e9s de Madrid et de Barcelone. La grande logistique, qui s\u00e9curise les cha\u00eenes d&#8217;approvisionnement, est en t\u00eate avec 49% du total. Le commerce \u00e9lectronique loue moins. Les op\u00e9rateurs de commerce \u00e9lectronique ont perdu leur position de leader en termes [&hellip;]<\/p>\n","protected":false},"author":13,"featured_media":23884,"comment_status":"open","ping_status":"closed","sticky":false,"template":"","format":"standard","meta":{"om_disable_all_campaigns":false,"_monsterinsights_skip_tracking":false,"_monsterinsights_sitenote_active":false,"_monsterinsights_sitenote_note":"","_monsterinsights_sitenote_category":0,"_uf_show_specific_survey":0,"_uf_disable_surveys":false,"footnotes":""},"categories":[212,234],"tags":[],"class_list":["post-68967","post","type-post","status-publish","format-standard","has-post-thumbnail","hentry","category-breaking-news","category-logistique-retail"],"acf":[],"_links":{"self":[{"href":"https:\/\/immo.lecourrier.es\/index.php\/wp-json\/wp\/v2\/posts\/68967","targetHints":{"allow":["GET"]}}],"collection":[{"href":"https:\/\/immo.lecourrier.es\/index.php\/wp-json\/wp\/v2\/posts"}],"about":[{"href":"https:\/\/immo.lecourrier.es\/index.php\/wp-json\/wp\/v2\/types\/post"}],"author":[{"embeddable":true,"href":"https:\/\/immo.lecourrier.es\/index.php\/wp-json\/wp\/v2\/users\/13"}],"replies":[{"embeddable":true,"href":"https:\/\/immo.lecourrier.es\/index.php\/wp-json\/wp\/v2\/comments?post=68967"}],"version-history":[{"count":0,"href":"https:\/\/immo.lecourrier.es\/index.php\/wp-json\/wp\/v2\/posts\/68967\/revisions"}],"wp:featuredmedia":[{"embeddable":true,"href":"https:\/\/immo.lecourrier.es\/index.php\/wp-json\/wp\/v2\/media\/23884"}],"wp:attachment":[{"href":"https:\/\/immo.lecourrier.es\/index.php\/wp-json\/wp\/v2\/media?parent=68967"}],"wp:term":[{"taxonomy":"category","embeddable":true,"href":"https:\/\/immo.lecourrier.es\/index.php\/wp-json\/wp\/v2\/categories?post=68967"},{"taxonomy":"post_tag","embeddable":true,"href":"https:\/\/immo.lecourrier.es\/index.php\/wp-json\/wp\/v2\/tags?post=68967"}],"curies":[{"name":"wp","href":"https:\/\/api.w.org\/{rel}","templated":true}]}}