{"id":68966,"date":"2026-03-08T18:05:51","date_gmt":"2026-03-08T18:05:51","guid":{"rendered":"https:\/\/immo.lecourrier.es\/index.php\/2026\/03\/08\/la-catalogne-expropriera-les-logements-vides-des-proprietaires-de-5-logements-ou-plus-sils-ne-les-mettent-pas-en-location-sociale-2\/"},"modified":"2026-04-25T01:33:09","modified_gmt":"2026-04-25T01:33:09","slug":"la-catalogne-expropriera-les-logements-vides-des-proprietaires-de-5-logements-ou-plus-sils-ne-les-mettent-pas-en-location-sociale-2","status":"publish","type":"post","link":"https:\/\/immo.lecourrier.es\/index.php\/2026\/03\/08\/la-catalogne-expropriera-les-logements-vides-des-proprietaires-de-5-logements-ou-plus-sils-ne-les-mettent-pas-en-location-sociale-2\/","title":{"rendered":"La Catalogne expropriera les logements vides des propri\u00e9taires de 5 logements ou plus s&#8217;ils ne les mettent pas en location sociale"},"content":{"rendered":"<p><span dir=\"auto\" style=\"vertical-align: inherit\"><span dir=\"auto\" style=\"vertical-align: inherit\"><\/p>\n<p>Le gouvernement de Catalogne a approuv\u00e9 un d\u00e9cret visant \u00e0 <strong>exproprier les logements vides, s&#8217;ils ne sont pas destin\u00e9s \u00e0 la location sociale<\/strong>, appartenant \u00e0 de grands propri\u00e9taires, c&#8217;est-\u00e0-dire \u00e0 des particuliers ou \u00e0 des entreprises qui <strong>poss\u00e8dent 5 logements ou plus<\/strong>, comme le pr\u00e9voit la nouvelle loi sur le logement. L&#8217;objectif est d&#8217;exproprier entre 50 et 70 logements vides dans 14 municipalit\u00e9s d\u00e9clar\u00e9es comme des zones \u00e0 forte demande de logements, afin de les destiner \u00e0 la location sociale, selon le ministre du territoire de la Generalitat, Juli Fern\u00e1ndez. Les premi\u00e8res expropriations auront lieu au d\u00e9but de l&#8217;ann\u00e9e 2024.<\/p>\n<p>Dans la premi\u00e8re phase, les travaux seront r\u00e9alis\u00e9s dans 14 municipalit\u00e9s : Cornell\u00e0 de Llobregat, Matar\u00f3, Mollet del Vall\u00e8s, Rub\u00ed, Vic, Viladecans, Vilanova i la Geltr\u00fa (Barcelone), Figueres, Lloret de Mar, Salt (G\u00e9rone), Reus, Roda de Ber\u00e0, Tarragona et Valls (Tarragone).<\/p>\n<p>Cette mesure sera promue sur la base de la loi 1\/2022 de la Generalitat : &#8220;Le gouvernement utilise tous les outils \u00e0 sa disposition pour r\u00e9pondre aux familles en situation de vuln\u00e9rabilit\u00e9 qui n&#8217;ont pas de r\u00e9ponse. L&#8217;objectif est que les gens vivent dans des appartements vides&#8221;, a soulign\u00e9 M. Fern\u00e1ndez.<\/p>\n<p>Il s&#8217;agit d&#8217;un d\u00e9cret qui \u00e9tablira que les propri\u00e9taires mettent des appartements sur le march\u00e9 de la location sociale et que davantage de municipalit\u00e9s signent des accords avec la Generalitat afin d&#8217;augmenter le nombre d&#8217;appartements sur le march\u00e9.<\/p>\n<p>Selon M. Fern\u00e1ndez, 189 appartements r\u00e9pondant aux crit\u00e8res ont d\u00e9j\u00e0 \u00e9t\u00e9 d\u00e9tect\u00e9s et la plupart d&#8217;entre eux appartiennent \u00e0 de grands propri\u00e9taires. Rappelons que dans la nouvelle loi sur le logement, un grand propri\u00e9taire est une personne ou une soci\u00e9t\u00e9 qui poss\u00e8de 5 propri\u00e9t\u00e9s ou plus. Les particuliers peuvent \u00e9galement \u00eatre concern\u00e9s si le logement est inscrit au registre des logements vides de Catalogne ou s&#8217;il remplit les conditions requises pour l&#8217;\u00eatre.<\/p>\n<p>La Generalitat consacrera 5 millions d&#8217;euros \u00e0 l&#8217;expropriation (qu&#8217;un accord soit conclu ou non avec le propri\u00e9taire), montant qui pourra \u00eatre augment\u00e9 \u00e0 l&#8217;avenir si des accords sont conclus avec un plus grand nombre de municipalit\u00e9s.<\/p>\n<p><strong>Comment fonctionne le d\u00e9cret sur l&#8217;expropriation des appartements vides ?<br \/><\/strong><br \/>Le d\u00e9cret permettra \u00e0 la Catalogne de lancer l&#8217;expropriation d&#8217;appartements vides pour non-respect de la fonction sociale du logement. Comment ? Sur la base d&#8217;inspections r\u00e9centes qui prouvent qu&#8217;il y a des appartements vides depuis plus de 2 ans sans raison valable. Et le squat ill\u00e9gal n&#8217;est pas pris en compte.<\/p>\n<p>Le propri\u00e9taire disposera d&#8217;1 mois pour prouver que le bien est occup\u00e9 ou en cours d&#8217;occupation, et s&#8217;il ne peut pas le prouver, une p\u00e9riode de 3 mois sera ouverte pour parvenir \u00e0 un accord d&#8217;achat avec la Generalitat. Si aucun accord n&#8217;est trouv\u00e9, le gouvernement catalan pourra proc\u00e9der \u00e0 une expropriation d&#8217;urgence, ce qui lui permettra d&#8217;obtenir la propri\u00e9t\u00e9 du bien sans avoir \u00e0 trouver d&#8217;abord un accord sur le prix.<\/p>\n<p>D\u00e9but 2024, les premiers appartements seront disponibles et seront aux mains d&#8217;Incas\u00f2l. Ils seront g\u00e9r\u00e9s par l&#8217;Agence de l&#8217;habitat de Catalogne, qui les attribuera \u00e0 des familles vuln\u00e9rables.<\/p>\n<p><strong>Expropriation obligatoire pour augmenter le parc locatif social<br \/><\/strong><br \/>La loi 1\/2022 \u00e9tablit que la Generalitat ou les autorit\u00e9s locales peuvent exproprier pour non-respect de la fonction sociale du droit de propri\u00e9t\u00e9, ce qui se produit lorsqu&#8217;un logement reste inoccup\u00e9 de fa\u00e7on permanente et injustifi\u00e9e pendant plus de 2 ans.<\/p>\n<p>L&#8217;expropriation ne peut avoir pour but que d&#8217;augmenter le parc de logements sociaux locatifs destin\u00e9s aux personnes en risque d&#8217;exclusion sociale r\u00e9sidentielle ou risquant de se trouver dans une telle situation. Il doit s&#8217;agir de <strong>logements situ\u00e9s dans des zones de demande r\u00e9sidentielle forte<\/strong> et attest\u00e9e (jusqu&#8217;\u00e0 l&#8217;approbation du plan sectoriel territorial du logement, les 234 communes d\u00e9finies comme zones de demande r\u00e9sidentielle forte et attest\u00e9e sont celles \u00e9num\u00e9r\u00e9es dans l&#8217;annexe de la loi 4\/2016) et qui sont inscrits au registre des logements vides et des logements occup\u00e9s sans titre de propri\u00e9t\u00e9 ou appartenant \u00e0 des personnes morales qui les ont acquis dans le cadre d&#8217;une premi\u00e8re cession ou d&#8217;une cession ult\u00e9rieure \u00e0 des propri\u00e9taires de logements inscrits.<\/p>\n<p>Le registre inclut les logements acquis dans le cadre d&#8217;une proc\u00e9dure de saisie ou par dation en paiement d&#8217;une dette qui ne sont pas l\u00e9galement occup\u00e9s et des personnes morales priv\u00e9es qui sont au ch\u00f4mage de fa\u00e7on permanente depuis plus de 2 ans.<\/p>\n<p><\/span><\/span><\/p>\n","protected":false},"excerpt":{"rendered":"<p>Le gouvernement de Catalogne a approuv\u00e9 un d\u00e9cret visant \u00e0 exproprier les logements vides, s&#8217;ils ne sont pas destin\u00e9s \u00e0 la location sociale, appartenant \u00e0 de grands propri\u00e9taires, c&#8217;est-\u00e0-dire \u00e0 des particuliers ou \u00e0 des entreprises qui poss\u00e8dent 5 logements ou plus, comme le pr\u00e9voit la nouvelle loi sur le logement. L&#8217;objectif est d&#8217;exproprier entre [&hellip;]<\/p>\n","protected":false},"author":13,"featured_media":23880,"comment_status":"open","ping_status":"closed","sticky":false,"template":"","format":"standard","meta":{"om_disable_all_campaigns":false,"_monsterinsights_skip_tracking":false,"_monsterinsights_sitenote_active":false,"_monsterinsights_sitenote_note":"","_monsterinsights_sitenote_category":0,"_uf_show_specific_survey":0,"_uf_disable_surveys":false,"footnotes":""},"categories":[212,4508],"tags":[],"class_list":["post-68966","post","type-post","status-publish","format-standard","has-post-thumbnail","hentry","category-breaking-news","category-mag-blogs-communaute"],"acf":[],"_links":{"self":[{"href":"https:\/\/immo.lecourrier.es\/index.php\/wp-json\/wp\/v2\/posts\/68966","targetHints":{"allow":["GET"]}}],"collection":[{"href":"https:\/\/immo.lecourrier.es\/index.php\/wp-json\/wp\/v2\/posts"}],"about":[{"href":"https:\/\/immo.lecourrier.es\/index.php\/wp-json\/wp\/v2\/types\/post"}],"author":[{"embeddable":true,"href":"https:\/\/immo.lecourrier.es\/index.php\/wp-json\/wp\/v2\/users\/13"}],"replies":[{"embeddable":true,"href":"https:\/\/immo.lecourrier.es\/index.php\/wp-json\/wp\/v2\/comments?post=68966"}],"version-history":[{"count":0,"href":"https:\/\/immo.lecourrier.es\/index.php\/wp-json\/wp\/v2\/posts\/68966\/revisions"}],"wp:featuredmedia":[{"embeddable":true,"href":"https:\/\/immo.lecourrier.es\/index.php\/wp-json\/wp\/v2\/media\/23880"}],"wp:attachment":[{"href":"https:\/\/immo.lecourrier.es\/index.php\/wp-json\/wp\/v2\/media?parent=68966"}],"wp:term":[{"taxonomy":"category","embeddable":true,"href":"https:\/\/immo.lecourrier.es\/index.php\/wp-json\/wp\/v2\/categories?post=68966"},{"taxonomy":"post_tag","embeddable":true,"href":"https:\/\/immo.lecourrier.es\/index.php\/wp-json\/wp\/v2\/tags?post=68966"}],"curies":[{"name":"wp","href":"https:\/\/api.w.org\/{rel}","templated":true}]}}