{"id":68960,"date":"2026-03-08T18:05:15","date_gmt":"2026-03-08T18:05:15","guid":{"rendered":"https:\/\/immo.lecourrier.es\/index.php\/2026\/03\/08\/palmeras-immo-agence-immobiliere-sur-la-costa-dorada-2\/"},"modified":"2026-04-25T01:33:04","modified_gmt":"2026-04-25T01:33:04","slug":"palmeras-immo-agence-immobiliere-sur-la-costa-dorada-2","status":"publish","type":"post","link":"https:\/\/immo.lecourrier.es\/index.php\/2026\/03\/08\/palmeras-immo-agence-immobiliere-sur-la-costa-dorada-2\/","title":{"rendered":"PALMERAS IMMO: agence immobili\u00e8re sur la Costa Dorada"},"content":{"rendered":"<p><span dir=\"auto\" style=\"vertical-align: inherit\"><span dir=\"auto\" style=\"vertical-align: inherit\"><\/p>\n<p>Cr\u00e9\u00e9e en 2017, l\u2019agence <a href=\"https:\/\/www.palmerasimmo.com\/fr\">PALMERAS IMMO<\/a> vous accompagne en mettant \u00e0 votre disposition une \u00e9quipe de professionnels comp\u00e9tents.<\/p>\n<p>Bas\u00e9s \u00e0 Miami Platja, nous pla\u00e7ons l\u2019humain au c\u0153ur de nos priorit\u00e9s et assurons un accompagnement personnalis\u00e9 pour chacun de nos clients, avec dynamisme et int\u00e9grit\u00e9.<\/p>\n<figure class=\"wp-block-embed is-type-video is-provider-youtube wp-block-embed-youtube wp-embed-aspect-16-9 wp-has-aspect-ratio\">\n<div class=\"wp-block-embed__wrapper\">\n<\/div>\n<\/figure>\n<p><strong>PORTEFEUILLE DE PROPRI\u00c9T\u00c9S<\/strong><\/p>\n<ul class=\"wp-block-list\">\n<li>Propri\u00e9t\u00e9s en construction<\/li>\n<li>Vente de propri\u00e9t\u00e9s \u00e0 \u00e9trenner et r\u00e9nov\u00e9es<\/li>\n<li>Propri\u00e9t\u00e9s \u00e0 louer pour longue dur\u00e9e<\/li>\n<li>Appartements, maisons, pavillons et villas \u00e1 louer pour vacances<\/li>\n<li>Tourisme rurale, (location de maisons de campagne)<\/li>\n<li>Logements de luxe \u00e0 vendre ou \u00e0 louer.<\/li>\n<li>Investissements immobiliers dans notre zone<\/li>\n<\/ul>\n<figure class=\"wp-block-image size-large\"><img decoding=\"async\" src=\"https:\/\/immo.lecourrier.es\/wp-content\/uploads\/2024\/04\/Capture-decran-2023-05-10-a-11.43.50-1024x437.png\"><\/figure>\n<figure class=\"wp-block-image size-large\"><img decoding=\"async\" src=\"https:\/\/immo.lecourrier.es\/wp-content\/uploads\/2024\/04\/Capture-decran-2023-05-10-a-11.44.16-1024x356.png\"><\/figure>\n<p>Que vous soyez \u00e0 la recherche d\u2019une location agr\u00e9able pour votre s\u00e9jour sur la Costa Daurada, ou sur un projet d\u2019achat, vente ou location de votre bien, nous sommes \u00e0 votre \u00e9coute pour vous conseiller et vous accompagner dans toutes vos d\u00e9marches.<\/p>\n<p>N\u2019h\u00e9sitez pas \u00e0 nous contacter ou venir nous rencontrer \u00e0 l\u2019agence pour d\u00e9marrer votre projet avec nous.<\/p>\n<p>Avenida Barcelona, 14<br \/>Local 18<br \/>43892 Mont-roig del Camp (Tarragona)&nbsp;<br \/><a href=\"tel:+34 658309369\">+34 658309369<\/a>&nbsp;|&nbsp;&nbsp;<a href=\"tel:+34 877074099\">+34 877074099<\/a><br \/><a href=\"mailto:info@palmerasimmo.com\">info@palmerasimmo.com<\/a><br \/><a href=\"https:\/\/www.palmerasimmo.com\/fr\">https:\/\/www.palmerasimmo.com\/fr<\/a><\/p>\n<\/p>\n<figure class=\"wp-block-image size-large is-resized\"><a href=\"https:\/\/www.palmerasimmo.com\/fr\"><img decoding=\"async\" src=\"https:\/\/immo.lecourrier.es\/wp-content\/uploads\/2024\/04\/logo_header_183_660-1-1024x444.png\"><\/a><\/figure>\n<p><\/span><\/span><\/p>\n","protected":false},"excerpt":{"rendered":"<p>Cr\u00e9\u00e9e en 2017, l\u2019agence PALMERAS IMMO vous accompagne en mettant \u00e0 votre disposition une \u00e9quipe de professionnels comp\u00e9tents. Bas\u00e9s \u00e0 Miami Platja, nous pla\u00e7ons l\u2019humain au c\u0153ur de nos priorit\u00e9s et assurons un accompagnement personnalis\u00e9 pour chacun de nos clients, avec dynamisme et int\u00e9grit\u00e9. PORTEFEUILLE DE PROPRI\u00c9T\u00c9S Propri\u00e9t\u00e9s en construction Vente de propri\u00e9t\u00e9s \u00e0 \u00e9trenner [&hellip;]<\/p>\n","protected":false},"author":13,"featured_media":68961,"comment_status":"open","ping_status":"closed","sticky":false,"template":"","format":"standard","meta":{"om_disable_all_campaigns":false,"_monsterinsights_skip_tracking":false,"_monsterinsights_sitenote_active":false,"_monsterinsights_sitenote_note":"","_monsterinsights_sitenote_category":0,"_uf_show_specific_survey":0,"_uf_disable_surveys":false,"footnotes":""},"categories":[4454],"tags":[],"class_list":["post-68960","post","type-post","status-publish","format-standard","has-post-thumbnail","hentry","category-prestataires"],"acf":[],"_links":{"self":[{"href":"https:\/\/immo.lecourrier.es\/index.php\/wp-json\/wp\/v2\/posts\/68960","targetHints":{"allow":["GET"]}}],"collection":[{"href":"https:\/\/immo.lecourrier.es\/index.php\/wp-json\/wp\/v2\/posts"}],"about":[{"href":"https:\/\/immo.lecourrier.es\/index.php\/wp-json\/wp\/v2\/types\/post"}],"author":[{"embeddable":true,"href":"https:\/\/immo.lecourrier.es\/index.php\/wp-json\/wp\/v2\/users\/13"}],"replies":[{"embeddable":true,"href":"https:\/\/immo.lecourrier.es\/index.php\/wp-json\/wp\/v2\/comments?post=68960"}],"version-history":[{"count":0,"href":"https:\/\/immo.lecourrier.es\/index.php\/wp-json\/wp\/v2\/posts\/68960\/revisions"}],"wp:featuredmedia":[{"embeddable":true,"href":"https:\/\/immo.lecourrier.es\/index.php\/wp-json\/wp\/v2\/media\/68961"}],"wp:attachment":[{"href":"https:\/\/immo.lecourrier.es\/index.php\/wp-json\/wp\/v2\/media?parent=68960"}],"wp:term":[{"taxonomy":"category","embeddable":true,"href":"https:\/\/immo.lecourrier.es\/index.php\/wp-json\/wp\/v2\/categories?post=68960"},{"taxonomy":"post_tag","embeddable":true,"href":"https:\/\/immo.lecourrier.es\/index.php\/wp-json\/wp\/v2\/tags?post=68960"}],"curies":[{"name":"wp","href":"https:\/\/api.w.org\/{rel}","templated":true}]}}