{"id":68955,"date":"2026-03-08T18:00:17","date_gmt":"2026-03-08T18:00:17","guid":{"rendered":"https:\/\/immo.lecourrier.es\/index.php\/2026\/03\/08\/eb-inmo-spain-agence-immobiliere-francophone-a-alicante-et-sa-region-2\/"},"modified":"2026-04-25T01:29:24","modified_gmt":"2026-04-25T01:29:24","slug":"eb-inmo-spain-agence-immobiliere-francophone-a-alicante-et-sa-region-2","status":"publish","type":"post","link":"https:\/\/immo.lecourrier.es\/index.php\/2026\/03\/08\/eb-inmo-spain-agence-immobiliere-francophone-a-alicante-et-sa-region-2\/","title":{"rendered":"EB INMO SPAIN: agence immobili\u00e8re francophone \u00e0 Alicante et sa r\u00e9gion"},"content":{"rendered":"<p><span dir=\"auto\" style=\"vertical-align: inherit\"><span dir=\"auto\" style=\"vertical-align: inherit\"><\/p>\n<p><a href=\"https:\/\/www.ebinmospain.com\/fr\/\">EB INMO SPAIN <\/a>est une marque de confiance \u00e0 votre service et une entreprise de prestige reconnue dans le secteur immobilier de la Costa Blanca en Espagne.<\/p>\n<p>Nous sommes \u00e0 votre disposition, car nous prenons le temps d&#8217;analyser vos besoins et d&#8217;y r\u00e9pondre. Nous ne travaillons pas seulement pour nous.<\/p>\n<p>Nous travaillons principalement pour vous et nous mettons toute notre \u00e9nergie dans la transparence parce que nous voulons nous engager sinc\u00e8rement.&nbsp;<\/p>\n<p>Nous vous proposons une large gamme d&#8217;options immobili\u00e8res et de services que nous proposons pour faciliter l&#8217;acquisition de votre maison.&nbsp;<\/p>\n<figure class=\"wp-block-image size-large\"><img decoding=\"async\" src=\"https:\/\/immo.lecourrier.es\/wp-content\/uploads\/2024\/04\/Capture-decran-2023-05-09-a-12.15.18-1-1024x481.png\"><\/figure>\n<p>Nous travaillons dans des conditions tr\u00e8s comp\u00e9titives et de la plus haute qualit\u00e9, soutenues par une \u00e9quipe qui se caract\u00e9rise par son traitement cordial et son esprit de service.<\/p>\n<p>Chez <a href=\"https:\/\/www.ebinmospain.com\/fr\/\">EB INMO SPAIN<\/a>, nous aimerons vous montrer toutes les possibilit\u00e9s et options que nous avons \u00e0 votre disposition.&nbsp;<br \/>Nous sommes convaincus que vous trouverez ce que vous cherchez.<\/p>\n<p>L&#8217;objectif principal de notre soci\u00e9t\u00e9 est sans aucun doute de pouvoir satisfaire tous les besoins de nos clients.<\/p>\n<p><strong>Les services <\/strong><\/p>\n<p>Notre soci\u00e9t\u00e9 poss\u00e8de une vaste exp\u00e9rience dans la fourniture d&#8217;une large gamme de services et de solutions innovantes \u00e0 des clients aux budgets diff\u00e9rents. Que vous souhaitiez que l&#8217;un de nos agents vous rende visite ou que vous pr\u00e9f\u00e9riez vous rendre \u00e0 nos bureaux, notre \u00e9quipe se fera un plaisir de vous accueillir:<\/p>\n<ul class=\"wp-block-list\">\n<li>Vente de nouvelles propri\u00e9t\u00e9s<\/li>\n<li>Vente de seconde main<\/li>\n<li>R\u00e9novations<\/li>\n<li>Suivi des travaux <\/li>\n<li>Accompagnement administratif complet<\/li>\n<\/ul>\n<figure class=\"wp-block-image size-large\"><img decoding=\"async\" src=\"https:\/\/immo.lecourrier.es\/wp-content\/uploads\/2024\/04\/Capture-decran-2023-05-11-a-13.18.09-1024x415.png\"><\/figure>\n<div class=\"wp-block-image\">\n<figure class=\"alignleft size-large is-resized\"><img decoding=\"async\" src=\"https:\/\/immo.lecourrier.es\/wp-content\/uploads\/2024\/04\/o_1dfghpvn7jbi1fnrdhns0m1um0c-1-797x1024.jpg\"><\/figure>\n<\/div>\n<p>Contact: <br \/><strong>Emilie Biard<\/strong><br \/>Manager <br \/>info@ebinmospain.com<br \/>+34 634 367 280<br \/><a href=\"https:\/\/www.ebinmospain.com\/fr\/\">https:\/\/www.ebinmospain.com\/fr\/<\/a><\/p>\n<figure class=\"wp-block-image size-full is-resized\"><img decoding=\"async\" src=\"https:\/\/immo.lecourrier.es\/wp-content\/uploads\/2024\/04\/no-image.jpg\"><\/figure>\n<p><\/span><\/span><\/p>\n","protected":false},"excerpt":{"rendered":"<p>EB INMO SPAIN est une marque de confiance \u00e0 votre service et une entreprise de prestige reconnue dans le secteur immobilier de la Costa Blanca en Espagne. Nous sommes \u00e0 votre disposition, car nous prenons le temps d&#8217;analyser vos besoins et d&#8217;y r\u00e9pondre. Nous ne travaillons pas seulement pour nous. Nous travaillons principalement pour vous [&hellip;]<\/p>\n","protected":false},"author":13,"featured_media":23840,"comment_status":"open","ping_status":"closed","sticky":false,"template":"","format":"standard","meta":{"om_disable_all_campaigns":false,"_monsterinsights_skip_tracking":false,"_monsterinsights_sitenote_active":false,"_monsterinsights_sitenote_note":"","_monsterinsights_sitenote_category":0,"_uf_show_specific_survey":0,"_uf_disable_surveys":false,"footnotes":""},"categories":[4454],"tags":[],"class_list":["post-68955","post","type-post","status-publish","format-standard","has-post-thumbnail","hentry","category-prestataires"],"acf":[],"_links":{"self":[{"href":"https:\/\/immo.lecourrier.es\/index.php\/wp-json\/wp\/v2\/posts\/68955","targetHints":{"allow":["GET"]}}],"collection":[{"href":"https:\/\/immo.lecourrier.es\/index.php\/wp-json\/wp\/v2\/posts"}],"about":[{"href":"https:\/\/immo.lecourrier.es\/index.php\/wp-json\/wp\/v2\/types\/post"}],"author":[{"embeddable":true,"href":"https:\/\/immo.lecourrier.es\/index.php\/wp-json\/wp\/v2\/users\/13"}],"replies":[{"embeddable":true,"href":"https:\/\/immo.lecourrier.es\/index.php\/wp-json\/wp\/v2\/comments?post=68955"}],"version-history":[{"count":0,"href":"https:\/\/immo.lecourrier.es\/index.php\/wp-json\/wp\/v2\/posts\/68955\/revisions"}],"wp:featuredmedia":[{"embeddable":true,"href":"https:\/\/immo.lecourrier.es\/index.php\/wp-json\/wp\/v2\/media\/23840"}],"wp:attachment":[{"href":"https:\/\/immo.lecourrier.es\/index.php\/wp-json\/wp\/v2\/media?parent=68955"}],"wp:term":[{"taxonomy":"category","embeddable":true,"href":"https:\/\/immo.lecourrier.es\/index.php\/wp-json\/wp\/v2\/categories?post=68955"},{"taxonomy":"post_tag","embeddable":true,"href":"https:\/\/immo.lecourrier.es\/index.php\/wp-json\/wp\/v2\/tags?post=68955"}],"curies":[{"name":"wp","href":"https:\/\/api.w.org\/{rel}","templated":true}]}}