{"id":68882,"date":"2026-03-08T17:20:28","date_gmt":"2026-03-08T17:20:28","guid":{"rendered":"https:\/\/immo.lecourrier.es\/index.php\/2026\/03\/08\/menina-groupe-immobilier-agence-francophone-daltea-et-ses-environs-2\/"},"modified":"2026-04-25T00:37:00","modified_gmt":"2026-04-25T00:37:00","slug":"menina-groupe-immobilier-agence-francophone-daltea-et-ses-environs-2","status":"publish","type":"post","link":"https:\/\/immo.lecourrier.es\/index.php\/2026\/03\/08\/menina-groupe-immobilier-agence-francophone-daltea-et-ses-environs-2\/","title":{"rendered":"Menina Groupe Immobilier: agence francophone d&#8217;Altea et ses environs"},"content":{"rendered":"<p><span dir=\"auto\" style=\"vertical-align: inherit\"><span dir=\"auto\" style=\"vertical-align: inherit\"><\/p>\n<h2 class=\"wp-block-heading\"><a href=\"https:\/\/meninagroup.com\/fr\/\"><strong>Menina<\/strong>&nbsp;Groupe Immobilier<\/a><\/h2>\n<h3 class=\"wp-block-heading\"><strong><a href=\"https:\/\/meninagroup.com\/fr\/\">Notre entreprise<\/a><\/strong>&nbsp;est compos\u00e9e d&#8217;une \u00e9quipe professionnelle jeune et dynamique avec un objectif commun : Satisfaire les exigences de nos Clients.<\/h3>\n<p>Le but de la soci\u00e9t\u00e9 est&nbsp;: la promotion, l&#8217;achat, la vente et la construction de toutes sortes de biens immobiliers urbains et rustiques.<\/p>\n<p>Une agence aux id\u00e9es innovantes et des professionnels experts et dynamiques.<\/p>\n<p>Nous avons une large offre immobili\u00e8re de maisons neuves et d&#8217;occasion, de chalets et de fincas dans toute la province, des locations et des transferts, le tout avec les meilleures garanties \u00e9conomiques du march\u00e9 et, si vous avez besoin d&#8217;un pr\u00eat hypoth\u00e9caire, nous vous accompagnons et vous conseillons vous sur la gestion de celui-ci.<\/p>\n<figure class=\"wp-block-image size-full\"><img decoding=\"async\" src=\"https:\/\/immo.lecourrier.es\/wp-content\/uploads\/2026\/03\/Capture-decran-2023-05-26-a-12.49.04-scaled.jpg\"><\/figure>\n<\/p>\n<p>Exemples de propri\u00e9t\u00e9s:<\/p>\n<figure class=\"wp-block-image size-large\"><img decoding=\"async\" src=\"https:\/\/immo.lecourrier.es\/wp-content\/uploads\/2026\/03\/Capture-decran-2023-05-26-a-12.58.58-scaled.jpg\"><\/figure>\n<figure class=\"wp-block-image size-full\"><img decoding=\"async\" src=\"https:\/\/immo.lecourrier.es\/wp-content\/uploads\/2026\/03\/Capture-decran-2023-05-26-a-12.58.48-1-scaled.jpg\"><\/figure>\n<figure class=\"wp-block-image size-large\"><img decoding=\"async\" src=\"https:\/\/immo.lecourrier.es\/wp-content\/uploads\/2026\/03\/Capture-decran-2023-05-26-a-13.02.06-scaled.jpg\"><\/figure>\n<h2 class=\"wp-block-heading\"><\/h2>\n<\/p>\n<p>CONTACT<\/p>\n<div class=\"wp-block-media-text alignwide is-stacked-on-mobile\">\n<figure class=\"wp-block-media-text__media\"><img decoding=\"async\" src=\"https:\/\/immo.lecourrier.es\/wp-content\/uploads\/2024\/04\/o_1gtq9k3nh7grsup6c81htr115cc-1.jpg\"><\/figure>\n<div class=\"wp-block-media-text__content\">\n<p>Menina Group, avec&nbsp;<strong>Isabel Torres<\/strong>&nbsp;\u00e0 la t\u00eate de ce groupe, offre un service complet. Une fois les besoins analys\u00e9s, les options pr\u00e9sent\u00e9es et l&#8217;achat d\u00e9cid\u00e9, nous nous occupons de toute la gestion n\u00e9cessaire aupr\u00e8s des organismes publics et priv\u00e9s. Nous intervenons dans les proc\u00e9dures hypoth\u00e9caires lorsque le cas se pr\u00e9sente, car nous collaborons avec des institutions financi\u00e8res sp\u00e9cialis\u00e9es non seulement sur le march\u00e9 hypoth\u00e9caire national mais aussi pour les non-r\u00e9sidents.<\/p>\n<p>Lorsque la maison achet\u00e9e n\u00e9cessite une r\u00e9forme, une modification ou une transformation, notre \u00e9quipe professionnelle d&#8217;architecture ext\u00e9rieure et int\u00e9rieure ainsi que de construction se met au travail, une fois de plus en s&#8217;occupant des besoins et des budgets. Toujours avec un calendrier s\u00e9rieux, une optimisation des budgets et une r\u00e9alisation cl\u00e9 en main dans le d\u00e9lai \u00e9tabli.<\/p>\n<\/div>\n<\/div>\n<p><strong>BUREAU PRINCIPAL ESPAGNE<\/strong><\/p>\n<p>Calle a Llargues, 14 &#8211; Local 3 &#8211; 03590 Altea, Alicante (Espa\u00f1a)<br \/><a href=\"tel:+34 622 731 070\">+34 622 731 070<\/a>&nbsp;\/\/&nbsp;<a href=\"mailto:info@meninagroup.com\">info@meninagroup.com<\/a><\/p>\n<p><strong>Bureau de Madrid<\/strong><\/p>\n<p>Calle Escalonia 15, portal 10, 2-C<br \/>28231 LAS ROZAS DE MADRID<\/p>\n<p><strong>Consultant en Benelux +32 (0) 476 \/ 23 69 78 <\/strong><\/p>\n<p><strong>valerie@meninagroup.com<\/strong><\/p>\n<figure class=\"wp-block-image size-full is-resized\"><img decoding=\"async\" src=\"https:\/\/immo.lecourrier.es\/wp-content\/uploads\/2024\/04\/Capture-decran-2023-05-26-a-13.09.37-1.jpg\"><\/figure>\n<p><\/span><\/span><\/p>\n","protected":false},"excerpt":{"rendered":"<p>Menina&nbsp;Groupe Immobilier Notre entreprise&nbsp;est compos\u00e9e d&#8217;une \u00e9quipe professionnelle jeune et dynamique avec un objectif commun : Satisfaire les exigences de nos Clients. Le but de la soci\u00e9t\u00e9 est&nbsp;: la promotion, l&#8217;achat, la vente et la construction de toutes sortes de biens immobiliers urbains et rustiques. Une agence aux id\u00e9es innovantes et des professionnels experts et [&hellip;]<\/p>\n","protected":false},"author":13,"featured_media":30952,"comment_status":"open","ping_status":"closed","sticky":false,"template":"","format":"standard","meta":{"om_disable_all_campaigns":false,"_monsterinsights_skip_tracking":false,"_monsterinsights_sitenote_active":false,"_monsterinsights_sitenote_note":"","_monsterinsights_sitenote_category":0,"_uf_show_specific_survey":0,"_uf_disable_surveys":false,"footnotes":""},"categories":[4454],"tags":[],"class_list":["post-68882","post","type-post","status-publish","format-standard","has-post-thumbnail","hentry","category-prestataires"],"acf":[],"_links":{"self":[{"href":"https:\/\/immo.lecourrier.es\/index.php\/wp-json\/wp\/v2\/posts\/68882","targetHints":{"allow":["GET"]}}],"collection":[{"href":"https:\/\/immo.lecourrier.es\/index.php\/wp-json\/wp\/v2\/posts"}],"about":[{"href":"https:\/\/immo.lecourrier.es\/index.php\/wp-json\/wp\/v2\/types\/post"}],"author":[{"embeddable":true,"href":"https:\/\/immo.lecourrier.es\/index.php\/wp-json\/wp\/v2\/users\/13"}],"replies":[{"embeddable":true,"href":"https:\/\/immo.lecourrier.es\/index.php\/wp-json\/wp\/v2\/comments?post=68882"}],"version-history":[{"count":0,"href":"https:\/\/immo.lecourrier.es\/index.php\/wp-json\/wp\/v2\/posts\/68882\/revisions"}],"wp:featuredmedia":[{"embeddable":true,"href":"https:\/\/immo.lecourrier.es\/index.php\/wp-json\/wp\/v2\/media\/30952"}],"wp:attachment":[{"href":"https:\/\/immo.lecourrier.es\/index.php\/wp-json\/wp\/v2\/media?parent=68882"}],"wp:term":[{"taxonomy":"category","embeddable":true,"href":"https:\/\/immo.lecourrier.es\/index.php\/wp-json\/wp\/v2\/categories?post=68882"},{"taxonomy":"post_tag","embeddable":true,"href":"https:\/\/immo.lecourrier.es\/index.php\/wp-json\/wp\/v2\/tags?post=68882"}],"curies":[{"name":"wp","href":"https:\/\/api.w.org\/{rel}","templated":true}]}}