{"id":68865,"date":"2026-03-08T17:06:08","date_gmt":"2026-03-08T17:06:08","guid":{"rendered":"https:\/\/immo.lecourrier.es\/index.php\/2026\/03\/08\/habitat-affecte-31-millions-deuros-a-un-projet-de-69-logements-a-seville-2\/"},"modified":"2026-04-25T00:21:38","modified_gmt":"2026-04-25T00:21:38","slug":"habitat-affecte-31-millions-deuros-a-un-projet-de-69-logements-a-seville-2","status":"publish","type":"post","link":"https:\/\/immo.lecourrier.es\/index.php\/2026\/03\/08\/habitat-affecte-31-millions-deuros-a-un-projet-de-69-logements-a-seville-2\/","title":{"rendered":"Habitat affecte 31 millions d&#8217;euros \u00e0 un projet de 69 logements \u00e0 S\u00e9ville"},"content":{"rendered":"<p><span dir=\"auto\" style=\"vertical-align: inherit\"><span dir=\"auto\" style=\"vertical-align: inherit\"><\/p>\n<p><em>Le promoteur a lanc\u00e9 Habitat Italica, situ\u00e9 dans le quartier de Triana. Le projet, qui sera construit dans la zone o\u00f9 se trouve la tour Mapfre, comprendra des espaces communs avec une piscine, une salle de sport et une salle communautaire.<\/em><\/p>\n<p>Habitat pr\u00e9sente l&#8217;un de ses projets les plus embl\u00e9matiques \u00e0 S\u00e9ville. Le promoteur Bain Capital a lanc\u00e9 Habitat It\u00e1lica, un projet de 69 logements dans la capitale andalouse, qui sera situ\u00e9 dans le quartier de Triana, dans la zone adjacente \u00e0 la tour Mapfre. <strong>La soci\u00e9t\u00e9 investira 31 millions d&#8217;euros dans le projet<\/strong>, selon un communiqu\u00e9 de presse publi\u00e9 par la soci\u00e9t\u00e9.<\/p>\n<p>Le projet, con\u00e7u par le studio Orfila 11 Arquitectos, est situ\u00e9 dans l&#8217;une des zones les plus embl\u00e9matiques de la capitale s\u00e9villane, \u00e0 5 minutes du centre commercial Torre Sevilla. &#8220;Ce lancement renforce notre pr\u00e9sence dans la province de S\u00e9ville, o\u00f9 nous avons<strong> actuellement environ 900 logements en cours de d\u00e9veloppement<\/strong>&#8220;, d\u00e9clare Joaqu\u00edn Mart\u00edn Rodr\u00edguez, directeur r\u00e9gional d&#8217;Habitat Inmobiliaria pour l&#8217;Andalousie occidentale.<\/p>\n<p><strong>Habitat Inmobiliaria a cl\u00f4tur\u00e9 l&#8217;ann\u00e9e derni\u00e8re avec un b\u00e9n\u00e9fice net de 14,3 millions d&#8217;euros<\/strong>, ce qui repr\u00e9sente une croissance de 24% par rapport \u00e0 2021. L&#8217;exc\u00e9dent brut d&#8217;exploitation (ebitda) de la soci\u00e9t\u00e9 a atteint 12,6 millions d&#8217;euros, soit une augmentation de 13,5%, selon un communiqu\u00e9 envoy\u00e9 par le groupe.<\/p>\n<p>Le promoteur a obtenu ces r\u00e9sultats gr\u00e2ce aux plus de 800 logements livr\u00e9s tout au long de l&#8217;ann\u00e9e, soit 10% de plus qu&#8217;en 2021, et qui lui ont permis d&#8217;obtenir un chiffre d&#8217;affaires de 203 millions d&#8217;euros \u00e0 la fin de l&#8217;ann\u00e9e. En ce sens, Habitat Inmobiliaria pr\u00e9voit de maintenir une \u00e9volution positive de son activit\u00e9 en 2023, <strong>en augmentant les livraisons de pr\u00e8s de 40% par rapport \u00e0 l&#8217;ann\u00e9e derni\u00e8re<\/strong>.<\/p>\n<p><strong>Habitat Inmobiliaria a cl\u00f4tur\u00e9 l&#8217;ann\u00e9e derni\u00e8re avec un b\u00e9n\u00e9fice net de 14,3 millions d&#8217;euros.<\/strong><\/p>\n<p>En outre, le promoteur a atteint le chiffre de 2.231 pr\u00e9ventes cumul\u00e9es d&#8217;une valeur de 612 millions d&#8217;euros en 2022. En fait, selon les chiffres actuels, la soci\u00e9t\u00e9 a d\u00e9j\u00e0 vendu plus de 90% des logements \u00e0 livrer en 2023, plus de 70% de ceux \u00e0 livrer en 2024 et pr\u00e8s de 40% de ceux pr\u00e9vus pour 2025.<\/p>\n<p><strong>La soci\u00e9t\u00e9 a lanc\u00e9 plus d&#8217;un millier de logements dans 16 d\u00e9veloppements en 2022<\/strong>, accumulant environ 4.000 logements dans plus de 45 d\u00e9veloppements sur le march\u00e9 \u00e0 la fin de l&#8217;ann\u00e9e, dont plus de 2.000 unit\u00e9s sont d\u00e9j\u00e0 en cours de construction.<\/p>\n<p>Fort d&#8217;une grande exp\u00e9rience dans le secteur et de plus de 60.000 logements livr\u00e9s, Habitat a son si\u00e8ge \u00e0 Madrid et des bureaux \u00e0 Barcelone, S\u00e9ville, Malaga, Valence, Vigo et Las Palmas de Gran Canaria. La soci\u00e9t\u00e9 immobili\u00e8re, contr\u00f4l\u00e9e par le groupe am\u00e9ricain Bain Capital, dispose de l&#8217;une des plus grandes banques de terrains de qualit\u00e9 sur le march\u00e9 et d&#8217;environ 4.000 logements dans plus de 45 d\u00e9veloppements en cours de commercialisation.<\/p>\n<p><\/span><\/span><\/p>\n","protected":false},"excerpt":{"rendered":"<p>Le promoteur a lanc\u00e9 Habitat Italica, situ\u00e9 dans le quartier de Triana. Le projet, qui sera construit dans la zone o\u00f9 se trouve la tour Mapfre, comprendra des espaces communs avec une piscine, une salle de sport et une salle communautaire. Habitat pr\u00e9sente l&#8217;un de ses projets les plus embl\u00e9matiques \u00e0 S\u00e9ville. Le promoteur Bain [&hellip;]<\/p>\n","protected":false},"author":13,"featured_media":23504,"comment_status":"open","ping_status":"closed","sticky":false,"template":"","format":"standard","meta":{"om_disable_all_campaigns":false,"_monsterinsights_skip_tracking":false,"_monsterinsights_sitenote_active":false,"_monsterinsights_sitenote_note":"","_monsterinsights_sitenote_category":0,"_uf_show_specific_survey":0,"_uf_disable_surveys":false,"footnotes":""},"categories":[212,4506],"tags":[],"class_list":["post-68865","post","type-post","status-publish","format-standard","has-post-thumbnail","hentry","category-breaking-news","category-projets-immo"],"acf":[],"_links":{"self":[{"href":"https:\/\/immo.lecourrier.es\/index.php\/wp-json\/wp\/v2\/posts\/68865","targetHints":{"allow":["GET"]}}],"collection":[{"href":"https:\/\/immo.lecourrier.es\/index.php\/wp-json\/wp\/v2\/posts"}],"about":[{"href":"https:\/\/immo.lecourrier.es\/index.php\/wp-json\/wp\/v2\/types\/post"}],"author":[{"embeddable":true,"href":"https:\/\/immo.lecourrier.es\/index.php\/wp-json\/wp\/v2\/users\/13"}],"replies":[{"embeddable":true,"href":"https:\/\/immo.lecourrier.es\/index.php\/wp-json\/wp\/v2\/comments?post=68865"}],"version-history":[{"count":0,"href":"https:\/\/immo.lecourrier.es\/index.php\/wp-json\/wp\/v2\/posts\/68865\/revisions"}],"wp:featuredmedia":[{"embeddable":true,"href":"https:\/\/immo.lecourrier.es\/index.php\/wp-json\/wp\/v2\/media\/23504"}],"wp:attachment":[{"href":"https:\/\/immo.lecourrier.es\/index.php\/wp-json\/wp\/v2\/media?parent=68865"}],"wp:term":[{"taxonomy":"category","embeddable":true,"href":"https:\/\/immo.lecourrier.es\/index.php\/wp-json\/wp\/v2\/categories?post=68865"},{"taxonomy":"post_tag","embeddable":true,"href":"https:\/\/immo.lecourrier.es\/index.php\/wp-json\/wp\/v2\/tags?post=68865"}],"curies":[{"name":"wp","href":"https:\/\/api.w.org\/{rel}","templated":true}]}}